{"id":93922,"date":"2025-05-12T09:52:11","date_gmt":"2025-05-12T09:52:11","guid":{"rendered":"https:\/\/www.europesays.com\/fr\/93922\/"},"modified":"2025-05-12T09:52:11","modified_gmt":"2025-05-12T09:52:11","slug":"cannes-j-1-monica-bellucci-toute-en-transparence-ne-peut-retenir-la-sortie-fougueuse-dun-de-ses-tetons-photos","status":"publish","type":"post","link":"https:\/\/www.europesays.com\/fr\/93922\/","title":{"rendered":"CANNES J-1. Monica Bellucci toute en transparence ne peut retenir la sortie fougueuse d&rsquo;un de ses t\u00e9tons (Photos)"},"content":{"rendered":"<p class=\"\" data-start=\"358\" data-end=\"755\">Que serait le <a href=\"https:\/\/www.closermag.fr\/tag\/festival-de-cannes\" target=\"_blank\" rel=\"noopener\">Festival de<br \/>\nCannes<\/a> sans <a href=\"https:\/\/www.closermag.fr\/bio-people\/biographie-monica-bellucci-112080\" target=\"_blank\" rel=\"noopener\"><br \/>\nMonica Bellucci<\/a> ? Figure incontournable de la grand-messe du<br \/>\ncin\u00e9ma, l\u2019actrice italienne l\u2019\u00e9lectrise depuis de longues ann\u00e9es\u2026<br \/>\nEt elle a eu l\u2019honneur d\u2019ouvrir la 70e \u00e9dition. Ma\u00eetresse de<br \/>\nc\u00e9r\u00e9monie en 2017, Monica Bellucci a marqu\u00e9 les esprits par sa<br \/>\nprestance, son discours engag\u00e9 et surtout\u2026 <strong>une tenue qui a<br \/>\nsuscit\u00e9 de nombreux commentaires<\/strong>. Et pour cause !<\/p>\n<p class=\"\" data-start=\"757\" data-end=\"1173\">Pour cette occasion,<br \/>\nl\u2019actrice arborait une robe longue en tulle pliss\u00e9, cr\u00e9ation de la<br \/>\nmaison Dior Haute Couture. Le mod\u00e8le, alliant les teintes marine et<br \/>\nnoire, jouait sur les transparences, d\u00e9voilant subtilement les<br \/>\ncourbes de Monica Bellucci. Cette robe, n\u00e9cessitant plus de 200<br \/>\nheures de travail et l\u2019utilisation de 50 m\u00e8tres de tissu, a \u00e9t\u00e9<br \/>\nsalu\u00e9e pour son \u00e9l\u00e9gance et sa modernit\u00e9. Mais aussi <strong>pour<br \/>\nsa transparence<\/strong> !<\/p>\n<p>Un sein qui se fait la<br \/>\nmalle<\/p>\n<p class=\"\" data-start=\"1175\" data-end=\"1598\">Le bustier, finement<br \/>\ndrap\u00e9, a en effet jou\u00e9 des tours \u00e0 Monica Bellucci. Alors qu\u2019elle<br \/>\n\u00e9tait sur la sc\u00e8ne du Palais des Festivals, l\u2019actrice n\u2019a pas<br \/>\nremarqu\u00e9 qu\u2019un de <a href=\"https:\/\/www.telestar.fr\/actu-tv\/festival-cannes\/festival-de-cannes-monica-bellucci-opte-pour-une-robe-transparente-280283\" target=\"_blank\" rel=\"noopener\"><br \/>\nses t\u00e9tons<\/a> s\u2019\u00e9tait fait la malle ! Qu\u2019\u00e0 cela ne tienne, la<br \/>\nmaman de Deva Cassel n\u2019a pas sembl\u00e9 g\u00ean\u00e9e par cet accident<br \/>\nvestimentaire qui a \u00e9t\u00e9 diffus\u00e9 dans le monde entier. Et c\u2019est<br \/>\n<strong>avec professionnalisme (et un sein \u00e0 l\u2019air) qu\u2019elle a<br \/>\nouvert cette \u00e9dition.<\/strong><\/p>\n<p class=\"\" data-start=\"1600\" data-end=\"1996\">Monica Bellucci a<br \/>\ncompl\u00e9t\u00e9 sa tenue du soir avec un collier en diamants sign\u00e9<br \/>\nCartier. Au-del\u00e0 de sa tenue, la com\u00e9dienne a captiv\u00e9 l\u2019auditoire<br \/>\npar <strong>un discours po\u00e9tique<\/strong>, comparant le Festival de<br \/>\nCannes \u00e0 une femme dont la maturit\u00e9 renforce la cr\u00e9ativit\u00e9. Elle a<br \/>\nsoulign\u00e9 que \u00ab\u00a0l\u2019identit\u00e9 du cin\u00e9ma n\u2019a ni sexe, ni drapeau, ni<br \/>\nfronti\u00e8re\u00a0\u00bb, mettant en avant l\u2019universalit\u00e9 de l\u2019art<br \/>\ncin\u00e9matographique.<\/p>\n<p>Monica Bellucci : son baiser passionn\u00e9 avec un autre acteur<\/p>\n<p class=\"\" data-start=\"1998\" data-end=\"2357\">La c\u00e9r\u00e9monie<br \/>\nd\u2019ouverture de ce Festival de Cannes a \u00e9galement \u00e9t\u00e9 marqu\u00e9e par<br \/>\nune performance artistique o\u00f9 Monica Bellucci a partag\u00e9 la sc\u00e8ne<br \/>\navec le com\u00e9dien Alex Lutz. Entre humour et sensualit\u00e9, les deux<br \/>\nartistes ont dans\u00e9 sur Piensa<br \/>\nen m\u00ed, concluant leur num\u00e9ro par un baiser passionn\u00e9 ! Et<br \/>\nencore une fois, <strong>la temp\u00e9rature est mont\u00e9e d\u2019un cran \u00e0<br \/>\nCannes<\/strong>.<\/p>\n<p class=\"\" data-start=\"2359\" data-end=\"2786\">Monica Bellucci n\u2019en<br \/>\n\u00e9tait pas \u00e0 sa premi\u00e8re participation au Festival de Cannes. Depuis<br \/>\nsa premi\u00e8re mont\u00e9e des marches en 2000 pour le film Suspicion, elle a r\u00e9guli\u00e8rement honor\u00e9<br \/>\nde sa pr\u00e9sence la Croisette, notamment en tant que membre du jury<br \/>\nen 2006 sous la pr\u00e9sidence de Wong Kar-wai. Son retour en 2017 en<br \/>\ntant que ma\u00eetresse de c\u00e9r\u00e9monie a \u00e9t\u00e9 per\u00e7u comme un hommage \u00e0 sa<br \/>\ncarri\u00e8re et \u00e0 son lien \u00e9troit avec le Festival.<\/p>\n<p>Diaporama<br \/>\n<img decoding=\"async\" class=\"diapo_img img-responsive lazy-load\" loading=\"lazy\" src=\"https:\/\/www.europesays.com\/fr\/wp-content\/uploads\/2025\/05\/bestimage_00336002_000032-607x410.jpg\"\/><\/p>\n<p>Borde-Jacovides-Moreau \/<br \/>\nBestimage<\/p>\n<p>1\/5 Monica Bellucci a ouvert la 70e \u00e9dition<br \/>\ndu festival de Cannes<\/p>\n<p>Monica Bellucci \u00e9tait la ma\u00eetresse de c\u00e9r\u00e9monie du Festival de<br \/>\nCannes en 2017<\/p>\n<p><img decoding=\"async\" class=\"diapo_img img-responsive lazy-load\" loading=\"lazy\" src=\"https:\/\/www.europesays.com\/fr\/wp-content\/uploads\/2025\/05\/bestimage_00336001_000002-615x410.jpg\"\/><\/p>\n<p>Borde-Jacovides-Moreau \/<br \/>\nBestimage<\/p>\n<p>2\/5 Monica Bellucci \u00e9tait magnifique dans sa<br \/>\ntenue<\/p>\n<p>Monica Bellucci \u00e9tait v\u00eatue d&rsquo;une sublime robe sign\u00e9e Dior<\/p>\n<p><img decoding=\"async\" class=\"diapo_img img-responsive lazy-load\" loading=\"lazy\" src=\"https:\/\/www.europesays.com\/fr\/wp-content\/uploads\/2025\/05\/bestimage_00336002_000031-269x410.jpg\"\/><\/p>\n<p>Borde-Jacovides-Moreau \/<br \/>\nBestimage<\/p>\n<p>3\/5 Monica Bellucci a jou\u00e9 la carte du<br \/>\nsexy<\/p>\n<p>Sur sc\u00e8ne, Monica Bellucci a v\u00e9cu un f\u00e2cheux incident<br \/>\nvestimentaire<\/p>\n<p><img decoding=\"async\" class=\"diapo_img img-responsive lazy-load\" loading=\"lazy\" src=\"https:\/\/www.europesays.com\/fr\/wp-content\/uploads\/2025\/05\/bestimage_00336002_000033-602x410.jpg\"\/><\/p>\n<p>Borde-Jacovides-Moreau \/<br \/>\nBestimage<\/p>\n<p>4\/5 Monica Bellucci a fait sensation !<\/p>\n<p>Monica Bellucci n&rsquo;a pas vu qu&rsquo;une de ses t\u00e9tons \u00e9tait visible \u00e0<br \/>\ntravers son bustier transparent<\/p>\n<p><img decoding=\"async\" class=\"diapo_img img-responsive lazy-load\" loading=\"lazy\" src=\"https:\/\/www.europesays.com\/fr\/wp-content\/uploads\/2025\/05\/bestimage_00336002_000042-612x410.jpg\"\/><\/p>\n<p>Borde-Jacovides-Moreau \/<br \/>\nBestimage<\/p>\n<p>5\/5 Monica Bellucci a surpris tout le monde<br \/>\n!<\/p>\n<p>Monica Bellucci a fait grimper la temp\u00e9rature en embrassant Alex<br \/>\nLutz !<\/p>\n","protected":false},"excerpt":{"rendered":"Que serait le Festival de Cannes sans Monica Bellucci ? Figure incontournable de la grand-messe du cin\u00e9ma, l\u2019actrice&hellip;\n","protected":false},"author":2,"featured_media":93923,"comment_status":"","ping_status":"","sticky":false,"template":"","format":"standard","meta":{"footnotes":""},"categories":[1359],"tags":[58,59,5634,1011,27,1638,20642,973,15457],"class_list":{"0":"post-93922","1":"post","2":"type-post","3":"status-publish","4":"format-standard","5":"has-post-thumbnail","7":"category-people","8":"tag-divertissement","9":"tag-entertainment","10":"tag-festival-de-cannes","11":"tag-fr","12":"tag-france","13":"tag-has_diapo","14":"tag-monica-bellucci","15":"tag-people","16":"tag-sexy"},"share_on_mastodon":{"url":"https:\/\/pubeurope.com\/@fr\/114494252290683112","error":""},"_links":{"self":[{"href":"https:\/\/www.europesays.com\/fr\/wp-json\/wp\/v2\/posts\/93922","targetHints":{"allow":["GET"]}}],"collection":[{"href":"https:\/\/www.europesays.com\/fr\/wp-json\/wp\/v2\/posts"}],"about":[{"href":"https:\/\/www.europesays.com\/fr\/wp-json\/wp\/v2\/types\/post"}],"author":[{"embeddable":true,"href":"https:\/\/www.europesays.com\/fr\/wp-json\/wp\/v2\/users\/2"}],"replies":[{"embeddable":true,"href":"https:\/\/www.europesays.com\/fr\/wp-json\/wp\/v2\/comments?post=93922"}],"version-history":[{"count":0,"href":"https:\/\/www.europesays.com\/fr\/wp-json\/wp\/v2\/posts\/93922\/revisions"}],"wp:featuredmedia":[{"embeddable":true,"href":"https:\/\/www.europesays.com\/fr\/wp-json\/wp\/v2\/media\/93923"}],"wp:attachment":[{"href":"https:\/\/www.europesays.com\/fr\/wp-json\/wp\/v2\/media?parent=93922"}],"wp:term":[{"taxonomy":"category","embeddable":true,"href":"https:\/\/www.europesays.com\/fr\/wp-json\/wp\/v2\/categories?post=93922"},{"taxonomy":"post_tag","embeddable":true,"href":"https:\/\/www.europesays.com\/fr\/wp-json\/wp\/v2\/tags?post=93922"}],"curies":[{"name":"wp","href":"https:\/\/api.w.org\/{rel}","templated":true}]}}