{"id":93924,"date":"2025-05-12T09:53:13","date_gmt":"2025-05-12T09:53:13","guid":{"rendered":"https:\/\/www.europesays.com\/fr\/93924\/"},"modified":"2025-05-12T09:53:13","modified_gmt":"2025-05-12T09:53:13","slug":"peinture-vin-confiseries-avec-lannee-cezanne-a-aix-le-peintre-a-sa-palette-de-produits-derives","status":"publish","type":"post","link":"https:\/\/www.europesays.com\/fr\/93924\/","title":{"rendered":"Peinture, vin, confiseries&#8230; avec l&rsquo;ann\u00e9e Cezanne \u00e0 Aix, le peintre a sa palette de produits d\u00e9riv\u00e9s"},"content":{"rendered":"<p>Paul Cezanne reste le meilleur ambassadeur de la ville d&rsquo;Aix. L&rsquo;office de tourisme d&rsquo;Aix l&rsquo;a bien compris, et, dans le cadre de l&rsquo;ann\u00e9e\u00a02025, avec <a href=\"https:\/\/www.laprovence.com\/article\/region\/26447650566496\/a-qui-va-profiter-lexposition-cezanne-au-musee-granet-daix-en-provence\" target=\"_blank\" rel=\"nofollow noopener\">l&rsquo;exposition de calibre international au mus\u00e9e Granet<\/a> cet \u00e9t\u00e9 et la r\u00e9novation du patrimoine cezannien de la ville, il a lanc\u00e9 une d\u00e9marche visant \u00e0 impliquer les entreprises locales, \u00e0 travers l&rsquo;exploitation des licences de marque d\u00e9pos\u00e9e \u00ab\u00a0Cezanne 2025\u00a0\u00bb et \u00ab\u00a0Cezanne chez lui\u00a0\u00bb.<\/p>\n","protected":false},"excerpt":{"rendered":"Paul Cezanne reste le meilleur ambassadeur de la ville d&rsquo;Aix. L&rsquo;office de tourisme d&rsquo;Aix l&rsquo;a bien compris, et,&hellip;\n","protected":false},"author":2,"featured_media":93925,"comment_status":"","ping_status":"","sticky":false,"template":"","format":"standard","meta":{"footnotes":""},"categories":[1358],"tags":[17,2835,1348,1384,1385,3396,5649,20643,1386,58,33,59,1011,27,20644,1585,1662],"class_list":{"0":"post-93924","1":"post","2":"type-post","3":"status-publish","4":"format-standard","5":"has-post-thumbnail","7":"category-arts-et-design","8":"tag-17","9":"tag-aix","10":"tag-arts","11":"tag-arts-and-design","12":"tag-arts-et-design","13":"tag-avec","14":"tag-cezanne","15":"tag-confiseries","16":"tag-design","17":"tag-divertissement","18":"tag-economie","19":"tag-entertainment","20":"tag-fr","21":"tag-france","22":"tag-lannee","23":"tag-peinture","24":"tag-vin"},"share_on_mastodon":{"url":"https:\/\/pubeurope.com\/@fr\/114494256152303134","error":""},"_links":{"self":[{"href":"https:\/\/www.europesays.com\/fr\/wp-json\/wp\/v2\/posts\/93924","targetHints":{"allow":["GET"]}}],"collection":[{"href":"https:\/\/www.europesays.com\/fr\/wp-json\/wp\/v2\/posts"}],"about":[{"href":"https:\/\/www.europesays.com\/fr\/wp-json\/wp\/v2\/types\/post"}],"author":[{"embeddable":true,"href":"https:\/\/www.europesays.com\/fr\/wp-json\/wp\/v2\/users\/2"}],"replies":[{"embeddable":true,"href":"https:\/\/www.europesays.com\/fr\/wp-json\/wp\/v2\/comments?post=93924"}],"version-history":[{"count":0,"href":"https:\/\/www.europesays.com\/fr\/wp-json\/wp\/v2\/posts\/93924\/revisions"}],"wp:featuredmedia":[{"embeddable":true,"href":"https:\/\/www.europesays.com\/fr\/wp-json\/wp\/v2\/media\/93925"}],"wp:attachment":[{"href":"https:\/\/www.europesays.com\/fr\/wp-json\/wp\/v2\/media?parent=93924"}],"wp:term":[{"taxonomy":"category","embeddable":true,"href":"https:\/\/www.europesays.com\/fr\/wp-json\/wp\/v2\/categories?post=93924"},{"taxonomy":"post_tag","embeddable":true,"href":"https:\/\/www.europesays.com\/fr\/wp-json\/wp\/v2\/tags?post=93924"}],"curies":[{"name":"wp","href":"https:\/\/api.w.org\/{rel}","templated":true}]}}