{"id":93934,"date":"2025-05-12T09:58:09","date_gmt":"2025-05-12T09:58:09","guid":{"rendered":"https:\/\/www.europesays.com\/fr\/93934\/"},"modified":"2025-05-12T09:58:09","modified_gmt":"2025-05-12T09:58:09","slug":"chikungunya-les-etats-unis-restreignent-a-leur-tour-lusage-du-vaccin-valneva-12-05-2025-a-0947","status":"publish","type":"post","link":"https:\/\/www.europesays.com\/fr\/93934\/","title":{"rendered":"Chikungunya: les Etats-Unis restreignent \u00e0 leur tour l&rsquo;usage du vaccin Valneva &#8211; 12\/05\/2025 \u00e0 09:47"},"content":{"rendered":"<p>        <img fetchpriority=\"high\" decoding=\"async\" src=\"https:\/\/www.europesays.com\/fr\/wp-content\/uploads\/2025\/05\/ffd285051075f53586d8eade79a308f4-760x506.jpg\" alt=\"Les autorit\u00e9s sanitaires am\u00e9ricaines ont suspendu l'usage du vaccin anti-chikungunya du laboratoire Valneva chez les plus \u00e2g\u00e9s, suivant l'exemple de leurs homologues fran\u00e7aises et europ\u00e9ennes  ( AFP \/ JEAN-FRANCOIS MONIER              )\" loading=\"eager\" width=\"760\" height=\"506\" style=\"max-width: 100%!important; height: auto;\"\/><\/p>\n<p class=\"c-image-news__legend\">Les autorit\u00e9s sanitaires am\u00e9ricaines ont suspendu l&rsquo;usage du vaccin anti-chikungunya du laboratoire Valneva chez les plus \u00e2g\u00e9s, suivant l&rsquo;exemple de leurs homologues fran\u00e7aises et europ\u00e9ennes  ( AFP \/ JEAN-FRANCOIS MONIER              )<\/p>\n<p>\n Les autorit\u00e9s sanitaires am\u00e9ricaines ont suspendu l&rsquo;usage du vaccin anti-chikungunya du laboratoire<br \/>\n <a href=\"https:\/\/www.boursorama.com\/cours\/1rPVLA\/\" rel=\"nofollow noopener\" target=\"_blank\"><br \/>\n  Valneva<br \/>\n <\/a><br \/>\n chez les plus \u00e2g\u00e9s, suivant l&rsquo;exemple de leurs homologues fran\u00e7aises et europ\u00e9ennes apr\u00e8s deux d\u00e9c\u00e8s suspects \u00e0 La R\u00e9union, a annonc\u00e9 lundi le groupe.\n<\/p>\n<p>\n \u00ab\u00a0L&rsquo;agence de sant\u00e9 am\u00e9ricaine Food and Drug Administration (FDA) et les centres am\u00e9ricains de contr\u00f4le et de pr\u00e9vention des maladies (CDC) ont recommand\u00e9 (&#8230;) de suspendre l&rsquo;utilisation du vaccin vivant att\u00e9nu\u00e9 \u00e0 dose unique contre le chikungunya de Valneva, Ixchiq, chez les personnes \u00e2g\u00e9es\u00a0\u00bb, a rapport\u00e9 le laboratoire franco-autrichien dans un communiqu\u00e9.\n<\/p>\n<p>\n Les autorit\u00e9s sanitaires am\u00e9ricaines ont publi\u00e9 vendredi un communiqu\u00e9 en ce sens, suivant ainsi l&rsquo;exemple de l&rsquo;Agence europ\u00e9enne du m\u00e9dicament (EMA) et du minist\u00e8re fran\u00e7ais de la Sant\u00e9, apr\u00e8s le signalement de plusieurs effets secondaires graves dans le d\u00e9partement fran\u00e7ais d&rsquo;outre-mer de la R\u00e9union, frapp\u00e9 par une importante \u00e9pid\u00e9mie.\n<\/p>\n<p>\n Ces effets incluent potentiellement deux d\u00e9c\u00e8s jug\u00e9s suspects au cours des derni\u00e8res semaines. Un octog\u00e9naire a d\u00e9velopp\u00e9 une enc\u00e9phalite, que les autorit\u00e9s fran\u00e7aises jugent tr\u00e8s probablement li\u00e9e au vaccin, et un septuag\u00e9naire a subi des complications mortelles de sa maladie de Parkinson, un d\u00e9veloppement dont le lien avec la vaccination appara\u00eet moins certain.\n<\/p>\n<p>\n Les autorit\u00e9s fran\u00e7aises et europ\u00e9ennes ont, en tout \u00e9tat de cause, suspendu la vaccination chez les plus de 65 ans. Plus strictes, leurs homologues am\u00e9ricaines le font pour tous les plus de 60 ans.\n<\/p>\n<p>\n \u00ab\u00a0Valneva continue d&rsquo;estimer que le rapport b\u00e9n\u00e9fice\/risque du vaccin est positif pour la grande majorit\u00e9 des personnes potentiellement expos\u00e9es \u00e0 la maladie\u00a0\u00bb, a assur\u00e9 le groupe dans son communiqu\u00e9, rappelant qu&rsquo;il n&rsquo;est pas possible en l&rsquo;\u00e9tat d&rsquo;affirmer un lien de cause \u00e0 effet entre son vaccin et les effets ind\u00e9sirables recens\u00e9s.\n<\/p>\n<p>\n La suspension du vaccin chez les plus \u00e2g\u00e9s vient compliquer la situation \u00e0 La R\u00e9union o\u00f9 l&rsquo;\u00e9pid\u00e9mie de chikungunya, transmis via des piq\u00fbres de moustiques, a d\u00e9j\u00e0 frapp\u00e9 plusieurs dizaines de milliers de patients, et tu\u00e9 douze d&rsquo;entre eux.<\/p>\n","protected":false},"excerpt":{"rendered":"Les autorit\u00e9s sanitaires am\u00e9ricaines ont suspendu l&rsquo;usage du vaccin anti-chikungunya du laboratoire Valneva chez les plus \u00e2g\u00e9s, suivant&hellip;\n","protected":false},"author":2,"featured_media":93935,"comment_status":"","ping_status":"","sticky":false,"template":"","format":"standard","meta":{"footnotes":""},"categories":[10],"tags":[400,398,408,405,1011,27,72,403,402,399,404,71,401,406,407],"class_list":{"0":"post-93934","1":"post","2":"type-post","3":"status-publish","4":"format-standard","5":"has-post-thumbnail","7":"category-sante","8":"tag-action-cac-40","9":"tag-bourse-de-paris","10":"tag-boursorama","11":"tag-cotations","12":"tag-fr","13":"tag-france","14":"tag-health","15":"tag-indices-devises","16":"tag-investir","17":"tag-investissement","18":"tag-marche-boursier","19":"tag-sante","20":"tag-sicav","21":"tag-trackers","22":"tag-warrants"},"share_on_mastodon":{"url":"https:\/\/pubeurope.com\/@fr\/114494276028577094","error":""},"_links":{"self":[{"href":"https:\/\/www.europesays.com\/fr\/wp-json\/wp\/v2\/posts\/93934","targetHints":{"allow":["GET"]}}],"collection":[{"href":"https:\/\/www.europesays.com\/fr\/wp-json\/wp\/v2\/posts"}],"about":[{"href":"https:\/\/www.europesays.com\/fr\/wp-json\/wp\/v2\/types\/post"}],"author":[{"embeddable":true,"href":"https:\/\/www.europesays.com\/fr\/wp-json\/wp\/v2\/users\/2"}],"replies":[{"embeddable":true,"href":"https:\/\/www.europesays.com\/fr\/wp-json\/wp\/v2\/comments?post=93934"}],"version-history":[{"count":0,"href":"https:\/\/www.europesays.com\/fr\/wp-json\/wp\/v2\/posts\/93934\/revisions"}],"wp:featuredmedia":[{"embeddable":true,"href":"https:\/\/www.europesays.com\/fr\/wp-json\/wp\/v2\/media\/93935"}],"wp:attachment":[{"href":"https:\/\/www.europesays.com\/fr\/wp-json\/wp\/v2\/media?parent=93934"}],"wp:term":[{"taxonomy":"category","embeddable":true,"href":"https:\/\/www.europesays.com\/fr\/wp-json\/wp\/v2\/categories?post=93934"},{"taxonomy":"post_tag","embeddable":true,"href":"https:\/\/www.europesays.com\/fr\/wp-json\/wp\/v2\/tags?post=93934"}],"curies":[{"name":"wp","href":"https:\/\/api.w.org\/{rel}","templated":true}]}}