{"id":9394,"date":"2025-04-08T04:54:23","date_gmt":"2025-04-08T04:54:23","guid":{"rendered":"https:\/\/www.europesays.com\/fr\/9394\/"},"modified":"2025-04-08T04:54:23","modified_gmt":"2025-04-08T04:54:23","slug":"cyclisme-tour-des-abruzzes-le-parcours-et-les-profils-du-giro-dabruzzo-des-le-15-avril","status":"publish","type":"post","link":"https:\/\/www.europesays.com\/fr\/9394\/","title":{"rendered":"Cyclisme. Tour des Abruzzes &#8211; Le parcours et les profils du Giro d&rsquo;Abruzzo, d\u00e8s le 15 avril"},"content":{"rendered":"<p>L&rsquo;\u00e9dition 2025 du<strong> Tour des Abruzzes <\/strong>propose un parcours tr\u00e8s exigeant qui comprend l&rsquo;arriv\u00e9e en mont\u00e9e \u00e0 Roccaraso. Pendant les quatre jours de la course, toutes les provinces de la r\u00e9gion des Abruzzes (Chieti, L&rsquo;Aquila, Pescara, Teramo) seront travers\u00e9es.\u00a0RCS Sport et l&rsquo;Amerigo Vespucci \u2013 le voilier historique de la Marine \u2013 commencent leur voyage depuis le port d&rsquo;Ortona \u00e0 l&rsquo;int\u00e9rieur des espaces du Village IN ITALIA \u2013 un lieu pour raconter et partager le tour du monde du voilier \u2013 o\u00f9 a \u00e9t\u00e9 pr\u00e9sent\u00e9\u00a0<strong>le Giro d&rsquo;Abruzzo<\/strong>\u00a0, pr\u00e9vu\u00a0du 15 au 18 avril\u00a0et organis\u00e9 par RCS Sport en collaboration avec\u00a0la R\u00e9gion des Abruzzes.<\/p>\n<p>Vid\u00e9o &#8211; Qui succ\u00e9dera \u00e0 Alexey Lutsenko, vainqueur en 2024 ? Lire la suite de l&rsquo;article&#13;<\/p>\n<p>\u00a0<\/p>\n<p>&#13;<br \/>\n\u00ab\u00a0Une course \u00e0 \u00e9tapes historique&#8230;\u00a0\u00bb&#13;<\/p>\n<p><strong>Marco Marsilio<\/strong>, Presidente de la r\u00e9gion des Abruzzes, s&rsquo;est exprim\u00e9 :\u00a0\u00ab\u00a0Aujourd&rsquo;hui, rendez-vous important devant le navire Vespucci pour la relance du Giro d&rsquo;Abruzzo, une course \u00e0 \u00e9tapes historique que nous avons r\u00e9inscrite au calendrier gr\u00e2ce \u00e0 la collaboration avec RCS Sport. Une course consid\u00e9r\u00e9e comme l&rsquo;une des comp\u00e9titions pr\u00e9paratoires les plus importantes en vue du Giro d&rsquo;Italia. Notre territoire, avec ses Apennins parmi les plus difficiles et les plus spectaculaires, est d\u00e9sormais un \u00e9l\u00e9ment stable et incontournable du calendrier cycliste national et international.\u00a0\u00bb<\/p>\n<p>&#13;<\/p>\n<p>\u00a0<\/p>\n<p>&#13;<br \/>\nProfil&#13;<\/p>\n<p><strong>Lundi 15 avril &#8211; \u00e9tape 1<\/strong> &#8211; Scerni-Crecchio 151 km<\/p>\n<p>&#13;<\/p>\n<p><img decoding=\"async\" src=\"https:\/\/www.europesays.com\/fr\/wp-content\/uploads\/2025\/04\/TDA1.jpg\" style=\"max-width:100%;max-height:100%;\" alt=\"image\" loading=\"lazy\"\/><\/p>\n<p>&#13;<\/p>\n<p><strong>Mardi 16 avril &#8211; \u00e9tape 2 &#8211;<\/strong>\u00a0Toucher de Casauria\u00a0&#8211;\u00a0Penne\u00a0138\u00a0km<\/p>\n<p>&#13;<\/p>\n<p><img decoding=\"async\" src=\"https:\/\/www.europesays.com\/fr\/wp-content\/uploads\/2025\/04\/TDA2.jpg\" style=\"max-width:100%;max-height:100%;\" alt=\"image\" loading=\"lazy\"\/><\/p>\n<p>&#13;<\/p>\n<p><strong>Mercredi 17 avril 2025 &#8211; \u00e9tape 3<\/strong> &#8211;\u00a0San Demetrio ne&rsquo; Vestini\u00a0&#8211;\u00a0Roccaraso (Aremogna) 160km<\/p>\n<p>&#13;<br \/>\n&#13;<\/p>\n<p><img decoding=\"async\" src=\"https:\/\/www.europesays.com\/fr\/wp-content\/uploads\/2025\/04\/TDA3.jpg\" style=\"max-width:100%;max-height:100%;\" alt=\"image\" loading=\"lazy\"\/><\/p>\n<p>&#13;<\/p>\n<p><strong>Jeudi 18 avril &#8211; \u00e9tape 4 <\/strong>&#8211;\u00a0Corropoli\u00a0&#8211;\u00a0Isola del Gran Sasso (Santuario di San Gabriele) &#8211; 164 km<\/p>\n<p>&#13;<\/p>\n<p><img decoding=\"async\" src=\"https:\/\/www.europesays.com\/fr\/wp-content\/uploads\/2025\/04\/TDA4.jpg\" style=\"max-width:100%;max-height:100%;\" alt=\"image\" loading=\"lazy\"\/><\/p>\n","protected":false},"excerpt":{"rendered":"L&rsquo;\u00e9dition 2025 du Tour des Abruzzes propose un parcours tr\u00e8s exigeant qui comprend l&rsquo;arriv\u00e9e en mont\u00e9e \u00e0 Roccaraso.&hellip;\n","protected":false},"author":2,"featured_media":5391,"comment_status":"","ping_status":"","sticky":false,"template":"","format":"standard","meta":{"footnotes":""},"categories":[1411],"tags":[1154,207,211,1011,27,209,60,210,3296,212,208,213],"class_list":{"0":"post-9394","1":"post","2":"type-post","3":"status-publish","4":"format-standard","5":"has-post-thumbnail","7":"category-cyclisme","8":"tag-cycling","9":"tag-cyclisme","10":"tag-ffc","11":"tag-fr","12":"tag-france","13":"tag-route","14":"tag-sports","15":"tag-tour-de-france","16":"tag-tour-des-abruzzes","17":"tag-uci","18":"tag-velo","19":"tag-world-tour"},"share_on_mastodon":{"url":"https:\/\/pubeurope.com\/@fr\/114300561983355542","error":""},"_links":{"self":[{"href":"https:\/\/www.europesays.com\/fr\/wp-json\/wp\/v2\/posts\/9394","targetHints":{"allow":["GET"]}}],"collection":[{"href":"https:\/\/www.europesays.com\/fr\/wp-json\/wp\/v2\/posts"}],"about":[{"href":"https:\/\/www.europesays.com\/fr\/wp-json\/wp\/v2\/types\/post"}],"author":[{"embeddable":true,"href":"https:\/\/www.europesays.com\/fr\/wp-json\/wp\/v2\/users\/2"}],"replies":[{"embeddable":true,"href":"https:\/\/www.europesays.com\/fr\/wp-json\/wp\/v2\/comments?post=9394"}],"version-history":[{"count":0,"href":"https:\/\/www.europesays.com\/fr\/wp-json\/wp\/v2\/posts\/9394\/revisions"}],"wp:featuredmedia":[{"embeddable":true,"href":"https:\/\/www.europesays.com\/fr\/wp-json\/wp\/v2\/media\/5391"}],"wp:attachment":[{"href":"https:\/\/www.europesays.com\/fr\/wp-json\/wp\/v2\/media?parent=9394"}],"wp:term":[{"taxonomy":"category","embeddable":true,"href":"https:\/\/www.europesays.com\/fr\/wp-json\/wp\/v2\/categories?post=9394"},{"taxonomy":"post_tag","embeddable":true,"href":"https:\/\/www.europesays.com\/fr\/wp-json\/wp\/v2\/tags?post=9394"}],"curies":[{"name":"wp","href":"https:\/\/api.w.org\/{rel}","templated":true}]}}