{"id":93947,"date":"2025-05-12T10:05:09","date_gmt":"2025-05-12T10:05:09","guid":{"rendered":"https:\/\/www.europesays.com\/fr\/93947\/"},"modified":"2025-05-12T10:05:09","modified_gmt":"2025-05-12T10:05:09","slug":"alger-veut-expulser-quinze-nouveaux-agents-francais-en-poste-en-algerie","status":"publish","type":"post","link":"https:\/\/www.europesays.com\/fr\/93947\/","title":{"rendered":"Alger veut expulser quinze nouveaux agents fran\u00e7ais en poste en Alg\u00e9rie"},"content":{"rendered":"<p>Sur fond de diff\u00e9rends s\u00e9curitaires et d\u2019un article publi\u00e9 dans Le Journal du Dimanche, l\u2019Alg\u00e9rie a demand\u00e9 le rapatriement imm\u00e9diat des Fran\u00e7ais envoy\u00e9s en mission de renfort depuis la derni\u00e8re expulsion. Une riposte de Paris para\u00eet in\u00e9vitable.<\/p>\n<p class=\"fig-paragraph\">Alors que le sc\u00e9nario de l\u2019escalade semblait \u00e9cart\u00e9, les tensions risquent de repartir de plus belle\u00a0<a href=\"http:\/\/www.lefigaro.fr\/international\/ces-etapes-qui-ont-conduit-a-la-crise-entre-la-france-et-l-algerie-20250414\" target=\"_blank\" data-fig-type=\"Article\" rel=\"noopener\" data-gtm-custom-categorie=\"navigation\" data-gtm-custom-action=\"crossclick\" data-gtm-custom-label=\"Contextuel\" data-gtm-event=\"customEventSPE\" data-fig-domain=\"LEFIGARO\">entre Alger et Paris<\/a>. Les autorit\u00e9s alg\u00e9riennes ont demand\u00e9, dimanche 11 mai, le \u00abrapatriement imm\u00e9diat\u00bb de quinze nouveaux agents fran\u00e7ais envoy\u00e9s\u00a0en mission de renfort temporaire en Alg\u00e9rie, notamment dans le secteur des visas. En l\u2019absence de l\u2019ambassadeur de France, c\u2019est le charg\u00e9 d\u2019affaires, Gilles Bourbao, qui a \u00e9t\u00e9 convoqu\u00e9 dimanche au si\u00e8ge du minist\u00e8re des Affaires \u00e9trang\u00e8res pour \u00abmanquements flagrants et r\u00e9p\u00e9t\u00e9s de la partie fran\u00e7aise au respect des proc\u00e9dures\u00bb.<\/p>\n<p class=\"fig-paragraph\">Alger d\u00e9nonce \u00abl\u2019affectation d\u2019agents, titulaires auparavant de passeports de service\u00bb auxquels \u00abont \u00e9t\u00e9 accord\u00e9s des passeports diplomatiques pour faciliter davantage leur entr\u00e9e en Alg\u00e9rie\u00bb. Une d\u00e9marche rendue possible par\u00a0<a href=\"http:\/\/www.lefigaro.fr\/international\/algerie-darmanin-veut-supprimer-l-absence-de-visa-pour-la-france-dont-beneficie-la-nomenklatura-20250112\" target=\"_blank\" data-fig-type=\"NewsFlash\" rel=\"noopener\" data-gtm-custom-categorie=\"navigation\" data-gtm-custom-action=\"crossclick\" data-gtm-custom-label=\"Contextuel\" data-gtm-event=\"customEventSPE\" data-fig-domain=\"LEFIGARO\">l\u2019accord de 2013 entre la France et l\u2019Alg\u00e9rie<\/a>, destin\u00e9 \u00e0 faciliter l\u2019octroi de visas et la mobilit\u00e9 des personnels diplomatiques, techniques, administratifs et consulaires affect\u00e9s dans les repr\u00e9sentations\u2026<\/p>\n<p class=\"fig-premium-paywall__infos\">\n        Cet article est r\u00e9serv\u00e9 aux abonn\u00e9s.        Il vous reste 81% \u00e0 d\u00e9couvrir.\n    <\/p>\n<p>                <img  data- alt=\"Le Figaro\" class=\"fig-img--complete fig-img\"\/><\/p>\n<p class=\"fig-premium-paywall__title\">Je m&rsquo;informe, je m&rsquo;inspire, je m&rsquo;abonne.<\/p>\n<p class=\"fig-premium-paywall__subtitle\">D\u00e9couvrez notre offre de bienvenue.<\/p>\n<p class=\"fig-premium-paywall__connect\">\n                D\u00e9j\u00e0 abonn\u00e9\u00a0?                <a class=\"fig-premium-paywall__connect-link\" href=\"https:\/\/connect.lefigaro.fr\/login?client=horizon_web&amp;type=main&amp;redirect_uri=https%3A%2F%2Fwww.lefigaro.fr%2Finternational%2Falger-veut-expulser-quinze-nouveaux-agents-francais-en-poste-en-algerie-20250512\" data-js-gtm=\"{&quot;customCategorie&quot;: &quot;conversion&quot;, &quot;customAction&quot;: &quot;before_Landing_Connexion_paywall_auto&quot;, &quot;customLabel&quot;: &quot;bGVmaWdhcm8uZnJfXzFmMDJmMDAzLTZjZTktNjNjOC05OGU5LTQzMTQzNGVmMGNhOF9fTmV3c0ZsYXNo_Alger veut expulser quinze nouveaux agents fran\u00e7ais en poste en Alg\u00e9rie_421&quot;, &quot;customIDSPE&quot;: &quot;bGVmaWdhcm8uZnJfXzFmMDJmMDAzLTZjZTktNjNjOC05OGU5LTQzMTQzNGVmMGNhOF9fTmV3c0ZsYXNo&quot;, &quot;event&quot;: &quot;customEventSPE&quot;}\" target=\"_blank\" rel=\"noopener\"><br \/>\n                    Connectez-vous<br \/>\n                <\/a>\n            <\/p>\n","protected":false},"excerpt":{"rendered":"Sur fond de diff\u00e9rends s\u00e9curitaires et d\u2019un article publi\u00e9 dans Le Journal du Dimanche, l\u2019Alg\u00e9rie a demand\u00e9 le&hellip;\n","protected":false},"author":2,"featured_media":93948,"comment_status":"","ping_status":"","sticky":false,"template":"","format":"standard","meta":{"footnotes":""},"categories":[2],"tags":[259,11,260,15,16639,352,1011,27,14,261,12,262],"class_list":{"0":"post-93947","1":"post","2":"type-post","3":"status-publish","4":"format-standard","5":"has-post-thumbnail","7":"category-actualites","8":"tag-actualite-internationale","9":"tag-actualites","10":"tag-affaires-etrangeres","11":"tag-algerie","12":"tag-consulat","13":"tag-crise","14":"tag-fr","15":"tag-france","16":"tag-international","17":"tag-ministere-des-affaires-etrangeres","18":"tag-news","19":"tag-politique-etrangere"},"share_on_mastodon":{"url":"https:\/\/pubeurope.com\/@fr\/114494303321396644","error":""},"_links":{"self":[{"href":"https:\/\/www.europesays.com\/fr\/wp-json\/wp\/v2\/posts\/93947","targetHints":{"allow":["GET"]}}],"collection":[{"href":"https:\/\/www.europesays.com\/fr\/wp-json\/wp\/v2\/posts"}],"about":[{"href":"https:\/\/www.europesays.com\/fr\/wp-json\/wp\/v2\/types\/post"}],"author":[{"embeddable":true,"href":"https:\/\/www.europesays.com\/fr\/wp-json\/wp\/v2\/users\/2"}],"replies":[{"embeddable":true,"href":"https:\/\/www.europesays.com\/fr\/wp-json\/wp\/v2\/comments?post=93947"}],"version-history":[{"count":0,"href":"https:\/\/www.europesays.com\/fr\/wp-json\/wp\/v2\/posts\/93947\/revisions"}],"wp:featuredmedia":[{"embeddable":true,"href":"https:\/\/www.europesays.com\/fr\/wp-json\/wp\/v2\/media\/93948"}],"wp:attachment":[{"href":"https:\/\/www.europesays.com\/fr\/wp-json\/wp\/v2\/media?parent=93947"}],"wp:term":[{"taxonomy":"category","embeddable":true,"href":"https:\/\/www.europesays.com\/fr\/wp-json\/wp\/v2\/categories?post=93947"},{"taxonomy":"post_tag","embeddable":true,"href":"https:\/\/www.europesays.com\/fr\/wp-json\/wp\/v2\/tags?post=93947"}],"curies":[{"name":"wp","href":"https:\/\/api.w.org\/{rel}","templated":true}]}}