{"id":93951,"date":"2025-05-12T10:07:09","date_gmt":"2025-05-12T10:07:09","guid":{"rendered":"https:\/\/www.europesays.com\/fr\/93951\/"},"modified":"2025-05-12T10:07:09","modified_gmt":"2025-05-12T10:07:09","slug":"les-syndicats-appellent-a-la-greve-une-manifestation-prevue-mardi","status":"publish","type":"post","link":"https:\/\/www.europesays.com\/fr\/93951\/","title":{"rendered":"les syndicats appellent \u00e0 la gr\u00e8ve, une manifestation pr\u00e9vue mardi"},"content":{"rendered":"<p>  Contre la baisse de l\u2019indemnisation des fonctionnaires en cas de maladie<\/p>\n<p>Si le projet de passage d\u2019un \u00e0 trois jours de carence en cas de maladie pour les fonctionnaires a \u00e9t\u00e9 abandonn\u00e9 en janvier, celui de baisse de leur indemnisation lors d\u2019un arr\u00eat de travail est, lui, toujours \u00e0 l\u2019ordre du jour. Tout comme la suppression de la Gipa (Garantie individuelle du pouvoir d\u2019achat) pour\u00a02024 et\u00a02025, \u00ab\u00a0alors m\u00eame que toutes les r\u00e9mun\u00e9rations de la fonction publique ont \u00e9t\u00e9 affaiblies par les effets de la crise inflationniste\u00a0\u00bb, d\u00e9noncent les syndicats dans un communiqu\u00e9.<\/p>\n<p>Ils demandent donc au gouvernement de r\u00e9tablir \u00ab\u00a0la r\u00e9mun\u00e9ration compl\u00e8te, sans carence, pendant les jours d\u2019arr\u00eat maladies ordinaires\u00a0\u00bb et \u00ab\u00a0les conditions budg\u00e9taires de versement de la Gipa pour 2025\u00a0\u00bb.<\/p>\n<p>  Le cort\u00e8ge partira de la Bourse du travail<\/p>\n<p>Une nouvelle manifestation aura lieu mardi 13\u00a0mai \u00e0 10\u00a0h\u00a030, \u00e0 Saint-\u00c9tienne, au d\u00e9part de la Bourse du travail et jusqu\u2019\u00e0 l\u2019h\u00f4tel de ville, pour exiger \u00ab\u00a0des moyens budg\u00e9taires \u00e0 la hauteur\u00a0\u00bb, \u00ab\u00a0des cr\u00e9ations d\u2019emplois partout o\u00f9 c\u2019est n\u00e9cessaire\u00a0\u00bb, \u00ab\u00a0l\u2019augmentation de la valeur du point d\u2019indice\u00a0\u00bb, la \u00ab\u00a0refonte des grilles indiciaires\u00a0\u00bb et \u00ab\u00a0l\u2019\u00e9galit\u00e9 salariale entre les femmes et les hommes\u00a0\u00bb.<\/p>\n<p>\u00c9coles, h\u00f4pitaux\u2026 l\u2019appel \u00e0 la gr\u00e8ve pourrait avoir un impact dans de nombreux services publics du territoire ce mardi 13\u00a0mai. En milieu de semaine, la Ville de Saint-\u00c9tienne annon\u00e7ait d\u00e9j\u00e0 sur son site internet des perturbations dans les dix cr\u00e8ches municipales, avec la fermeture de certains services ou des horaires modifi\u00e9s.<\/p>\n","protected":false},"excerpt":{"rendered":"Contre la baisse de l\u2019indemnisation des fonctionnaires en cas de maladie Si le projet de passage d\u2019un \u00e0&hellip;\n","protected":false},"author":2,"featured_media":93952,"comment_status":"","ping_status":"","sticky":false,"template":"","format":"standard","meta":{"footnotes":""},"categories":[9653],"tags":[1111,11,2430,9671,7539,1777,674,1011,27,3367,12,25,4001,7538,801],"class_list":{"0":"post-93951","1":"post","2":"type-post","3":"status-publish","4":"format-standard","5":"has-post-thumbnail","7":"category-saint-etienne","8":"tag-actu","9":"tag-actualites","10":"tag-auvergne-rhone-alpes","11":"tag-conflit-social","12":"tag-edition-loire-sud","13":"tag-eu","14":"tag-europe","15":"tag-fr","16":"tag-france","17":"tag-loire","18":"tag-news","19":"tag-republique-francaise","20":"tag-saint-etienne","21":"tag-saint-etienne-ville","22":"tag-social"},"share_on_mastodon":{"url":"https:\/\/pubeurope.com\/@fr\/114494311333165494","error":""},"_links":{"self":[{"href":"https:\/\/www.europesays.com\/fr\/wp-json\/wp\/v2\/posts\/93951","targetHints":{"allow":["GET"]}}],"collection":[{"href":"https:\/\/www.europesays.com\/fr\/wp-json\/wp\/v2\/posts"}],"about":[{"href":"https:\/\/www.europesays.com\/fr\/wp-json\/wp\/v2\/types\/post"}],"author":[{"embeddable":true,"href":"https:\/\/www.europesays.com\/fr\/wp-json\/wp\/v2\/users\/2"}],"replies":[{"embeddable":true,"href":"https:\/\/www.europesays.com\/fr\/wp-json\/wp\/v2\/comments?post=93951"}],"version-history":[{"count":0,"href":"https:\/\/www.europesays.com\/fr\/wp-json\/wp\/v2\/posts\/93951\/revisions"}],"wp:featuredmedia":[{"embeddable":true,"href":"https:\/\/www.europesays.com\/fr\/wp-json\/wp\/v2\/media\/93952"}],"wp:attachment":[{"href":"https:\/\/www.europesays.com\/fr\/wp-json\/wp\/v2\/media?parent=93951"}],"wp:term":[{"taxonomy":"category","embeddable":true,"href":"https:\/\/www.europesays.com\/fr\/wp-json\/wp\/v2\/categories?post=93951"},{"taxonomy":"post_tag","embeddable":true,"href":"https:\/\/www.europesays.com\/fr\/wp-json\/wp\/v2\/tags?post=93951"}],"curies":[{"name":"wp","href":"https:\/\/api.w.org\/{rel}","templated":true}]}}