{"id":93963,"date":"2025-05-12T10:13:13","date_gmt":"2025-05-12T10:13:13","guid":{"rendered":"https:\/\/www.europesays.com\/fr\/93963\/"},"modified":"2025-05-12T10:13:13","modified_gmt":"2025-05-12T10:13:13","slug":"les-tambours-du-bronx-vont-resonner-aux-rockstore","status":"publish","type":"post","link":"https:\/\/www.europesays.com\/fr\/93963\/","title":{"rendered":"les Tambours du Bronx vont r\u00e9sonner aux Rockstore"},"content":{"rendered":"<p>            Par<br \/>\n        <strong><br \/>\n            <a href=\"https:\/\/actu.fr\/auteur\/g-martin\" title=\"Consulter tous les articles de Gil Martin\" rel=\"nofollow noopener\" target=\"_blank\">Gil Martin<\/a><br \/>\n        <\/strong><\/p>\n<p>        Publi\u00e9 le<\/p>\n<p>            12 mai 2025 \u00e0 11h45        <\/p>\n<p>Depuis plus de 30 ans, les <strong>Tambours du Bronx<\/strong> donnent un sens \u00e0 l\u2019expression \u00ab art vivant \u00bb : l\u2019\u00e9nergie, le flux, la vie m\u00eame \u00e9mane du jeu de cette <strong>bande survitamin\u00e9e<\/strong> qui, depuis plus de 30 ans, fascine et submerge. \u00ab\u00a0Leur nombre, leur \u00e9lan et leurs influences sculptent <strong>une musique \u00e9nergique et tranchante<\/strong>\u00a0\u00bb, rappellent les Inrocks.<\/p>\n<p class=\" wall-content\">\u2026.. Lien \u00e0 mettre\u2026..<\/p>\n<p>Un show tr\u00e8s m\u00e9tal<\/p>\n<p class=\" wall-content\">Depuis leur rencontre en 2011 avec le groupe br\u00e9silien <strong>Sepultura<\/strong>, ainsi que leur cr\u00e9ation commune en premi\u00e8re partie de <strong>Metallica<\/strong>, les Tambours ont retrouv\u00e9 leur premier amour et leur premi\u00e8re influence : le m\u00e9tal, source d\u2019inspiration de leur dernier spectacle, le <strong>\u00ab\u00a0M\u00e9tal Show\u00a0\u00bb<\/strong>.<\/p>\n<p>Violemment esth\u00e9tique<\/p>\n<p class=\" wall-content\">Un <strong>\u00e9v\u00e8nement sc\u00e9nique<\/strong> qui allie \u00e0 la perfection le style originel des Tambours aux sons et aux voix du M\u00e9tal. \u00ab Un concept unique o\u00f9 gestes et fi\u00e8vre se m\u00ealent \u00e0 <strong>une chor\u00e9graphie<\/strong> o\u00f9 la force s\u2019emballe, o\u00f9 la cadence s\u2019\u00e9lectrise, o\u00f9 les voix se font cris, le tout dans une coh\u00e9sion violemment esth\u00e9tique \u00bb, pr\u00e9vient le Rockstore.<\/p>\n<p>    <a href=\"https:\/\/www.google.com\/maps\/embed?pb=!1m18!1m12!1m3!1d2889.0175230387476!2d3.8786447111023548!3d43.606176755351306!2m3!1f0!2f0!3f0!3m2!1i1024!2i768!4f13.1!3m3!1m2!1s0x12b6afa148b3ae95%3A0x5ce2fcf82d57c105!2sRockstore!5e0!3m2!1sfr!2sfr!4v1746552033181!5m2!1sfr!2sfr\" title=\"Ouvrie le lien\" rel=\"nofollow noopener\" target=\"_blank\">Cliquez ici pour visualiser le contenu<\/a><\/p>\n<p>Un public transcend\u00e9<\/p>\n<p class=\" wall-content\">\u00ab Les musiciens sont l\u00e0, debout, pr\u00eats \u00e0 battre le fer comme s\u2019ils allaient mourir demain\u2026 Et recommencer. L\u2019exhibition des corps s\u2019\u00e9chauffant dans une<strong> m\u00e9canique rythm\u00e9e<\/strong> \u00e0 la perfection hypnose et le spectacle est cathartique \u00bb, poursuivent les organisateurs : \u00ab Le public et les Tambours du Bronx interagissent, l\u2019un nourrit les autres : le public est leur capital. L\u2019\u00e9puisement n\u2019existe plus, chaque musicien agissant, frappant, hurlant, avec l\u2019\u00e9nergie d\u2019un public transcend\u00e9 \u00bb.<\/p>\n<p>Vid\u00e9os : en ce moment sur Actu<\/p>\n<p class=\" wall-content\">Vous voil\u00e0 pr\u00e9venus\u2026 Alors\u00a0? <strong>Pr\u00eat \u00e0 exulter<\/strong> avec les Tambours du Bronx au son du terrible \u00ab M\u00e9tal Show \u00bb ?<\/p>\n<p><strong>Infos pratiques<\/strong><br \/>\nConcert Les Tambours du Bronx <br \/>\nRock\/ Metal\/ Percussions<br \/>\nSamedi 17 mai \u00e0 19h30<br \/>\nAu Rockstore<br \/>\nLe site\u00a0: <a href=\"http:\/\/www.rockstore.com\" rel=\"nofollow noopener\" target=\"_blank\">www.rockstore.com<\/a><\/p>\n<p class=\" wall-content\">.<\/p>\n<p class=\" wall-content\">Suivez toute l\u2019actualit\u00e9 de vos villes et m\u00e9dias favoris en vous inscrivant \u00e0 <a href=\"https:\/\/moncompte.actu.fr\" title=\"D\u00e9couvez Mon Actu\" rel=\"nofollow noopener\" data-trk=\"{&quot;cta&quot;:{&quot;action&quot;:&quot;https:\\\/\\\/moncompte.actu.fr&quot;,&quot;category&quot;:&quot;mon compte&quot;,&quot;from&quot;:&quot;article footer&quot;,&quot;name&quot;:&quot;Mon actu&quot;,&quot;type&quot;:&quot;cta&quot;}}\" target=\"_blank\">Mon Actu<\/a>.<\/p>\n","protected":false},"excerpt":{"rendered":"Par Gil Martin Publi\u00e9 le 12 mai 2025 \u00e0 11h45 Depuis plus de 30 ans, les Tambours du&hellip;\n","protected":false},"author":2,"featured_media":93964,"comment_status":"","ping_status":"","sticky":false,"template":"","format":"standard","meta":{"footnotes":""},"categories":[9599],"tags":[1111,11,1697,1777,674,1011,27,1652,2208,12,2680,25],"class_list":{"0":"post-93963","1":"post","2":"type-post","3":"status-publish","4":"format-standard","5":"has-post-thumbnail","7":"category-montpellier","8":"tag-actu","9":"tag-actualites","10":"tag-concert","11":"tag-eu","12":"tag-europe","13":"tag-fr","14":"tag-france","15":"tag-loisirs-culture","16":"tag-montpellier","17":"tag-news","18":"tag-occitanie","19":"tag-republique-francaise"},"share_on_mastodon":{"url":"https:\/\/pubeurope.com\/@fr\/114494334785217714","error":""},"_links":{"self":[{"href":"https:\/\/www.europesays.com\/fr\/wp-json\/wp\/v2\/posts\/93963","targetHints":{"allow":["GET"]}}],"collection":[{"href":"https:\/\/www.europesays.com\/fr\/wp-json\/wp\/v2\/posts"}],"about":[{"href":"https:\/\/www.europesays.com\/fr\/wp-json\/wp\/v2\/types\/post"}],"author":[{"embeddable":true,"href":"https:\/\/www.europesays.com\/fr\/wp-json\/wp\/v2\/users\/2"}],"replies":[{"embeddable":true,"href":"https:\/\/www.europesays.com\/fr\/wp-json\/wp\/v2\/comments?post=93963"}],"version-history":[{"count":0,"href":"https:\/\/www.europesays.com\/fr\/wp-json\/wp\/v2\/posts\/93963\/revisions"}],"wp:featuredmedia":[{"embeddable":true,"href":"https:\/\/www.europesays.com\/fr\/wp-json\/wp\/v2\/media\/93964"}],"wp:attachment":[{"href":"https:\/\/www.europesays.com\/fr\/wp-json\/wp\/v2\/media?parent=93963"}],"wp:term":[{"taxonomy":"category","embeddable":true,"href":"https:\/\/www.europesays.com\/fr\/wp-json\/wp\/v2\/categories?post=93963"},{"taxonomy":"post_tag","embeddable":true,"href":"https:\/\/www.europesays.com\/fr\/wp-json\/wp\/v2\/tags?post=93963"}],"curies":[{"name":"wp","href":"https:\/\/api.w.org\/{rel}","templated":true}]}}