{"id":93969,"date":"2025-05-12T10:16:09","date_gmt":"2025-05-12T10:16:09","guid":{"rendered":"https:\/\/www.europesays.com\/fr\/93969\/"},"modified":"2025-05-12T10:16:09","modified_gmt":"2025-05-12T10:16:09","slug":"isere-13e-edition-de-la-montee-de-lalpe-dhuez-du-93e-ram-les-inscriptions-sont-ouvertes","status":"publish","type":"post","link":"https:\/\/www.europesays.com\/fr\/93969\/","title":{"rendered":"Is\u00e8re. 13e \u00e9dition de la mont\u00e9e de l\u2019Alpe d\u2019Huez du 93e RAM\u00a0: les inscriptions sont ouvertes"},"content":{"rendered":"<p>Le 18\u00a0juin se d\u00e9roulera la 13e \u00e9dition de la Mont\u00e9e de l\u2019Alpe d\u2019Huez organis\u00e9e par le 93e r\u00e9giment d\u2019artillerie de montagne de Varces-Alli\u00e8res-et-Risset.<\/p>\n<p>Les b\u00e9n\u00e9fices de cette course, ouverte \u00e0 tous, seront revers\u00e9s aux bless\u00e9s de l\u2019arm\u00e9e de Terre et \u00e0 leur famille. \u00c0 v\u00e9lo, en courant ou en marchant, les participants pourront relever le d\u00e9fi de gravir les mythiques 21 virages, 1\u00a0100\u00a0m de d\u00e9nivel\u00e9 positif et 14\u00a0km d\u2019ascension.<\/p>\n<p>Chlo\u00e9 Chevalier, ex-membre de l\u2019\u00e9quipe de France de biathlon, sera la marraine de l\u2019\u00e9v\u00e8nement.<\/p>\n<p class=\"note\">Inscriptions\u00a0: <a href=\"https:\/\/sport.ikinoa.com\/fr\/evt\/monteedelalpedhuez2025\" rel=\"nofollow noopener\" target=\"_blank\">https:\/\/sport.ikinoa.com\/fr\/evt\/monteedelalpedhuez2025<\/a>\u00a0<\/p>\n","protected":false},"excerpt":{"rendered":"Le 18\u00a0juin se d\u00e9roulera la 13e \u00e9dition de la Mont\u00e9e de l\u2019Alpe d\u2019Huez organis\u00e9e par le 93e r\u00e9giment&hellip;\n","protected":false},"author":2,"featured_media":93970,"comment_status":"","ping_status":"","sticky":false,"template":"","format":"standard","meta":{"footnotes":""},"categories":[9566],"tags":[1111,11,2430,7782,1687,3206,113,1777,674,1011,27,2731,20646,108,12,20647,25,13056],"class_list":{"0":"post-93969","1":"post","2":"type-post","3":"status-publish","4":"format-standard","5":"has-post-thumbnail","7":"category-grenoble","8":"tag-actu","9":"tag-actualites","10":"tag-auvergne-rhone-alpes","11":"tag-balades-et-randonnees","12":"tag-culture-loisirs","13":"tag-defense-guerre-conflit","14":"tag-edition-gresivaudan-oisans","15":"tag-eu","16":"tag-europe","17":"tag-fr","18":"tag-france","19":"tag-grenoble","20":"tag-huez","21":"tag-isere","22":"tag-news","23":"tag-oisans","24":"tag-republique-francaise","25":"tag-varces-allieres-et-risset"},"share_on_mastodon":{"url":"https:\/\/pubeurope.com\/@fr\/114494346556629992","error":""},"_links":{"self":[{"href":"https:\/\/www.europesays.com\/fr\/wp-json\/wp\/v2\/posts\/93969","targetHints":{"allow":["GET"]}}],"collection":[{"href":"https:\/\/www.europesays.com\/fr\/wp-json\/wp\/v2\/posts"}],"about":[{"href":"https:\/\/www.europesays.com\/fr\/wp-json\/wp\/v2\/types\/post"}],"author":[{"embeddable":true,"href":"https:\/\/www.europesays.com\/fr\/wp-json\/wp\/v2\/users\/2"}],"replies":[{"embeddable":true,"href":"https:\/\/www.europesays.com\/fr\/wp-json\/wp\/v2\/comments?post=93969"}],"version-history":[{"count":0,"href":"https:\/\/www.europesays.com\/fr\/wp-json\/wp\/v2\/posts\/93969\/revisions"}],"wp:featuredmedia":[{"embeddable":true,"href":"https:\/\/www.europesays.com\/fr\/wp-json\/wp\/v2\/media\/93970"}],"wp:attachment":[{"href":"https:\/\/www.europesays.com\/fr\/wp-json\/wp\/v2\/media?parent=93969"}],"wp:term":[{"taxonomy":"category","embeddable":true,"href":"https:\/\/www.europesays.com\/fr\/wp-json\/wp\/v2\/categories?post=93969"},{"taxonomy":"post_tag","embeddable":true,"href":"https:\/\/www.europesays.com\/fr\/wp-json\/wp\/v2\/tags?post=93969"}],"curies":[{"name":"wp","href":"https:\/\/api.w.org\/{rel}","templated":true}]}}