{"id":93975,"date":"2025-05-12T10:19:09","date_gmt":"2025-05-12T10:19:09","guid":{"rendered":"https:\/\/www.europesays.com\/fr\/93975\/"},"modified":"2025-05-12T10:19:09","modified_gmt":"2025-05-12T10:19:09","slug":"travaux-sur-la-ligne-rennes-brest-le-trafic-des-trains-perturbe-les-17-et-18-mai-entre-guingamp-et-morlaix","status":"publish","type":"post","link":"https:\/\/www.europesays.com\/fr\/93975\/","title":{"rendered":"Travaux sur la ligne Rennes-Brest\u00a0: le trafic des trains perturb\u00e9 les 17 et 18\u00a0mai entre Guingamp et Morlaix"},"content":{"rendered":"<p>Ces travaux sont r\u00e9alis\u00e9s de nuit, de 22\u00a0h \u00e0 5\u00a0h\u00a030, du lundi soir au vendredi matin, mais une op\u00e9ration de plus grande ampleur n\u00e9cessitera une interruption des circulations entre Morlaix et Guingamp, du samedi 17 mai \u00e0 13\u00a0h, au dimanche 18 mai \u00e0 12\u00a0h.<\/p>\n<p>En cons\u00e9quence, \u00ab\u00a0le terminus du TGV se fera en gare de Saint-Brieuc, avec mise en place de substitutions routi\u00e8res entre Saint-Brieuc et Morlaix\u00a0\u00bb, informe SNCF R\u00e9seau, dans un communiqu\u00e9. Pour les TER\u00a0: \u00ab\u00a0Des cars remplaceront les trains entre Morlaix et Guingamp. Aucun train ne circulera entre Plouaret et Lannion, un service de substitution par autocars sera mis en service\u00a0\u00bb.<\/p>\n<p>Pour plus d\u2019informations, se r\u00e9f\u00e9rer \u00e0 SNCF Connect ou au site TER BreizhGo\u00a0: <a href=\"https:\/\/www.ter.sncf.com\/bretagne\/se-deplacer\/info-trafic\/travaux\" target=\"_blank\" rel=\"noopener\">https:\/\/www.ter.sncf.com\/bretagne\/sedeplacer\/info-trafic\/travaux<\/a>.<\/p>\n<p>L\u2019objectif du chantier est de \u00ab\u00a0s\u00e9curiser les abords de la voie ferr\u00e9e, de garantir le niveau de performance de l\u2019infrastructure et d\u2019optimiser la r\u00e9gularit\u00e9 et le confort des voyageurs\u00a0\u00bb, indique SNCF R\u00e9seau, qui investit 300\u00a0000 \u20ac.<\/p>\n","protected":false},"excerpt":{"rendered":"Ces travaux sont r\u00e9alis\u00e9s de nuit, de 22\u00a0h \u00e0 5\u00a0h\u00a030, du lundi soir au vendredi matin, mais une&hellip;\n","protected":false},"author":2,"featured_media":93976,"comment_status":"","ping_status":"","sticky":false,"template":"","format":"standard","meta":{"footnotes":""},"categories":[2821],"tags":[1111,11,829,2171,765,1777,674,3321,1011,27,4044,5862,2131,12,20648,584,25,2215,2803,6917],"class_list":{"0":"post-93975","1":"post","2":"type-post","3":"status-publish","4":"format-standard","5":"has-post-thumbnail","7":"category-rennes","8":"tag-actu","9":"tag-actualites","10":"tag-bretagne","11":"tag-cotes-darmor","12":"tag-en-continu","13":"tag-eu","14":"tag-europe","15":"tag-finistere","16":"tag-fr","17":"tag-france","18":"tag-guingamp","19":"tag-lannion","20":"tag-morlaix","21":"tag-news","22":"tag-plouaret","23":"tag-rennes","24":"tag-republique-francaise","25":"tag-sncf","26":"tag-transport","27":"tag-transport-ferroviaire"},"share_on_mastodon":{"url":"https:\/\/pubeurope.com\/@fr\/114494358526818413","error":""},"_links":{"self":[{"href":"https:\/\/www.europesays.com\/fr\/wp-json\/wp\/v2\/posts\/93975","targetHints":{"allow":["GET"]}}],"collection":[{"href":"https:\/\/www.europesays.com\/fr\/wp-json\/wp\/v2\/posts"}],"about":[{"href":"https:\/\/www.europesays.com\/fr\/wp-json\/wp\/v2\/types\/post"}],"author":[{"embeddable":true,"href":"https:\/\/www.europesays.com\/fr\/wp-json\/wp\/v2\/users\/2"}],"replies":[{"embeddable":true,"href":"https:\/\/www.europesays.com\/fr\/wp-json\/wp\/v2\/comments?post=93975"}],"version-history":[{"count":0,"href":"https:\/\/www.europesays.com\/fr\/wp-json\/wp\/v2\/posts\/93975\/revisions"}],"wp:featuredmedia":[{"embeddable":true,"href":"https:\/\/www.europesays.com\/fr\/wp-json\/wp\/v2\/media\/93976"}],"wp:attachment":[{"href":"https:\/\/www.europesays.com\/fr\/wp-json\/wp\/v2\/media?parent=93975"}],"wp:term":[{"taxonomy":"category","embeddable":true,"href":"https:\/\/www.europesays.com\/fr\/wp-json\/wp\/v2\/categories?post=93975"},{"taxonomy":"post_tag","embeddable":true,"href":"https:\/\/www.europesays.com\/fr\/wp-json\/wp\/v2\/tags?post=93975"}],"curies":[{"name":"wp","href":"https:\/\/api.w.org\/{rel}","templated":true}]}}