{"id":93977,"date":"2025-05-12T10:20:11","date_gmt":"2025-05-12T10:20:11","guid":{"rendered":"https:\/\/www.europesays.com\/fr\/93977\/"},"modified":"2025-05-12T10:20:11","modified_gmt":"2025-05-12T10:20:11","slug":"strasbourg-une-vente-aux-encheres-a-lupe-pour-aider-les-enfants-dans-les-situations-humanitaires-critiques","status":"publish","type":"post","link":"https:\/\/www.europesays.com\/fr\/93977\/","title":{"rendered":"Strasbourg. Une vente aux ench\u00e8res \u00e0 l\u2019UPE pour aider les enfants dans les situations humanitaires critiques"},"content":{"rendered":"<p>Organis\u00e9e dans le cadre de la promotion de l\u2019art et de la solidarit\u00e9, la vente aux ench\u00e8res caritative qui se tiendra le samedi 17 mai s\u2019inscrit dans la continuit\u00e9 de la Journ\u00e9e internationale du vivre-ensemble en paix, proclam\u00e9e le 16 mai par l\u2019assembl\u00e9e g\u00e9n\u00e9rale des <a href=\"https:\/\/www.dna.fr\/defense-guerre-conflit\/2025\/03\/13\/des-actes-genocidaires-une-enquete-de-l-onu-cingle-les-pratiques-d-israel-a-gaza\" target=\"_blank\" rel=\"nofollow noopener\">Nations Unies<\/a>. Cette journ\u00e9e est un appel universel \u00e0 la paix, la tol\u00e9rance, \u00e0 l\u2019inclusion, \u00e0 la compr\u00e9hension et \u00e0 la solidarit\u00e9. Elle symbolise le d\u00e9sir profond de vivre et d\u2019agir ensemble, unis dans la diversit\u00e9, pour b\u00e2tir un monde harmonieux, durable et solidaire.<\/p>\n<p>  Une exposition du 13 au 16 mai \u00e0 l\u2019UPE<\/p>\n<p>Dans cet esprit, l\u2019UPE a lanc\u00e9 un appel \u00e0 dons aupr\u00e8s de ses adh\u00e9rents et professeurs des classes d\u2019arts plastiques. Le fruit de cette mobilisation artistique sera pr\u00e9sent\u00e9 lors d\u2019une exposition ouverte au public <a href=\"https:\/\/www.dna.fr\/culture-loisirs\/2025\/02\/27\/l-universite-populaire-europeenne-installe-sa-ruche-dediee-au-savoir-quai-koch\" target=\"_blank\" rel=\"nofollow noopener\">qui se tiendra dans la salle \u00ab La Marseillaise \u00bb de l\u2019UPE<\/a> , du mardi 13 au vendredi 16 mai.<\/p>\n<p>Ce contenu est bloqu\u00e9 car vous n&rsquo;avez pas accept\u00e9 les cookies et autres traceurs.<\/p>\n<p>En cliquant sur \u00ab J\u2019accepte \u00bb, les cookies et autres traceurs seront d\u00e9pos\u00e9s et vous pourrez visualiser les contenus  (<a href=\"\" class=\"consentModule_policy\" target=\"_blank\" title=\"Consulter la politique de protection des donn\u00e9es du fournisseur\">plus d&rsquo;informations<\/a>).<\/p>\n<p>En cliquant sur \u00ab J\u2019accepte tous les cookies \u00bb, vous autorisez des d\u00e9p\u00f4ts de cookies et autres traceurs pour le stockage de vos donn\u00e9es sur nos sites et applications \u00e0 des fins de personnalisation et de ciblage publicitaire.<\/p>\n<p class=\"consentModule_secondaryText\">Vous gardez la possibilit\u00e9 de retirer votre consentement \u00e0 tout moment en consultant notre <a href=\"https:\/\/www.dna.fr\/protection-des-donnees\" target=\"_blank\" title=\"Consulter notre politique de protection des donn\u00e9es\" rel=\"nofollow noopener\">politique de protection des donn\u00e9es<\/a>. <br \/>&#13;<br \/>\n            <a href=\"https:\/\/www.dna.fr\/culture-loisirs\/2025\/05\/12\/javascript:Didomi.notice.show()\" class=\"consentModule_cmp\" rel=\"nofollow noopener\" target=\"_blank\">G\u00e9rer mes choix<\/a>&#13;\n        <\/p>\n<p>&#13;<br \/>\n                        J&rsquo;accepte&#13;<br \/>\n            J&rsquo;accepte tous les cookies&#13;\n        <\/p>\n<p>L\u2019\u00e9v\u00e9nement culminera avec la vente aux ench\u00e8res caritative pr\u00e9vue le samedi 17 mai \u00e0 14 h dans cette m\u00eame salle. Les \u0153uvres seront propos\u00e9es \u00e0 l\u2019achat et les fonds r\u00e9colt\u00e9s seront int\u00e9gralement revers\u00e9s au Fonds d\u2019urgence de l\u2019Unicef, pour soutenir les enfants dans les situations humanitaires critiques. Amateurs d\u2019art, d\u00e9fenseurs des droits humains et autres personnes sensibles aux causes solidaires sont invit\u00e9s \u00e0 soutenir ce projet symbole de cr\u00e9ativit\u00e9 et de vivre-ensemble.<\/p>\n<p class=\"note\">Exposition du 13 au 16 mai de 9 h \u00e0 18 h, vente aux ench\u00e8res le samedi 17 mai \u00e0 14 h, salle \u00ab La Marseillaise \u00bb de l\u2019Universit\u00e9 populaire europ\u00e9enne, 1, quai Koch \u00e0 Strasbourg.<\/p>\n","protected":false},"excerpt":{"rendered":"Organis\u00e9e dans le cadre de la promotion de l\u2019art et de la solidarit\u00e9, la vente aux ench\u00e8res caritative&hellip;\n","protected":false},"author":2,"featured_media":93978,"comment_status":"","ping_status":"","sticky":false,"template":"","format":"standard","meta":{"footnotes":""},"categories":[2820],"tags":[1111,11,1687,2880,1777,674,2271,107,1011,27,775,12,25,104,640,2879,1631],"class_list":{"0":"post-93977","1":"post","2":"type-post","3":"status-publish","4":"format-standard","5":"has-post-thumbnail","7":"category-strasbourg","8":"tag-actu","9":"tag-actualites","10":"tag-culture-loisirs","11":"tag-edition-strasbourg","12":"tag-eu","13":"tag-europe","14":"tag-exposition-arts-plastiques","15":"tag-fil-info","16":"tag-fr","17":"tag-france","18":"tag-grand-est","19":"tag-news","20":"tag-republique-francaise","21":"tag-societe","22":"tag-strasbourg","23":"tag-strasbourg-ville","24":"tag-vie-associative"},"share_on_mastodon":{"url":"https:\/\/pubeurope.com\/@fr\/114494362393292306","error":""},"_links":{"self":[{"href":"https:\/\/www.europesays.com\/fr\/wp-json\/wp\/v2\/posts\/93977","targetHints":{"allow":["GET"]}}],"collection":[{"href":"https:\/\/www.europesays.com\/fr\/wp-json\/wp\/v2\/posts"}],"about":[{"href":"https:\/\/www.europesays.com\/fr\/wp-json\/wp\/v2\/types\/post"}],"author":[{"embeddable":true,"href":"https:\/\/www.europesays.com\/fr\/wp-json\/wp\/v2\/users\/2"}],"replies":[{"embeddable":true,"href":"https:\/\/www.europesays.com\/fr\/wp-json\/wp\/v2\/comments?post=93977"}],"version-history":[{"count":0,"href":"https:\/\/www.europesays.com\/fr\/wp-json\/wp\/v2\/posts\/93977\/revisions"}],"wp:featuredmedia":[{"embeddable":true,"href":"https:\/\/www.europesays.com\/fr\/wp-json\/wp\/v2\/media\/93978"}],"wp:attachment":[{"href":"https:\/\/www.europesays.com\/fr\/wp-json\/wp\/v2\/media?parent=93977"}],"wp:term":[{"taxonomy":"category","embeddable":true,"href":"https:\/\/www.europesays.com\/fr\/wp-json\/wp\/v2\/categories?post=93977"},{"taxonomy":"post_tag","embeddable":true,"href":"https:\/\/www.europesays.com\/fr\/wp-json\/wp\/v2\/tags?post=93977"}],"curies":[{"name":"wp","href":"https:\/\/api.w.org\/{rel}","templated":true}]}}