{"id":93982,"date":"2025-05-12T10:23:11","date_gmt":"2025-05-12T10:23:11","guid":{"rendered":"https:\/\/www.europesays.com\/fr\/93982\/"},"modified":"2025-05-12T10:23:11","modified_gmt":"2025-05-12T10:23:11","slug":"le-profil-troublant-de-lhomme-activement-recherche-par-la-police","status":"publish","type":"post","link":"https:\/\/www.europesays.com\/fr\/93982\/","title":{"rendered":"le profil troublant de l\u2019homme activement recherch\u00e9 par la police"},"content":{"rendered":"<p>Voil\u00e0 11 jours qu&rsquo;\u00c9va, une jeune Ni\u00e7oise, a disparu sans laisser de traces. La jeune femme de 16 ans \u00e9tait d\u00e9scolaris\u00e9e depuis le mois de septembre 2024. Au moment des faits, le jeudi 1er mai 2025, ses r\u00e9seaux sociaux ont \u00e9t\u00e9 d\u00e9sactiv\u00e9s et son t\u00e9l\u00e9phone \u00e9teint, apr\u00e8s qu&rsquo;elle a quitt\u00e9 son domicile vers 10h30 et \u00e9t\u00e9 vue pour la derni\u00e8re fois place Garibaldi, aux alentours de 11h15. La derni\u00e8re localisation de l&rsquo;appareil indiquait Toulon. Ses parents pensent qu&rsquo;elle est tomb\u00e9e entre les mains d&rsquo;un r\u00e9seau de prostitution juv\u00e9nile : en appelant son num\u00e9ro de portable, sa maman tombe en effet sur un site d&rsquo;escort-girl, a-t-elle racont\u00e9 \u00e0 Ici Azur. Qui plus est, la jeune femme aurait fait de \u00ab\u00a0mauvaises rencontres\u00a0\u00bb r\u00e9cemment et notamment un jeune homme qui aurait contribu\u00e9 \u00e0 sa disparition, selon les parents. Principal suspect \u00e0 ce jour, il est activement recherch\u00e9 par les forces de l&rsquo;ordre.<\/p>\n<p>Le jeune homme suspect\u00e9 par la famille serait le \u00ab\u00a0petit ami\u00a0\u00bb d&rsquo;\u00c9va, a-t-on appris des d\u00e9clarations de la maman de la jeune femme \u00e0 France Bleu. Elle l&rsquo;aurait rencontr\u00e9 il y a quelques mois et, depuis, elle aurait pris l&rsquo;habitude de fuguer. Cet habitant du Var serait \u00ab\u00a0d\u00e9favorablement connu de la police\u00a0\u00bb, a par ailleurs racont\u00e9 la maman \u00e0 Marie France. Selon elle, il serait venu la chercher \u00e0 Nice avant de la ramener avec lui \u00e0 Toulon, o\u00f9 elle serait \u00e0 ses c\u00f4t\u00e9s. Toujours d&rsquo;apr\u00e8s la maman, ses nouvelles fr\u00e9quentations \u00ab\u00a0l&rsquo;ont coup\u00e9e peu \u00e0 peu de sa famille et de ses amis. Elle est compl\u00e8tement sous leur (&#8230;)<\/p>\n<p>(&#8230;) <a href=\"https:\/\/www.femmeactuelle.fr\/actu\/news-actu\/disparition-deva-le-profil-troublant-de-lhomme-activement-recherche-par-la-police-2192821\" rel=\"nofollow noopener\" target=\"_blank\" data-ylk=\"slk:Cliquez ici pour voir la suite;elm:context_link;itc:0;sec:content-canvas\" class=\"link \">Cliquez ici pour voir la suite<\/a><\/p>\n<p><a href=\"https:\/\/www.femmeactuelle.fr\/actu\/news-actu\/viols-en-serie-a-grenoble-ce-que-lon-sait-de-lhomme-a-la-trottinette-activement-recherche-par-la-police-2173167\" rel=\"nofollow noopener\" target=\"_blank\" data-ylk=\"slk:Viols en s\u00e9rie \u00e0 Grenoble : ce que l\u2019on sait de \u201cl\u2019homme \u00e0 la trottinette\u201d activement recherch\u00e9 par la police;elm:context_link;itc:0;sec:content-canvas\" class=\"link \">Viols en s\u00e9rie \u00e0 Grenoble : ce que l\u2019on sait de \u201cl\u2019homme \u00e0 la trottinette\u201d activement recherch\u00e9 par la police<\/a><br \/><a href=\"https:\/\/www.femmeactuelle.fr\/actu\/news-actu\/un-detenu-libere-de-prison-par-erreur-a-la-place-de-son-homonyme-l-homme-est-activement-recherche-2192456\" rel=\"nofollow noopener\" target=\"_blank\" data-ylk=\"slk:Un d\u00e9tenu lib\u00e9r\u00e9 de prison par erreur \u00e0 la place de son homonyme : l&#039;homme est activement recherch\u00e9;elm:context_link;itc:0;sec:content-canvas\" class=\"link \">Un d\u00e9tenu lib\u00e9r\u00e9 de prison par erreur \u00e0 la place de son homonyme : l&rsquo;homme est activement recherch\u00e9<\/a><br \/><a href=\"https:\/\/www.femmeactuelle.fr\/actu\/news-actu\/le-vainqueur-dun-million-deuros-activement-recherche-par-la-fdj-dans-les-alpes-maritimes-2187363\" rel=\"nofollow noopener\" target=\"_blank\" data-ylk=\"slk:Le vainqueur d\u2019un million d\u2019euros activement recherch\u00e9 par la FDJ : il a jusqu&#039;\u00e0 vendredi pour se manifester !;elm:context_link;itc:0;sec:content-canvas\" class=\"link \">Le vainqueur d\u2019un million d\u2019euros activement recherch\u00e9 par la FDJ : il a jusqu&rsquo;\u00e0 vendredi pour se manifester !<\/a><br \/><a href=\"https:\/\/www.femmeactuelle.fr\/actu\/news-actu\/un-homme-a-tente-deux-fillettes-dans-le-maine-et-loire-que-sait-on-de-cet-individu-activement-recherche-2191731\" rel=\"nofollow noopener\" target=\"_blank\" data-ylk=\"slk:Un homme a tent\u00e9 d&#039;enlever deux fillettes dans le Maine-et-Loire : que sait-on de cet individu activement recherch\u00e9;elm:context_link;itc:0;sec:content-canvas\" class=\"link \">Un homme a tent\u00e9 d&rsquo;enlever deux fillettes dans le Maine-et-Loire : que sait-on de cet individu activement recherch\u00e9<\/a><br \/><a href=\"https:\/\/www.femmeactuelle.fr\/actu\/news-actu\/paris-un-homme-arme-dune-lame-de-boucher-abattu-par-la-police-2170978\" rel=\"nofollow noopener\" target=\"_blank\" data-ylk=\"slk:Paris : un homme arm\u00e9 d&#039;une lame de boucher abattu par la police;elm:context_link;itc:0;sec:content-canvas\" class=\"link \">Paris : un homme arm\u00e9 d&rsquo;une lame de boucher abattu par la police<\/a><\/p>\n","protected":false},"excerpt":{"rendered":"Voil\u00e0 11 jours qu&rsquo;\u00c9va, une jeune Ni\u00e7oise, a disparu sans laisser de traces. La jeune femme de 16&hellip;\n","protected":false},"author":2,"featured_media":93983,"comment_status":"","ping_status":"","sticky":false,"template":"","format":"standard","meta":{"footnotes":""},"categories":[2819],"tags":[1111,11,1777,674,1011,27,17307,20650,12,2401,20649,882,25],"class_list":{"0":"post-93982","1":"post","2":"type-post","3":"status-publish","4":"format-standard","5":"has-post-thumbnail","7":"category-nice","8":"tag-actu","9":"tag-actualites","10":"tag-eu","11":"tag-europe","12":"tag-fr","13":"tag-france","14":"tag-jeune-femme","15":"tag-la-derniere-fois","16":"tag-news","17":"tag-nice","18":"tag-numero-de-portable","19":"tag-provence-alpes-cote-dazur","20":"tag-republique-francaise"},"share_on_mastodon":{"url":"https:\/\/pubeurope.com\/@fr\/114494374133364572","error":""},"_links":{"self":[{"href":"https:\/\/www.europesays.com\/fr\/wp-json\/wp\/v2\/posts\/93982","targetHints":{"allow":["GET"]}}],"collection":[{"href":"https:\/\/www.europesays.com\/fr\/wp-json\/wp\/v2\/posts"}],"about":[{"href":"https:\/\/www.europesays.com\/fr\/wp-json\/wp\/v2\/types\/post"}],"author":[{"embeddable":true,"href":"https:\/\/www.europesays.com\/fr\/wp-json\/wp\/v2\/users\/2"}],"replies":[{"embeddable":true,"href":"https:\/\/www.europesays.com\/fr\/wp-json\/wp\/v2\/comments?post=93982"}],"version-history":[{"count":0,"href":"https:\/\/www.europesays.com\/fr\/wp-json\/wp\/v2\/posts\/93982\/revisions"}],"wp:featuredmedia":[{"embeddable":true,"href":"https:\/\/www.europesays.com\/fr\/wp-json\/wp\/v2\/media\/93983"}],"wp:attachment":[{"href":"https:\/\/www.europesays.com\/fr\/wp-json\/wp\/v2\/media?parent=93982"}],"wp:term":[{"taxonomy":"category","embeddable":true,"href":"https:\/\/www.europesays.com\/fr\/wp-json\/wp\/v2\/categories?post=93982"},{"taxonomy":"post_tag","embeddable":true,"href":"https:\/\/www.europesays.com\/fr\/wp-json\/wp\/v2\/tags?post=93982"}],"curies":[{"name":"wp","href":"https:\/\/api.w.org\/{rel}","templated":true}]}}