{"id":93986,"date":"2025-05-12T10:25:15","date_gmt":"2025-05-12T10:25:15","guid":{"rendered":"https:\/\/www.europesays.com\/fr\/93986\/"},"modified":"2025-05-12T10:25:15","modified_gmt":"2025-05-12T10:25:15","slug":"les-travaux-debutent-sur-la-rn-165-des-bouchons-attendus","status":"publish","type":"post","link":"https:\/\/www.europesays.com\/fr\/93986\/","title":{"rendered":"les travaux d\u00e9butent sur la RN 165, des bouchons attendus"},"content":{"rendered":"<p>            Par<br \/>\n        <strong><br \/>\n            <a href=\"https:\/\/actu.fr\/auteur\/thomas-bernard\" title=\"Consulter tous les articles de Thomas Bernard\" rel=\"nofollow noopener\" target=\"_blank\">Thomas Bernard<\/a><br \/>\n        <\/strong><\/p>\n<p>        Publi\u00e9 le<\/p>\n<p>            12 mai 2025 \u00e0 10h24        <\/p>\n<p>La circulation va \u00eatre perturb\u00e9e pendant plusieurs semaines au nord ouest de Nantes. \u00c0 partir de ce <strong>lundi 12\u00a0mai 2025<\/strong>, \u00e0 <strong>10 h<\/strong>, d\u2019importants <a href=\"https:\/\/actu.fr\/pays-de-la-loire\/nantes_44109\/travaux-sur-le-peripherique-de-nantes-plus-d-un-mois-de-fermetures-attention-aux-bouchons_62511383.html\" rel=\"nofollow noopener\" target=\"_blank\">travaux de r\u00e9novation de la chauss\u00e9e d\u00e9butent sur la RN 165 \u00e0 hauteur de Sautron<\/a> (Loire-Atlantique).<\/p>\n<p class=\" wall-content\">Ce chantier entra\u00eene <strong>des fermetures<\/strong> entre Vannes (Morbihan) et Nantes.<\/p>\n<p>    <a href=\"https:\/\/www.facebook.com\/plugins\/post.php?href=https%3A%2F%2Fwww.facebook.com%2Fdirouest%2Fposts%2Fpfbid0soWB1ZAK8xhLGbPTqCauCeoNh1iZWCmwcNRZnJvm5XMV5A5uiWfGxU6F4WQW7PKwl&amp;show_text=true&amp;width=350\" title=\"Ouvrie le lien\" rel=\"nofollow noopener\" target=\"_blank\">Cliquez ici pour visualiser le contenu<\/a><\/p>\n<p>Des fermetures continues<\/p>\n<p class=\" wall-content\">\u00ab\u2009Des perturbations tr\u00e8s importantes sont attendues,<strong> notamment sur le p\u00e9riph\u00e9rique nantais\u2009\u00bb<\/strong>, pr\u00e9cise la Direction interd\u00e9partementale des routes de l\u2019ouest (Dir ouest).<\/p>\n<p class=\" wall-content\">Le chantier entra\u00eene des fermetures continues 24 h\/24,<strong> week-end compris<\/strong>, dans chaque sens de circulation selon deux p\u00e9riodes successives.<\/p>\n<p>Vid\u00e9os : en ce moment sur Actu<\/p>\n<ul class=\" wall-content\">\n<li><strong>Du 12 au 28\u00a0mai<\/strong>\u2009: fermeture de la RN165 dans le sens Vannes-Nantes et fermeture de la bretelle de sortie \u00e0 l\u2019\u00e9changeur de l\u2019Esp\u00e9rance. <strong>Ces mesures seront lev\u00e9es pendant le week-end de l\u2019Ascension du jeudi 29\u00a0mai au dimanche 1er\u00a0juin inclus<\/strong>.<\/li>\n<li><strong>Du 2 au 27\u00a0juin<\/strong>\u2009: fermeture dans le sens Nantes-Vannes et fermeture de la bretelle d\u2019entr\u00e9e \u00e0 l\u2019\u00e9changeur de l\u2019Esp\u00e9rance. <strong>Ces restrictions seront maintenues pendant le week-end de la Pentec\u00f4te<\/strong>.<\/li>\n<\/ul>\n<p class=\" wall-content\">\u00ab\u2009La prudence est vivement recommand\u00e9e aux abords du chantier, et les usagers sont invit\u00e9s \u00e0 adapter leurs d\u00e9placements dans la mesure du possible\u2009\u00bb, rappelle la Dir ouest.<\/p>\n<p class=\" wall-content\">Suivez toute l\u2019actualit\u00e9 de vos villes et m\u00e9dias favoris en vous inscrivant \u00e0 <a href=\"https:\/\/moncompte.actu.fr\" title=\"D\u00e9couvez Mon Actu\" rel=\"nofollow noopener\" data-trk=\"{&quot;cta&quot;:{&quot;action&quot;:&quot;https:\\\/\\\/moncompte.actu.fr&quot;,&quot;category&quot;:&quot;mon compte&quot;,&quot;from&quot;:&quot;article footer&quot;,&quot;name&quot;:&quot;Mon actu&quot;,&quot;type&quot;:&quot;cta&quot;}}\" target=\"_blank\">Mon Actu<\/a>.<\/p>\n","protected":false},"excerpt":{"rendered":"Par Thomas Bernard Publi\u00e9 le 12 mai 2025 \u00e0 10h24 La circulation va \u00eatre perturb\u00e9e pendant plusieurs semaines&hellip;\n","protected":false},"author":2,"featured_media":93987,"comment_status":"","ping_status":"","sticky":false,"template":"","format":"standard","meta":{"footnotes":""},"categories":[2818],"tags":[1111,11,3542,1777,674,1011,27,766,12,2636,4013,25,104,2086],"class_list":{"0":"post-93986","1":"post","2":"type-post","3":"status-publish","4":"format-standard","5":"has-post-thumbnail","7":"category-nantes","8":"tag-actu","9":"tag-actualites","10":"tag-circulation","11":"tag-eu","12":"tag-europe","13":"tag-fr","14":"tag-france","15":"tag-nantes","16":"tag-news","17":"tag-pays-de-la-loire","18":"tag-peripherique","19":"tag-republique-francaise","20":"tag-societe","21":"tag-travaux"},"share_on_mastodon":{"url":"https:\/\/pubeurope.com\/@fr\/114494382074936946","error":""},"_links":{"self":[{"href":"https:\/\/www.europesays.com\/fr\/wp-json\/wp\/v2\/posts\/93986","targetHints":{"allow":["GET"]}}],"collection":[{"href":"https:\/\/www.europesays.com\/fr\/wp-json\/wp\/v2\/posts"}],"about":[{"href":"https:\/\/www.europesays.com\/fr\/wp-json\/wp\/v2\/types\/post"}],"author":[{"embeddable":true,"href":"https:\/\/www.europesays.com\/fr\/wp-json\/wp\/v2\/users\/2"}],"replies":[{"embeddable":true,"href":"https:\/\/www.europesays.com\/fr\/wp-json\/wp\/v2\/comments?post=93986"}],"version-history":[{"count":0,"href":"https:\/\/www.europesays.com\/fr\/wp-json\/wp\/v2\/posts\/93986\/revisions"}],"wp:featuredmedia":[{"embeddable":true,"href":"https:\/\/www.europesays.com\/fr\/wp-json\/wp\/v2\/media\/93987"}],"wp:attachment":[{"href":"https:\/\/www.europesays.com\/fr\/wp-json\/wp\/v2\/media?parent=93986"}],"wp:term":[{"taxonomy":"category","embeddable":true,"href":"https:\/\/www.europesays.com\/fr\/wp-json\/wp\/v2\/categories?post=93986"},{"taxonomy":"post_tag","embeddable":true,"href":"https:\/\/www.europesays.com\/fr\/wp-json\/wp\/v2\/tags?post=93986"}],"curies":[{"name":"wp","href":"https:\/\/api.w.org\/{rel}","templated":true}]}}