{"id":939987,"date":"2026-05-18T02:27:31","date_gmt":"2026-05-18T02:27:31","guid":{"rendered":"https:\/\/www.europesays.com\/fr\/939987\/"},"modified":"2026-05-18T02:27:31","modified_gmt":"2026-05-18T02:27:31","slug":"ligue-1-humilie-par-lens-lyon-rate-sa-sortie-et-termine-quatrieme","status":"publish","type":"post","link":"https:\/\/www.europesays.com\/fr\/939987\/","title":{"rendered":"Ligue 1 : Humili\u00e9 par Lens, Lyon rate sa sortie et termine quatri\u00e8me"},"content":{"rendered":"<p class=\"mb-4 text-lg md:leading-8 break-words\">Battu 4 \u00e0 0 par Lens dimanche au Groupama stadium en match de la 34e et derni\u00e8re journ\u00e9e de Ligue 1, Lyon a totalement rat\u00e9 sa sortie et termine \u00e0 la 4e place du classement, qualificative pour les tours pr\u00e9liminaires de la Ligue des Champions.<\/p>\n<p class=\"mb-4 text-lg md:leading-8 break-words\">Ces deux, voire quatre rencontres suppl\u00e9mentaires au c\u0153ur de l&rsquo;\u00e9t\u00e9 risquent d&rsquo;impacter la pr\u00e9paration estivale et la reprise de la comp\u00e9tition du club rhodanien en ao\u00fbt.<\/p>\n<p class=\"mb-4 text-lg md:leading-8 break-words\">Cette quatri\u00e8me place, inesp\u00e9r\u00e9e malgr\u00e9 tout l&rsquo;\u00e9t\u00e9 dernier apr\u00e8s une r\u00e9trogradation administrative en Ligue 2 pour de graves manquements financiers, rend aussi les revenus li\u00e9s aux coupes d&rsquo;Europe tr\u00e8s incertains pour l&rsquo;Olympique lyonnais toujours sous grosse pression financi\u00e8re.<\/p>\n<p class=\"mb-4 text-lg md:leading-8 break-words\">Pour se classer 3e, l&rsquo;OL devait gagner ou au moins obtenir un r\u00e9sultat nul face au Racing de son ancien entra\u00eeneur, Pierre Sage, limog\u00e9 fin janvier 2025 par John Textor, assur\u00e9 de finir 2e et compter sur un faux pas de Lille devant Auxerre. Lille a bien perdu \u00e0 domicile (2-0), mais Lyon n&rsquo;en a pas profit\u00e9.<\/p>\n<p class=\"mb-4 text-lg md:leading-8 break-words\">L&rsquo;Olympique lyonnais peut donc nourrir de s\u00e9rieux regrets sur le r\u00e9sultat plus que sur sa performance de dimanche.<\/p>\n<p class=\"mb-4 text-lg md:leading-8 break-words\">Il tenait pourtant sa place sur le podium et la qualification directe pour la C1 apr\u00e8s avoir battu Rennes (4-2), le 3 mai.<\/p>\n<p class=\"mb-4 text-lg md:leading-8 break-words\">Le club rhodanien, assur\u00e9 d&rsquo;\u00eatre au moins en Ligue Europa avant m\u00eame les deux derni\u00e8res journ\u00e9es, conclut ainsi le championnat par deux d\u00e9faites apr\u00e8s avoir d\u00e9j\u00e0 perdu \u00e0 Toulouse (2-1) le 10 mai.<\/p>\n<p class=\"mb-4 text-lg md:leading-8 break-words\">Une nouvelle fois, l&rsquo;entra\u00eeneur Paulo Fonseca n&rsquo;a pu qualifier directement son \u00e9quipe, \u00e0 Lille comme \u00e0 Lyon, pour la Ligue des Champions.<\/p>\n<p class=\"mb-4 text-lg md:leading-8 break-words\">Il semble m\u00eame porter la responsabilit\u00e9 de ce dernier revers avec un onze de d\u00e9part surprenant m\u00eame si son \u00e9quipe \u00e9tait priv\u00e9e de l&rsquo;Anglais Tyler Morton. Recrut\u00e9 l&rsquo;\u00e9t\u00e9 dernier mais souffrant d&rsquo;une pubalgie, il a \u00e9t\u00e9 l&rsquo;un des m\u00e9tronomes de l&rsquo;entrejeu de l&rsquo;OL cette saison.<\/p>\n<p class=\"mb-4 text-lg md:leading-8 break-words\">&#8211; Thauvin porte l&rsquo;estocade &#8211;<\/p>\n<p class=\"mb-4 text-lg md:leading-8 break-words\">Jamais Lyon, battu dans les duels et totalement domin\u00e9 en milieu de terrain, n&rsquo;a \u00e9t\u00e9 \u00e0 la hauteur, notamment en premi\u00e8re p\u00e9riode face \u00e0 un adversaire terriblement efficace avec trois buts sur ses trois tirs cadr\u00e9s en sept tentatives.<\/p>\n<p class=\"mb-4 text-lg md:leading-8 break-words\">Un doubl\u00e9 de Wesley Sa\u00efd a rapidement douch\u00e9 le public lyonnais. Il a ouvert la marque d\u00e8s la 20e minute en convertissant un bon service de Kyllian Antonio avant de doubler la mise, malgr\u00e9 un angle ferm\u00e9, apr\u00e8s une passe d&rsquo;Amadou Ha\u00efdara (32).<\/p>\n<p class=\"mb-4 text-lg md:leading-8 break-words\">Florian Sotoca, servi par Florian Thauvin, a port\u00e9 le coup de gr\u00e2ce dans le temps additionnel de la premi\u00e8re p\u00e9riode. C&rsquo;est le premier but de Sotoca cette saison et la sixi\u00e8me passe d\u00e9cisive pour Thauvin.<\/p>\n<p class=\"mb-4 text-lg md:leading-8 break-words\">A la mi-temps, les remplacements d&rsquo;Ainsley Maitland-Niles par Hans Hateboer et de Ruben Kluivert par Roman Yaremchuk conjug\u00e9s \u00e0 un changement d&rsquo;organisation de jeu ont \u00e9t\u00e9 trop tardifs pour permettre aux Lyonnais de revenir au score.<\/p>\n<p class=\"mb-4 text-lg md:leading-8 break-words\">Pire m\u00eame, Thauvin en contre a ajout\u00e9 un quatri\u00e8me but pour autant de tirs cadr\u00e9s (53), une humiliation le soir o\u00f9 le club rhodanien avait rendu hommage \u00e0 sa l\u00e9gende, Fleury Di Nallo, d\u00e9c\u00e9d\u00e9e cette semaine \u00e0 l&rsquo;\u00e2ge de 83 ans.<\/p>\n<p class=\"mb-4 text-lg md:leading-8 break-words\">Le tir de Yaremchuk heurtant la barre \u00e0 la 58e minute est finalement tout \u00e0 fait anecdotique, au m\u00eame titre que les deux occasions de Pavel Sulc (70, 90+2).<\/p>\n<p class=\"mb-4 text-lg md:leading-8 break-words\">fjt\/cpb\/<\/p>\n","protected":false},"excerpt":{"rendered":"Battu 4 \u00e0 0 par Lens dimanche au Groupama stadium en match de la 34e et derni\u00e8re journ\u00e9e&hellip;\n","protected":false},"author":2,"featured_media":939988,"comment_status":"","ping_status":"","sticky":false,"template":"","format":"standard","meta":{"footnotes":"","_share_on_mastodon":"0"},"categories":[1889],"tags":[1111,11,2430,4245,80305,99661,1777,674,99662,1011,27,99666,99664,99665,71203,447,1307,2428,44722,12,584,25,99663,40188,45845,2312,55385,53990],"class_list":["post-939987","post","type-post","status-publish","format-standard","has-post-thumbnail","category-lyon","tag-actu","tag-actualites","tag-auvergne-rhone-alpes","tag-auxerre","tag-clinton","tag-derniere-journee-de-ligue-1","tag-eu","tag-europe","tag-florian-sotoca","tag-fr","tag-france","tag-haidara","tag-hans-hateboer","tag-kyllian-antonio","tag-l39olympique-lyonnais","tag-ligue-des-champions","tag-lille","tag-lyon","tag-milieu-de-terrain","tag-news","tag-rennes","tag-republique-francaise","tag-roman-yaremchuk","tag-ruben-kluivert","tag-thauvin","tag-toulouse","tag-tyler-morton","tag-wesley-said"],"share_on_mastodon":{"url":"https:\/\/pubeurope.com\/@fr\/116593219717488456","error":""},"_links":{"self":[{"href":"https:\/\/www.europesays.com\/fr\/wp-json\/wp\/v2\/posts\/939987","targetHints":{"allow":["GET"]}}],"collection":[{"href":"https:\/\/www.europesays.com\/fr\/wp-json\/wp\/v2\/posts"}],"about":[{"href":"https:\/\/www.europesays.com\/fr\/wp-json\/wp\/v2\/types\/post"}],"author":[{"embeddable":true,"href":"https:\/\/www.europesays.com\/fr\/wp-json\/wp\/v2\/users\/2"}],"replies":[{"embeddable":true,"href":"https:\/\/www.europesays.com\/fr\/wp-json\/wp\/v2\/comments?post=939987"}],"version-history":[{"count":0,"href":"https:\/\/www.europesays.com\/fr\/wp-json\/wp\/v2\/posts\/939987\/revisions"}],"wp:featuredmedia":[{"embeddable":true,"href":"https:\/\/www.europesays.com\/fr\/wp-json\/wp\/v2\/media\/939988"}],"wp:attachment":[{"href":"https:\/\/www.europesays.com\/fr\/wp-json\/wp\/v2\/media?parent=939987"}],"wp:term":[{"taxonomy":"category","embeddable":true,"href":"https:\/\/www.europesays.com\/fr\/wp-json\/wp\/v2\/categories?post=939987"},{"taxonomy":"post_tag","embeddable":true,"href":"https:\/\/www.europesays.com\/fr\/wp-json\/wp\/v2\/tags?post=939987"}],"curies":[{"name":"wp","href":"https:\/\/api.w.org\/{rel}","templated":true}]}}