{"id":9400,"date":"2025-04-08T04:59:15","date_gmt":"2025-04-08T04:59:15","guid":{"rendered":"https:\/\/www.europesays.com\/fr\/9400\/"},"modified":"2025-04-08T04:59:15","modified_gmt":"2025-04-08T04:59:15","slug":"florent-pagny-cree-la-surprise-et-prend-une-decision-radicale-et-inedite","status":"publish","type":"post","link":"https:\/\/www.europesays.com\/fr\/9400\/","title":{"rendered":"Florent Pagny cr\u00e9e la surprise et prend une d\u00e9cision radicale (et in\u00e9dite)"},"content":{"rendered":"<p>C\u2019est une premi\u00e8re dans l\u2019\u00e9mission. Samedi soir dans \u00ab\u00a0<a href=\"https:\/\/www.20minutes.fr\/television\/the-voice\/\" class=\"color-ultramarine c-link\" target=\"_blank\" rel=\"noopener\">The Voice<\/a>\u00a0\u00bb, <a href=\"https:\/\/www.20minutes.fr\/dossier\/florent_pagny\" class=\"color-ultramarine c-link\" target=\"_blank\" rel=\"noopener\">Florent Pagny<\/a> a vu s\u2019affronter trois de ses talents lors de l\u2019\u00e9preuve des groupes. Levon, Salvatore et S\u00e9bastien Longhi ont ainsi interpr\u00e9t\u00e9 le classique Nessun Dorma de Giacomo Puccini, sous les yeux \u00e9bahis et conquis des juges. \u00ab\u00a0Je suis qui pour pouvoir donner mon avis sur des voix comme \u00e7a\u00a0?\u00a0\u00bb, a notamment r\u00e9agi <a href=\"https:\/\/www.20minutes.fr\/arts-stars\/culture\/musique\/4118253-20241029-the-voice-genre-coachs-patricia-kaas-zaz-elles\" class=\"color-ultramarine c-link\" target=\"_blank\" rel=\"noopener\">Patricia Kaas<\/a>, rapporte <a href=\"https:\/\/www.tf1info.fr\/culture\/programme-tv-the-voice-2025-tf1-florent-pagny-cree-le-premier-groupe-de-l-histoire-de-l-emission-2362918.html\" target=\"_blank\" class=\"color-ultramarine c-link\" rel=\"noopener\">le site de TF1 Info<\/a>.<\/p>\n<p>Une prestation impressionnante qui a mis Florent Pagny dans une position d\u00e9licate. \u00ab\u00a0Les trois, c\u2019est un dr\u00f4le de tableau. C\u2019est tr\u00e8s difficile de dire lequel je vais prendre tellement ils ont assur\u00e9\u00a0\u00bb, a-t-il ainsi expliqu\u00e9. Face \u00e0 la complicit\u00e9 \u00e9vidente des chanteurs et \u00e0 son incapacit\u00e9 de choisir, l\u2019artiste a pris une d\u00e9cision radicale\u00a0: la cr\u00e9ation d\u2019un trio.<\/p>\n<p>\u00ab\u00a0Je vais vous garder tous les trois\u00a0!\u00a0\u00bb<\/p>\n<p>Aucun des trois candidats ne quittera donc l\u2019\u00e9mission \u00e0 ce stade. Levon, Salvatore et S\u00e9bastien Longhi chanteront ensemble lors des battles, la prochaine \u00e9tape de la saison. \u00ab\u00a0On n\u2019a jamais fait ce qu\u2019on va faire l\u00e0, mais on va trouver un nom de groupe et je vais vous garder tous les trois\u00a0!\u00a0\u00bb, a d\u00e9clar\u00e9 Florent Pagny.<\/p>\n<\/p>\n<p>Comme le pr\u00e9cise <a href=\"https:\/\/www.programme-tv.net\/news\/tv\/375184-du-jamais-vu-dans-the-voice-2025-florent-pagny-prend-une-decision-inedite-pour-plusieurs-candidats\/\" target=\"_blank\" class=\"color-ultramarine c-link\" rel=\"noopener\">T\u00e9l\u00e9 Loisirs<\/a>, les chanteurs ont d\u00e9cid\u00e9 d\u2019appeler leur trio \u00ab\u00a0Il Cello\u00a0\u00bb (le violoncelle, en italien), \u00ab\u00a0l\u2019instrument qui se rapproche le plus de la voix humaine\u00a0\u00bb, explique Levon. Le site ajoute que la cr\u00e9ation d\u2019un groupe de trois chanteurs est une premi\u00e8re dans l\u2019histoire du programme. Cette nouveaut\u00e9 leur portera-t-elle chance\u00a0? R\u00e9ponse dans les semaines \u00e0 venir.<\/p>\n","protected":false},"excerpt":{"rendered":"C\u2019est une premi\u00e8re dans l\u2019\u00e9mission. Samedi soir dans \u00ab\u00a0The Voice\u00a0\u00bb, Florent Pagny a vu s\u2019affronter trois de ses&hellip;\n","protected":false},"author":2,"featured_media":9401,"comment_status":"","ping_status":"","sticky":false,"template":"","format":"standard","meta":{"footnotes":""},"categories":[1356],"tags":[1696,58,4739,59,3109,1011,27,252,199,3074,1364],"class_list":{"0":"post-9400","1":"post","2":"type-post","3":"status-publish","4":"format-standard","5":"has-post-thumbnail","7":"category-television","8":"tag-chanteur","9":"tag-divertissement","10":"tag-emission-de-television","11":"tag-entertainment","12":"tag-florent-pagny","13":"tag-fr","14":"tag-france","15":"tag-television","16":"tag-tf1","17":"tag-the-voice","18":"tag-tv"},"share_on_mastodon":{"url":"https:\/\/pubeurope.com\/@fr\/114300581508297283","error":""},"_links":{"self":[{"href":"https:\/\/www.europesays.com\/fr\/wp-json\/wp\/v2\/posts\/9400","targetHints":{"allow":["GET"]}}],"collection":[{"href":"https:\/\/www.europesays.com\/fr\/wp-json\/wp\/v2\/posts"}],"about":[{"href":"https:\/\/www.europesays.com\/fr\/wp-json\/wp\/v2\/types\/post"}],"author":[{"embeddable":true,"href":"https:\/\/www.europesays.com\/fr\/wp-json\/wp\/v2\/users\/2"}],"replies":[{"embeddable":true,"href":"https:\/\/www.europesays.com\/fr\/wp-json\/wp\/v2\/comments?post=9400"}],"version-history":[{"count":0,"href":"https:\/\/www.europesays.com\/fr\/wp-json\/wp\/v2\/posts\/9400\/revisions"}],"wp:featuredmedia":[{"embeddable":true,"href":"https:\/\/www.europesays.com\/fr\/wp-json\/wp\/v2\/media\/9401"}],"wp:attachment":[{"href":"https:\/\/www.europesays.com\/fr\/wp-json\/wp\/v2\/media?parent=9400"}],"wp:term":[{"taxonomy":"category","embeddable":true,"href":"https:\/\/www.europesays.com\/fr\/wp-json\/wp\/v2\/categories?post=9400"},{"taxonomy":"post_tag","embeddable":true,"href":"https:\/\/www.europesays.com\/fr\/wp-json\/wp\/v2\/tags?post=9400"}],"curies":[{"name":"wp","href":"https:\/\/api.w.org\/{rel}","templated":true}]}}