{"id":94005,"date":"2025-05-12T10:35:08","date_gmt":"2025-05-12T10:35:08","guid":{"rendered":"https:\/\/www.europesays.com\/fr\/94005\/"},"modified":"2025-05-12T10:35:08","modified_gmt":"2025-05-12T10:35:08","slug":"le-contenu-etonnant-de-leurs-bagages-fait-tiquer-les-douaniers","status":"publish","type":"post","link":"https:\/\/www.europesays.com\/fr\/94005\/","title":{"rendered":"le contenu \u00e9tonnant de leurs bagages fait tiquer les douaniers"},"content":{"rendered":"<p>            Par<br \/>\n        <strong><br \/>\n            <a href=\"https:\/\/actu.fr\/auteur\/anthony-soudani\" title=\"Consulter tous les articles de Anthony Soudani\" target=\"_blank\" rel=\"noopener\">Anthony Soudani<\/a><br \/>\n        <\/strong><\/p>\n<p>        Publi\u00e9 le<\/p>\n<p>            12 mai 2025 \u00e0 12h17        <\/p>\n<p>Ce sont des souvenirs qu\u2019il est interdit de ramener dans sa valise. Un couple revenant de Bali (Indon\u00e9sie), via Madrid (Espagne), a \u00e9t\u00e9 stopp\u00e9 par la douane \u00e0 l\u2019<a href=\"https:\/\/actu.fr\/auvergne-rhone-alpes\/colombier-saugnieu_69299\/lyon-c-etait-quoi-ce-gigantesque-avion-qui-s-est-pose-a-l-aeroport_62598977.html\" target=\"_blank\" rel=\"noopener\">a\u00e9roport de Lyon Saint-Exup\u00e9ry<\/a>, le 5 mai 2025. Il transportait plusieurs kilos de coraux\u2026<\/p>\n<p>18 coraux dans leurs bagages\u2026 la douane dit non<\/p>\n<p class=\" wall-content\">Les douaniers ont d\u00e9couvert pas moins de 18 coraux (3,1 kg) dans les bagages de ces vacanciers. Les coraux \u00e9tant des esp\u00e8ces prot\u00e9g\u00e9es, leur importation est r\u00e9glement\u00e9e.\u00a0<\/p>\n<p class=\" wall-content\">La direction g\u00e9n\u00e9rale des douanes et droits indirects a m\u00eame r\u00e9agi sur X en publiant la photo de cette saisie.<\/p>\n<p class=\" wall-content\">\n<p class=\" wall-content\">En effet, si vous rapportez dans vos bagages <strong>des sacs en peau de crocodile, du caviar, certains cactus ou des coraux,<\/strong> il faut\u00a0vous renseigner sur la Convention sur le commerce international des esp\u00e8ces sauvages de faune et de flore menac\u00e9es d\u2019extinction (CITES), appel\u00e9e \u00e9galement Convention de Washington.<\/p>\n<p>Le couple risque une grosse amende<\/p>\n<p class=\" wall-content\">L\u2019importation ou la (r\u00e9)exportation de sp\u00e9cimens CITES est subordonn\u00e9e \u00e0 la pr\u00e9sentation pr\u00e9alable aux services des douanes de documents CITES qui varient selon l\u2019annexe et le flux (import, export) concern\u00e9s.<\/p>\n<p>Vid\u00e9os : en ce moment sur Actu<\/p>\n<p class=\" wall-content\">La CITES r\u00e9glemente le commerce international des animaux ou plantes \u2013 vivants ou morts \u2013 ainsi qu\u2019\u00e0 leurs parties et produits d\u00e9riv\u00e9s, afin de prot\u00e9ger la biodiversit\u00e9 et de favoriser une utilisation durable des esp\u00e8ces sauvages.<\/p>\n<p class=\" wall-content\">Concernant le couple de vacanciers, il risque jusqu\u2019\u00e0 3 ans d\u2019emprisonnement et 150 000 euros d\u2019amende.<\/p>\n<p class=\" wall-content\">Suivez toute l\u2019actualit\u00e9 de vos villes et m\u00e9dias favoris en vous inscrivant \u00e0 <a href=\"https:\/\/moncompte.actu.fr\" title=\"D\u00e9couvez Mon Actu\" rel=\"nofollow noopener\" data-trk=\"{&quot;cta&quot;:{&quot;action&quot;:&quot;https:\\\/\\\/moncompte.actu.fr&quot;,&quot;category&quot;:&quot;mon compte&quot;,&quot;from&quot;:&quot;article footer&quot;,&quot;name&quot;:&quot;Mon actu&quot;,&quot;type&quot;:&quot;cta&quot;}}\" target=\"_blank\">Mon Actu<\/a>.<\/p>\n<ul class=\"ac-article-tag wall-content\">\n<li><a href=\"https:\/\/actu.fr\/tag\/aeroport-lyon-saint-exupery\" data-trk=\"{&quot;cta&quot;:{&quot;action&quot;:&quot;A\\u00e9roport Lyon-Saint-Exupery&quot;,&quot;category&quot;:&quot;tag&quot;,&quot;from&quot;:&quot;article footer&quot;,&quot;name&quot;:&quot;A\\u00e9roport Lyon-Saint-Exupery&quot;,&quot;type&quot;:&quot;cta&quot;}}\" target=\"_blank\" rel=\"noopener\">#A\u00e9roport Lyon-Saint-Exupery<\/a><\/li>\n<li><a href=\"https:\/\/actu.fr\/tag\/insolite\" data-trk=\"{&quot;cta&quot;:{&quot;action&quot;:&quot;Insolite&quot;,&quot;category&quot;:&quot;tag&quot;,&quot;from&quot;:&quot;article footer&quot;,&quot;name&quot;:&quot;Insolite&quot;,&quot;type&quot;:&quot;cta&quot;}}\" target=\"_blank\" rel=\"noopener\">#Insolite<\/a><\/li>\n<\/ul>\n","protected":false},"excerpt":{"rendered":"Par Anthony Soudani Publi\u00e9 le 12 mai 2025 \u00e0 12h17 Ce sont des souvenirs qu\u2019il est interdit de&hellip;\n","protected":false},"author":2,"featured_media":94006,"comment_status":"","ping_status":"","sticky":false,"template":"","format":"standard","meta":{"footnotes":""},"categories":[1889],"tags":[1111,11,12526,2430,1777,674,118,1011,27,1757,2428,12,25],"class_list":{"0":"post-94005","1":"post","2":"type-post","3":"status-publish","4":"format-standard","5":"has-post-thumbnail","7":"category-lyon","8":"tag-actu","9":"tag-actualites","10":"tag-aeroport-lyon-saint-exupery","11":"tag-auvergne-rhone-alpes","12":"tag-eu","13":"tag-europe","14":"tag-faits-divers","15":"tag-fr","16":"tag-france","17":"tag-insolite","18":"tag-lyon","19":"tag-news","20":"tag-republique-francaise"},"share_on_mastodon":{"url":"https:\/\/pubeurope.com\/@fr\/114494421639771489","error":""},"_links":{"self":[{"href":"https:\/\/www.europesays.com\/fr\/wp-json\/wp\/v2\/posts\/94005","targetHints":{"allow":["GET"]}}],"collection":[{"href":"https:\/\/www.europesays.com\/fr\/wp-json\/wp\/v2\/posts"}],"about":[{"href":"https:\/\/www.europesays.com\/fr\/wp-json\/wp\/v2\/types\/post"}],"author":[{"embeddable":true,"href":"https:\/\/www.europesays.com\/fr\/wp-json\/wp\/v2\/users\/2"}],"replies":[{"embeddable":true,"href":"https:\/\/www.europesays.com\/fr\/wp-json\/wp\/v2\/comments?post=94005"}],"version-history":[{"count":0,"href":"https:\/\/www.europesays.com\/fr\/wp-json\/wp\/v2\/posts\/94005\/revisions"}],"wp:featuredmedia":[{"embeddable":true,"href":"https:\/\/www.europesays.com\/fr\/wp-json\/wp\/v2\/media\/94006"}],"wp:attachment":[{"href":"https:\/\/www.europesays.com\/fr\/wp-json\/wp\/v2\/media?parent=94005"}],"wp:term":[{"taxonomy":"category","embeddable":true,"href":"https:\/\/www.europesays.com\/fr\/wp-json\/wp\/v2\/categories?post=94005"},{"taxonomy":"post_tag","embeddable":true,"href":"https:\/\/www.europesays.com\/fr\/wp-json\/wp\/v2\/tags?post=94005"}],"curies":[{"name":"wp","href":"https:\/\/api.w.org\/{rel}","templated":true}]}}