{"id":94007,"date":"2025-05-12T10:36:32","date_gmt":"2025-05-12T10:36:32","guid":{"rendered":"https:\/\/www.europesays.com\/fr\/94007\/"},"modified":"2025-05-12T10:36:32","modified_gmt":"2025-05-12T10:36:32","slug":"le-conseil-economique-social-et-environnemental-dile-de-france-sur-la-sellette-apres-un-vote-a-lassemblee-nationale","status":"publish","type":"post","link":"https:\/\/www.europesays.com\/fr\/94007\/","title":{"rendered":"Le Conseil \u00e9conomique, social et environnemental d&rsquo;Ile-de-France sur la sellette apr\u00e8s un vote \u00e0 l&rsquo;Assembl\u00e9e nationale"},"content":{"rendered":"<p><a href=\"https:\/\/94.citoyens.com\/2025\/valerie-pecresse-reaffirme-son-attachement-au-ceser-ile-de-france,27-03-2025.html\" title=\"Val\u00e9rie P\u00e9cresse r\u00e9affirme son \u201cattachement\u201d au Ceser Ile-de-France\" class=\"visuel\" target=\"_blank\" rel=\"noopener\"> <img decoding=\"async\" src=\"https:\/\/www.europesays.com\/fr\/wp-content\/uploads\/2025\/05\/cr-idf-380x173.jpg\"  class=\"attachment-home-article wp-post-image lazyload\" alt=\"Val\u00e9rie P\u00e9cresse r\u00e9affirme son \u201cattachement\u201d au Ceser Ile-de-France\"\/>  \u00a9 CR IDF\t <\/a>  <img decoding=\"async\" class=\"icone-article-payant\" alt=\"Article r\u00e9serv\u00e9 aux abonn\u00e9s\" src=\"https:\/\/www.europesays.com\/fr\/wp-content\/uploads\/2025\/04\/sans_contour_32x32_couleur_originale.png\"\/>  <a href=\"https:\/\/94.citoyens.com\/2025\/valerie-pecresse-reaffirme-son-attachement-au-ceser-ile-de-france,27-03-2025.html\" title=\"Val\u00e9rie P\u00e9cresse r\u00e9affirme son \u201cattachement\u201d au Ceser Ile-de-France\" target=\"_blank\" rel=\"noopener\"> Val\u00e9rie P\u00e9cresse r\u00e9affirme son \u201cattachement\u201d au Ceser Ile-de-France\t<\/a><\/p>\n<p>Deux jours apr\u00e8s le vote d\u2019un amendement \u00e0 l\u2019Assembl\u00e9e nationale, ouvrant la voie aux suppressions des conseils \u00e9conomiques, sociaux et environnementaux r\u00e9gionaux (Ceser), la pr\u00e9sidente d\u2019Ile-de-France, Val\u00e9rie P\u00e9cresse, a r\u00e9affirm\u00e9 son \u201cattachement\u201d au Ceser Ile-de-France.<\/p>\n<p><a href=\"https:\/\/94.citoyens.com\/2025\/municipales-2026-a-paris-lassemblee-nationale-change-le-mode-de-scrutin,09-04-2025.html\" title=\"Municipales 2026 \u00e0 Paris\u00a0: l\u2019Assembl\u00e9e nationale change le mode de scrutin\" class=\"visuel\" target=\"_blank\" rel=\"noopener\"> <img decoding=\"async\" src=\"https:\/\/www.europesays.com\/fr\/wp-content\/uploads\/2025\/05\/panorama-de-lhemicyle-de-lassemblee-nationale-wcc-richard-ying-et-tangui-morlier-380x173.jpg\"  class=\"attachment-home-article wp-post-image lazyload\" alt=\"Municipales 2026 \u00e0 Paris\u00a0: l\u2019Assembl\u00e9e nationale change le mode de scrutin\"\/>  \u00a9 -wcc-richard-ying-et-tangui-morlier\t <\/a>  <img decoding=\"async\" class=\"icone-article-payant\" alt=\"Article r\u00e9serv\u00e9 aux abonn\u00e9s\" src=\"https:\/\/www.europesays.com\/fr\/wp-content\/uploads\/2025\/04\/sans_contour_32x32_couleur_originale.png\"\/>  <a href=\"https:\/\/94.citoyens.com\/2025\/municipales-2026-a-paris-lassemblee-nationale-change-le-mode-de-scrutin,09-04-2025.html\" title=\"Municipales 2026 \u00e0 Paris\u00a0: l\u2019Assembl\u00e9e nationale change le mode de scrutin\" target=\"_blank\" rel=\"noopener\"> Municipales 2026 \u00e0 Paris\u00a0: l\u2019Assembl\u00e9e nationale change le mode de scrutin\t<\/a><\/p>\n<p>A moins d\u2019un an des municipales, les d\u00e9put\u00e9s ont adopt\u00e9 mardi soir le principal article de la r\u00e9forme du scrutin \u00e0 Paris, Lyon et Marseille, dans un h\u00e9micycle tr\u00e8s divis\u00e9 et aux rep\u00e8res chamboul\u00e9s.<\/p>\n","protected":false},"excerpt":{"rendered":"\u00a9 CR IDF Val\u00e9rie P\u00e9cresse r\u00e9affirme son \u201cattachement\u201d au Ceser Ile-de-France Deux jours apr\u00e8s le vote d\u2019un amendement&hellip;\n","protected":false},"author":2,"featured_media":94008,"comment_status":"","ping_status":"","sticky":false,"template":"","format":"standard","meta":{"footnotes":""},"categories":[1592],"tags":[1111,11,20655,20656,416,2325,2326,20657,257,436,1777,674,1011,27,662,6353,20234,2338,12,626,20658,316,20659,12227,25,20660],"class_list":{"0":"post-94007","1":"post","2":"type-post","3":"status-publish","4":"format-standard","5":"has-post-thumbnail","7":"category-ile-de-france","8":"tag-actu","9":"tag-actualites","10":"tag-alain-martinez","11":"tag-annie-lahmer","12":"tag-assemblee-nationale","13":"tag-celine-malaise","14":"tag-ceser","15":"tag-developpement-economique","16":"tag-entreprise","17":"tag-environnement","18":"tag-eu","19":"tag-europe","20":"tag-fr","21":"tag-france","22":"tag-ile-de-france","23":"tag-insertion","24":"tag-insertion-professionnelle","25":"tag-la-france-insoumise","26":"tag-news","27":"tag-paris","28":"tag-patrice-bedouret","29":"tag-politique","30":"tag-rapport-de-la-cour-des-comptes","31":"tag-region-ile-de-france","32":"tag-republique-francaise","33":"tag-thierry-hebbrecht"},"share_on_mastodon":{"url":"","error":"Validation failed: Text character limit of 500 exceeded"},"_links":{"self":[{"href":"https:\/\/www.europesays.com\/fr\/wp-json\/wp\/v2\/posts\/94007","targetHints":{"allow":["GET"]}}],"collection":[{"href":"https:\/\/www.europesays.com\/fr\/wp-json\/wp\/v2\/posts"}],"about":[{"href":"https:\/\/www.europesays.com\/fr\/wp-json\/wp\/v2\/types\/post"}],"author":[{"embeddable":true,"href":"https:\/\/www.europesays.com\/fr\/wp-json\/wp\/v2\/users\/2"}],"replies":[{"embeddable":true,"href":"https:\/\/www.europesays.com\/fr\/wp-json\/wp\/v2\/comments?post=94007"}],"version-history":[{"count":0,"href":"https:\/\/www.europesays.com\/fr\/wp-json\/wp\/v2\/posts\/94007\/revisions"}],"wp:featuredmedia":[{"embeddable":true,"href":"https:\/\/www.europesays.com\/fr\/wp-json\/wp\/v2\/media\/94008"}],"wp:attachment":[{"href":"https:\/\/www.europesays.com\/fr\/wp-json\/wp\/v2\/media?parent=94007"}],"wp:term":[{"taxonomy":"category","embeddable":true,"href":"https:\/\/www.europesays.com\/fr\/wp-json\/wp\/v2\/categories?post=94007"},{"taxonomy":"post_tag","embeddable":true,"href":"https:\/\/www.europesays.com\/fr\/wp-json\/wp\/v2\/tags?post=94007"}],"curies":[{"name":"wp","href":"https:\/\/api.w.org\/{rel}","templated":true}]}}