{"id":94011,"date":"2025-05-12T10:40:08","date_gmt":"2025-05-12T10:40:08","guid":{"rendered":"https:\/\/www.europesays.com\/fr\/94011\/"},"modified":"2025-05-12T10:40:08","modified_gmt":"2025-05-12T10:40:08","slug":"cambriolage-denvergure-dans-cette-boutique-de-luxe-de-la-rive-gauche-le-troisieme-en-huit-mois","status":"publish","type":"post","link":"https:\/\/www.europesays.com\/fr\/94011\/","title":{"rendered":"cambriolage d&rsquo;envergure dans cette boutique de luxe de la rive gauche, le troisi\u00e8me en huit mois"},"content":{"rendered":"<p>            Par<br \/>\n        <strong><br \/>\n            <a href=\"https:\/\/actu.fr\/auteur\/antoine-blanchet\" title=\"Consulter tous les articles de Antoine Blanchet\" rel=\"nofollow noopener\" target=\"_blank\">Antoine Blanchet<\/a><br \/>\n        <\/strong><\/p>\n<p>        Publi\u00e9 le<\/p>\n<p>            12 mai 2025 \u00e0 12h17        <\/p>\n<p>Le troisi\u00e8me casse en huit mois. Dans la nuit du dimanche 11 au lundi 12 mai 2025, la boutique Louis Vuitton situ\u00e9e sur le<strong> boulevard Saint-Germain<\/strong> \u00e0 <a href=\"https:\/\/actu.fr\/paris\/\" rel=\"nofollow noopener\" target=\"_blank\">Paris<\/a> a \u00e9t\u00e9 victime d\u2019un <a href=\"https:\/\/actu.fr\/tag\/cambriolage\" rel=\"nofollow noopener\" target=\"_blank\">cambriolage<\/a> \u00e0 la voiture b\u00e9lier, nous indique une source polici\u00e8re. Le pr\u00e9judice du butin emport\u00e9 par les malfaiteurs n\u2019est pas connu. Une enqu\u00eate a \u00e9t\u00e9 ouverte.<\/p>\n<p>Fuite \u00e0 bord d\u2019une Audi<\/p>\n<p class=\" wall-content\">Les faits ont eu lieu <strong>aux alentours de 5\u00a0heures du matin.<\/strong> Les cambrioleurs, cagoul\u00e9s, auraient fonc\u00e9 \u00e0 bord d\u2019une Audi dans la devanture de la boutique situ\u00e9e dans le 6e arrondissement. Ces derniers ont alors pu faire main basse sur les articles de luxe pr\u00e9sents dans le magasin. Ils ont ensuite pris la fuite \u00e0 bord de la voiture immatricul\u00e9e en Italie.<\/p>\n<p>Trois cambriolages en huit mois<\/p>\n<p class=\" wall-content\">En moins d\u2019un an, c\u2019est la troisi\u00e8me fois que le magasin est victime d\u2019un vol \u00e0 la voiture b\u00e9lier. En septembre, <a href=\"https:\/\/actu.fr\/ile-de-france\/paris_75056\/paris-en-pleine-nuit-une-boutique-louis-vuitton-devalisee-sur-le-boulevard-saint-germain_61667590.html\" rel=\"nofollow noopener\" target=\"_blank\">quatre personnes avaient fonc\u00e9 dans le magasin<\/a> et d\u00e9pouill\u00e9 l\u2019enseigne en quelques minutes. Rebelote au mois de novembre, avec une attaque similaire. Ce n\u2019est qu\u2019au d\u00e9but de l\u2019ann\u00e9e de 2025 que la <a href=\"https:\/\/actu.fr\/ile-de-france\/paris_75056\/braquages-home-jackings-dans-les-coulisses-de-la-mythique-brigade-de-repression-du-banditisme-de-paris_62212063.html\" rel=\"nofollow noopener\" target=\"_blank\">brigade de r\u00e9pression du banditisme<\/a> de la police judiciaire, aid\u00e9e de la BRI de <a href=\"https:\/\/actu.fr\/ile-de-france\/versailles_78646\" rel=\"nofollow noopener\" target=\"_blank\">Versailles<\/a>, avaient interpell\u00e9 les auteurs pr\u00e9sum\u00e9s.<\/p>\n<p class=\" wall-content\">Suivez toute l\u2019actualit\u00e9 de vos villes et m\u00e9dias favoris en vous inscrivant \u00e0 <a href=\"https:\/\/moncompte.actu.fr\" title=\"D\u00e9couvez Mon Actu\" rel=\"nofollow noopener\" data-trk=\"{&quot;cta&quot;:{&quot;action&quot;:&quot;https:\\\/\\\/moncompte.actu.fr&quot;,&quot;category&quot;:&quot;mon compte&quot;,&quot;from&quot;:&quot;article footer&quot;,&quot;name&quot;:&quot;Mon actu&quot;,&quot;type&quot;:&quot;cta&quot;}}\" target=\"_blank\">Mon Actu<\/a>.<\/p>\n","protected":false},"excerpt":{"rendered":"Par Antoine Blanchet Publi\u00e9 le 12 mai 2025 \u00e0 12h17 Le troisi\u00e8me casse en huit mois. Dans la&hellip;\n","protected":false},"author":2,"featured_media":94012,"comment_status":"","ping_status":"","sticky":false,"template":"","format":"standard","meta":{"footnotes":""},"categories":[1888],"tags":[1111,1928,11,1927,1174,1777,674,118,1011,27,12,1926,626,1925,25],"class_list":{"0":"post-94011","1":"post","2":"type-post","3":"status-publish","4":"format-standard","5":"has-post-thumbnail","7":"category-paris","8":"tag-actu","9":"tag-actu-paris","10":"tag-actualites","11":"tag-actualites-paris","12":"tag-cambriolage","13":"tag-eu","14":"tag-europe","15":"tag-faits-divers","16":"tag-fr","17":"tag-france","18":"tag-news","19":"tag-news-paris","20":"tag-paris","21":"tag-paris-news","22":"tag-republique-francaise"},"share_on_mastodon":{"url":"https:\/\/pubeurope.com\/@fr\/114494441341141202","error":""},"_links":{"self":[{"href":"https:\/\/www.europesays.com\/fr\/wp-json\/wp\/v2\/posts\/94011","targetHints":{"allow":["GET"]}}],"collection":[{"href":"https:\/\/www.europesays.com\/fr\/wp-json\/wp\/v2\/posts"}],"about":[{"href":"https:\/\/www.europesays.com\/fr\/wp-json\/wp\/v2\/types\/post"}],"author":[{"embeddable":true,"href":"https:\/\/www.europesays.com\/fr\/wp-json\/wp\/v2\/users\/2"}],"replies":[{"embeddable":true,"href":"https:\/\/www.europesays.com\/fr\/wp-json\/wp\/v2\/comments?post=94011"}],"version-history":[{"count":0,"href":"https:\/\/www.europesays.com\/fr\/wp-json\/wp\/v2\/posts\/94011\/revisions"}],"wp:featuredmedia":[{"embeddable":true,"href":"https:\/\/www.europesays.com\/fr\/wp-json\/wp\/v2\/media\/94012"}],"wp:attachment":[{"href":"https:\/\/www.europesays.com\/fr\/wp-json\/wp\/v2\/media?parent=94011"}],"wp:term":[{"taxonomy":"category","embeddable":true,"href":"https:\/\/www.europesays.com\/fr\/wp-json\/wp\/v2\/categories?post=94011"},{"taxonomy":"post_tag","embeddable":true,"href":"https:\/\/www.europesays.com\/fr\/wp-json\/wp\/v2\/tags?post=94011"}],"curies":[{"name":"wp","href":"https:\/\/api.w.org\/{rel}","templated":true}]}}