{"id":94029,"date":"2025-05-12T10:49:11","date_gmt":"2025-05-12T10:49:11","guid":{"rendered":"https:\/\/www.europesays.com\/fr\/94029\/"},"modified":"2025-05-12T10:49:11","modified_gmt":"2025-05-12T10:49:11","slug":"journee-de-leurope-emission-speciale-en-public-france-24-rfi","status":"publish","type":"post","link":"https:\/\/www.europesays.com\/fr\/94029\/","title":{"rendered":"Journ\u00e9e de l\u2019Europe : \u00e9mission sp\u00e9ciale en public France 24 &#8211; RFI"},"content":{"rendered":"<p>                                    <a href=\"https:\/\/www.rfi.fr\/fr\/podcasts\/ici-europe\/\" title=\"Ici l&#039;Europe\" target=\"_blank\" rel=\"noopener\"><\/p>\n<p>        <img decoding=\"async\" fetchpriority=\"high\" src=\"https:\/\/www.europesays.com\/fr\/wp-content\/uploads\/2025\/05\/carre-3000-ici-l-europe-1.jpg\" alt=\"Caroline de Camaret.\"   width=\"480\" height=\"480\" loading=\"eager\" class=\"m-figure__img lazy\"\/><\/p>\n<p>                                    <\/a><\/p>\n<p class=\"t-content__chapo\">\n                                                Premier groupe de m\u00e9dias fran\u00e7ais sur l\u2019actualit\u00e9 europ\u00e9enne, France M\u00e9dias Monde s\u2019associe \u00e0 la \u00ab\u00a0Journ\u00e9e de l\u2019Europe\u00a0\u00bb, c\u00e9l\u00e9br\u00e9e \u00e0 Paris le samedi 10 mai 2025. Pour l\u2019occasion, Caroline de Camaret, r\u00e9dactrice en chef Europe \u00e0 France 24, et Val\u00e9rie Gas, cheffe du service politique de RFI, on a anim\u00e9 un d\u00e9bat en public Place de la R\u00e9publique sur le th\u00e8me du logement et du climat, organis\u00e9 en partenariat avec le Parlement europ\u00e9en, la Commission europ\u00e9enne et la mairie de Paris.                    <\/p>\n<p>        <img decoding=\"async\" fetchpriority=\"low\" src=\"https:\/\/www.europesays.com\/fr\/wp-content\/uploads\/2025\/05\/Parlement-Europeen-Drapeau-Strasbourg.jpg\" alt=\"Le drapeau europ\u00e9en flottant devant le Parlement europ\u00e9en \u00e0 Strasbourg, le 7 mai 2025.\"   width=\"980\" height=\"551\" loading=\"eager\" class=\"m-figure__img lazy\"\/><\/p>\n<p>                Le drapeau europ\u00e9en flottant devant le Parlement europ\u00e9en \u00e0 Strasbourg, le 7 mai 2025.                AP &#8211; Antonin Utz            <\/p>\n","protected":false},"excerpt":{"rendered":"Premier groupe de m\u00e9dias fran\u00e7ais sur l\u2019actualit\u00e9 europ\u00e9enne, France M\u00e9dias Monde s\u2019associe \u00e0 la \u00ab\u00a0Journ\u00e9e de l\u2019Europe\u00a0\u00bb, c\u00e9l\u00e9br\u00e9e&hellip;\n","protected":false},"author":2,"featured_media":94030,"comment_status":"","ping_status":"","sticky":false,"template":"","format":"standard","meta":{"footnotes":""},"categories":[1586],"tags":[11,4734,1777,674,1011,27,7248,1908,12,25,364],"class_list":{"0":"post-94029","1":"post","2":"type-post","3":"status-publish","4":"format-standard","5":"has-post-thumbnail","7":"category-europe","8":"tag-actualites","9":"tag-changement-climatique","10":"tag-eu","11":"tag-europe","12":"tag-fr","13":"tag-france","14":"tag-ici-leurope","15":"tag-logement","16":"tag-news","17":"tag-republique-francaise","18":"tag-union-europeenne"},"share_on_mastodon":{"url":"https:\/\/pubeurope.com\/@fr\/114494477272144886","error":""},"_links":{"self":[{"href":"https:\/\/www.europesays.com\/fr\/wp-json\/wp\/v2\/posts\/94029","targetHints":{"allow":["GET"]}}],"collection":[{"href":"https:\/\/www.europesays.com\/fr\/wp-json\/wp\/v2\/posts"}],"about":[{"href":"https:\/\/www.europesays.com\/fr\/wp-json\/wp\/v2\/types\/post"}],"author":[{"embeddable":true,"href":"https:\/\/www.europesays.com\/fr\/wp-json\/wp\/v2\/users\/2"}],"replies":[{"embeddable":true,"href":"https:\/\/www.europesays.com\/fr\/wp-json\/wp\/v2\/comments?post=94029"}],"version-history":[{"count":0,"href":"https:\/\/www.europesays.com\/fr\/wp-json\/wp\/v2\/posts\/94029\/revisions"}],"wp:featuredmedia":[{"embeddable":true,"href":"https:\/\/www.europesays.com\/fr\/wp-json\/wp\/v2\/media\/94030"}],"wp:attachment":[{"href":"https:\/\/www.europesays.com\/fr\/wp-json\/wp\/v2\/media?parent=94029"}],"wp:term":[{"taxonomy":"category","embeddable":true,"href":"https:\/\/www.europesays.com\/fr\/wp-json\/wp\/v2\/categories?post=94029"},{"taxonomy":"post_tag","embeddable":true,"href":"https:\/\/www.europesays.com\/fr\/wp-json\/wp\/v2\/tags?post=94029"}],"curies":[{"name":"wp","href":"https:\/\/api.w.org\/{rel}","templated":true}]}}