{"id":94037,"date":"2025-05-12T10:53:10","date_gmt":"2025-05-12T10:53:10","guid":{"rendered":"https:\/\/www.europesays.com\/fr\/94037\/"},"modified":"2025-05-12T10:53:10","modified_gmt":"2025-05-12T10:53:10","slug":"la-france-repondra-ferme-et-proportionnee-annonce-barrot","status":"publish","type":"post","link":"https:\/\/www.europesays.com\/fr\/94037\/","title":{"rendered":"la France r\u00e9pondra \u00ab\u00a0ferme\u00a0\u00bb et \u00ab\u00a0proportionn\u00e9e\u00a0\u00bb, annonce Barrot"},"content":{"rendered":"<p>La France r\u00e9pondra de \u00ab\u00a0mani\u00e8re imm\u00e9diate\u00a0\u00bb, \u00ab\u00a0ferme\u00a0\u00bb et proportionn\u00e9e\u00a0\u00bb \u00e0 la d\u00e9cision \u00ab\u00a0incompr\u00e9hensible\u00a0\u00bb de l&rsquo;Alg\u00e9rie d&rsquo;<a href=\"https:\/\/www.laprovence.com\/article\/politique\/1838816742137915\/tensions-entre-paris-et-alger-lalgerie-a-decide-dexpulser-dautres-fonctionnaires-francais\" target=\"_blank\" rel=\"noopener\">expulser d&rsquo;autres fonctionnaires fran\u00e7ais du territoire alg\u00e9rien<\/a>, a d\u00e9clar\u00e9 lundi le ministre des Affaires \u00e9trang\u00e8res Jean-No\u00ebl Barrot lors d&rsquo;une visite dans le Calvados.\u00a0<\/p>\n<p>\u00ab\u00a0C&rsquo;est une d\u00e9cision qui est incompr\u00e9hensible et qui est brutale\u00a0\u00bb, a r\u00e9agi lors d&rsquo;un point-presse \u00e0 Pont-L&rsquo;Ev\u00eaque le chef de la diplomatie.<\/p>\n<p>\u00ab\u00a0C&rsquo;est une d\u00e9cision que je d\u00e9plore car elle n&rsquo;est ni dans l&rsquo;int\u00e9r\u00eat de l&rsquo;Alg\u00e9rie ni dans l&rsquo;int\u00e9r\u00eat de la France\u00a0\u00bb<\/p>\n<p>\u00ab\u00a0Le d\u00e9part d&rsquo;agents en mission temporaire est injustifi\u00e9 et injustifiable. Et comme je l&rsquo;ai fait le mois dernier, nous y r\u00e9pondrons de mani\u00e8re imm\u00e9diate, de mani\u00e8re ferme et de mani\u00e8re proportionn\u00e9e \u00e0 l&rsquo;atteinte qui est port\u00e9e \u00e0 nos int\u00e9r\u00eats (&#8230;) C&rsquo;est une d\u00e9cision que je d\u00e9plore parce qu&rsquo;elle n&rsquo;est ni dans l&rsquo;int\u00e9r\u00eat de l&rsquo;Alg\u00e9rie ni dans l&rsquo;int\u00e9r\u00eat de la France\u00a0\u00bb.<\/p>\n","protected":false},"excerpt":{"rendered":"La France r\u00e9pondra de \u00ab\u00a0mani\u00e8re imm\u00e9diate\u00a0\u00bb, \u00ab\u00a0ferme\u00a0\u00bb et proportionn\u00e9e\u00a0\u00bb \u00e0 la d\u00e9cision \u00ab\u00a0incompr\u00e9hensible\u00a0\u00bb de l&rsquo;Alg\u00e9rie d&rsquo;expulser d&rsquo;autres fonctionnaires&hellip;\n","protected":false},"author":2,"featured_media":94038,"comment_status":"","ping_status":"","sticky":false,"template":"","format":"standard","meta":{"footnotes":""},"categories":[4],"tags":[17,11,20662,5341,9095,1273,1011,3844,27,12,316,20663,25],"class_list":{"0":"post-94037","1":"post","2":"type-post","3":"status-publish","4":"format-standard","5":"has-post-thumbnail","7":"category-france","8":"tag-17","9":"tag-actualites","10":"tag-dalgerie","11":"tag-expulsions","12":"tag-ferme","13":"tag-fonctionnaires","14":"tag-fr","15":"tag-francais","16":"tag-france","17":"tag-news","18":"tag-politique","19":"tag-repondra","20":"tag-republique-francaise"},"share_on_mastodon":{"url":"https:\/\/pubeurope.com\/@fr\/114494492419889798","error":""},"_links":{"self":[{"href":"https:\/\/www.europesays.com\/fr\/wp-json\/wp\/v2\/posts\/94037","targetHints":{"allow":["GET"]}}],"collection":[{"href":"https:\/\/www.europesays.com\/fr\/wp-json\/wp\/v2\/posts"}],"about":[{"href":"https:\/\/www.europesays.com\/fr\/wp-json\/wp\/v2\/types\/post"}],"author":[{"embeddable":true,"href":"https:\/\/www.europesays.com\/fr\/wp-json\/wp\/v2\/users\/2"}],"replies":[{"embeddable":true,"href":"https:\/\/www.europesays.com\/fr\/wp-json\/wp\/v2\/comments?post=94037"}],"version-history":[{"count":0,"href":"https:\/\/www.europesays.com\/fr\/wp-json\/wp\/v2\/posts\/94037\/revisions"}],"wp:featuredmedia":[{"embeddable":true,"href":"https:\/\/www.europesays.com\/fr\/wp-json\/wp\/v2\/media\/94038"}],"wp:attachment":[{"href":"https:\/\/www.europesays.com\/fr\/wp-json\/wp\/v2\/media?parent=94037"}],"wp:term":[{"taxonomy":"category","embeddable":true,"href":"https:\/\/www.europesays.com\/fr\/wp-json\/wp\/v2\/categories?post=94037"},{"taxonomy":"post_tag","embeddable":true,"href":"https:\/\/www.europesays.com\/fr\/wp-json\/wp\/v2\/tags?post=94037"}],"curies":[{"name":"wp","href":"https:\/\/api.w.org\/{rel}","templated":true}]}}