{"id":94047,"date":"2025-05-12T11:00:09","date_gmt":"2025-05-12T11:00:09","guid":{"rendered":"https:\/\/www.europesays.com\/fr\/94047\/"},"modified":"2025-05-12T11:00:09","modified_gmt":"2025-05-12T11:00:09","slug":"sebastian-vettel-milite-pour-le-retour-de-mick-schumacher-en-f1-avec-cadillac","status":"publish","type":"post","link":"https:\/\/www.europesays.com\/fr\/94047\/","title":{"rendered":"Sebastian Vettel milite pour le retour de Mick Schumacher en F1 avec Cadillac"},"content":{"rendered":"<p>Sebastian Vettel plaide en faveur d\u2019un retour de Mick Schumacher en Formule 1, estimant que le pilote allemand \u00ab m\u00e9rite une deuxi\u00e8me chance \u00bb au plus haut niveau. Le quadruple champion du monde soutient publiquement la candidature de son compatriote pour un volant chez Cadillac, qui rejoindra la grille en 2026 en tant que 11e \u00e9curie du championnat.<\/p>\n<p>La future \u00e9quipe am\u00e9ricaine, en phase de structuration, n\u2019a pas encore arr\u00eat\u00e9 son choix concernant ses pilotes. Plusieurs noms circulent dans les coulisses, parmi lesquels Sergio Perez, Valtteri Bottas et Zhou Guanyu, tous cit\u00e9s comme candidats potentiels pour ce nouveau projet. Mick <a href=\"https:\/\/f1only.fr\/presence-mick-schumacher-miami-retour-f1\/\" target=\"_blank\" rel=\"noopener\">Schumacher<\/a> figure \u00e9galement sur cette liste, fort du soutien de Bernie Ecclestone ainsi que de Sebastian Vettel, avec qui il entretient des liens \u00e9troits.<\/p>\n<p>Sans volant depuis son d\u00e9part de chez <a href=\"https:\/\/f1only.fr\/f1-oliver-bearman-perfomance-esteban-ocon-difficultes\/\" target=\"_blank\" rel=\"noopener\">Haas<\/a> fin 2022, Schumacher reste actif en tant que pilote pour Alpine en endurance. Pour Vettel, son ancien co\u00e9quipier au sein de la Team Germany en Race of Champions poss\u00e8de toujours les qualit\u00e9s n\u00e9cessaires pour s\u2019imposer en F1 : \u00ab Mick a le niveau pour rivaliser avec les meilleurs. Il m\u00e9rite une vraie opportunit\u00e9 \u00bb, a-t-il d\u00e9clar\u00e9.<\/p>\n<p>Cadillac poursuit actuellement l\u2019\u00e9valuation de ses options, avec la volont\u00e9 affich\u00e9e d\u2019associer des profils exp\u00e9riment\u00e9s pour ses d\u00e9buts dans la discipline.<\/p>\n<p>\u00ab Je croise les doigts pour qu\u2019il ait une nouvelle chance, car je pense qu\u2019il peut tout \u00e0 fait rivaliser avec les autres \u00bb, a d\u00e9clar\u00e9 Vettel \u00e0 Sport.de. \u00ab Il est beaucoup plus mature. Et je pense qu\u2019il fait du tr\u00e8s bon travail chez Alpine dans le championnat du monde d\u2019endurance. Ce serait bien qu\u2019il ait une deuxi\u00e8me chance chez Cadillac. Nous sommes \u00e9videmment en contact et j\u2019ai \u00e9galement entendu parler de la fa\u00e7on dont les choses se sont termin\u00e9es pour lui en Formule 1. Je lui souhaite le meilleur. \u00bb<\/p>\n","protected":false},"excerpt":{"rendered":"Sebastian Vettel plaide en faveur d\u2019un retour de Mick Schumacher en Formule 1, estimant que le pilote allemand&hellip;\n","protected":false},"author":2,"featured_media":94048,"comment_status":"","ping_status":"","sticky":false,"template":"","format":"standard","meta":{"footnotes":""},"categories":[1412],"tags":[5080,5081,16036,1451,5083,5084,5085,5086,5087,5088,1452,1453,1454,1455,1011,27,12989,5089,5090,12198,60,5091,3030],"class_list":{"0":"post-94047","1":"post","2":"type-post","3":"status-publish","4":"format-standard","5":"has-post-thumbnail","7":"category-f1","8":"tag-actualites-f1","9":"tag-actuf1","10":"tag-cadillac","11":"tag-f1","12":"tag-f1-actu","13":"tag-f1-direct","14":"tag-f1-live","15":"tag-f1-news","16":"tag-f1news","17":"tag-fia","18":"tag-formula-1","19":"tag-formula1","20":"tag-formule-1","21":"tag-formule1","22":"tag-fr","23":"tag-france","24":"tag-mick-schumacher","25":"tag-news-f1","26":"tag-newsf1","27":"tag-sebastian-vettel","28":"tag-sports","29":"tag-tip","30":"tag-top"},"share_on_mastodon":{"url":"https:\/\/pubeurope.com\/@fr\/114494519565056844","error":""},"_links":{"self":[{"href":"https:\/\/www.europesays.com\/fr\/wp-json\/wp\/v2\/posts\/94047","targetHints":{"allow":["GET"]}}],"collection":[{"href":"https:\/\/www.europesays.com\/fr\/wp-json\/wp\/v2\/posts"}],"about":[{"href":"https:\/\/www.europesays.com\/fr\/wp-json\/wp\/v2\/types\/post"}],"author":[{"embeddable":true,"href":"https:\/\/www.europesays.com\/fr\/wp-json\/wp\/v2\/users\/2"}],"replies":[{"embeddable":true,"href":"https:\/\/www.europesays.com\/fr\/wp-json\/wp\/v2\/comments?post=94047"}],"version-history":[{"count":0,"href":"https:\/\/www.europesays.com\/fr\/wp-json\/wp\/v2\/posts\/94047\/revisions"}],"wp:featuredmedia":[{"embeddable":true,"href":"https:\/\/www.europesays.com\/fr\/wp-json\/wp\/v2\/media\/94048"}],"wp:attachment":[{"href":"https:\/\/www.europesays.com\/fr\/wp-json\/wp\/v2\/media?parent=94047"}],"wp:term":[{"taxonomy":"category","embeddable":true,"href":"https:\/\/www.europesays.com\/fr\/wp-json\/wp\/v2\/categories?post=94047"},{"taxonomy":"post_tag","embeddable":true,"href":"https:\/\/www.europesays.com\/fr\/wp-json\/wp\/v2\/tags?post=94047"}],"curies":[{"name":"wp","href":"https:\/\/api.w.org\/{rel}","templated":true}]}}