{"id":94049,"date":"2025-05-12T11:01:10","date_gmt":"2025-05-12T11:01:10","guid":{"rendered":"https:\/\/www.europesays.com\/fr\/94049\/"},"modified":"2025-05-12T11:01:10","modified_gmt":"2025-05-12T11:01:10","slug":"tour-dambert-livradois-forez-u19-et-3-timeo-gantois-1er-actualite","status":"publish","type":"post","link":"https:\/\/www.europesays.com\/fr\/94049\/","title":{"rendered":"Tour d&rsquo;Ambert Livradois Forez U19 &#8211; Et. 3 : Tim\u00e9o Gantois 1er &#8211; Actualit\u00e9"},"content":{"rendered":"<p style=\"text-align: justify;\">Tim\u00e9o Gantois (CC Etupes) a remport\u00e9, ce dimanche apr\u00e8s-midi, la troisi\u00e8me et derni\u00e8re \u00e9tape du\u00a0Tour d&rsquo;Ambert Livradois Forez U19 (F\u00e9d\u00e9rale Juniors), disput\u00e9e autour d&rsquo;Ambert (Puy-de-D\u00f4me) sur une distance de 109,3 kilom\u00e8tres. Il a devanc\u00e9 Lilian Bruy\u00e8re (EC\u00a0 Saint-Etienne Loire) et Arthur Fernandez (Team 31 Specialized U19).<br \/>Tim\u00e9o Gantois s&rsquo;offre du m\u00eame coup le classement g\u00e9n\u00e9ral.<\/p>\n<p><strong>Classement non-officiel de la 3e \u00e9tape :\u00a0<\/strong><br \/>1 GANTOIS\u00a0Timeo CC ETUPES 2:59:16.87<br \/>2 BRUYERE\u00a0Lilian ESPOIR CYCLISTE SAINT ETIENNE LOIRE +20.34<br \/>3 FERNANDEZ\u00a0Arthur TEAM 31 SPECIALIZED +23.22<br \/>4 O&rsquo;BRIEM\u00a0Finn TEAM INCA +30.28<br \/>5 FAYET\u00a0Hugues VELO CLUB COURNON D&rsquo;AUVERGNE +1:29.69<br \/>6 DELRIEU\u00a0Maxime TEAM 31 SPECIALIZED +1:41.83<br \/>7 ALBESPY\u00a0Lukas TEAM 31 SPECIALIZED +2:01.74<br \/>8 MONROLIN\u00a0Jonas ENTENTE JURACYCLISME \/ AC CHAMPAGNOL \/ VC MACON +2:01.74<br \/>9 RAFFO\u00a0Joseph TEAM 31 SPECIALIZED +2:05.51<br \/>10 DE MERCANTI\u00a0Luca GS GIOVANI GIUSSANESI +2:20.31<br \/>11 CORDIER\u00a0TIMON ORLEANS LOIRET CYCLISME +2:20.31<br \/>12 BALDY\u00a0ANTHELME VC VILLEFRANCHE BEAUJOLAIS +2:20.31<br \/>13 COUZON\u00a0Romain LA MOTTE SERVOLEX CYCLISME +2:22.35<br \/>14 REGARD\u00a0Nathan ENTENTE JURACYCLISME \/ AC CHAMPAGNOL \/ VC MACON +2:26.36<br \/>15 DEGEORGES\u00a0Joseph CHARVIEU CHAVAGNEUX ISERE CYCLISME +2:26.36<br \/>16 BORRMANN\u00a0Nils GS GIOVANI GIUSSANESI +2:29.72<br \/>17 PARIANOTTI\u00a0Emanuele GS GIOVANI GIUSSANESI +2:29.72<br \/>18 ESTUPINAN\u00a0Kevin TEAM INCA +2:31.81<br \/>19 DAVID\u00a0Quentin AMICALE CYCLISTE BISONTINE +3:09.86<br \/>20 CALLAMAND\u00a0Augustin VELO CLUB COURNON D&rsquo;AUVERGNE +3:09.86<br \/>21 ROLLAND\u00a0Celian BOURG EN BRESSE AIN CYCLISME U19 +3:12.85<br \/>22 MONCHICOURT\u00a0Elois CORBAS LYON METROPOLE +3:15.00<br \/>23 HARDY\u00a0Tristan TEAM 31 SPECIALIZED +3:15.00<br \/>24 LAWRENCE\u00a0Oscar TEAM CULTURE VELO U19 +3:42.05<br \/>25 PRZYBYLSKI\u00a0Thibaud ESPOIR CYCLISTE SAINT ETIENNE LOIRE +3:44.02<br \/>26 BLANC SOARES\u00a0Basile TEAM CULTURE VELO U19 +3:44.02<br \/>27 HUDRY\u00a0ALEXANDRE VELO CLUB ANNEMASSE +3:48.55<br \/>28 NIVAL\u00a0Seban C2S +4:38.15<br \/>29 PORCENO\u00a0NATHAN MIMOSA SPRINT MANDELIEU +4:40.33<br \/>30 CHANEL\u00a0Emile BOURG EN BRESSE AIN CYCLISME U19 +4:43.87<br \/>31 CHALENCON\u00a0Lilian ESPOIR CYCLISTE SAINT ETIENNE LOIRE +4:49.75<br \/>32 DESILLES\u00a0Alix CHAMBERY CYCLISME COMPETITION +4:55.28<br \/>33 MATRAY\u00a0JULES VC VILLEFRANCHE BEAUJOLAIS +4:55.28<br \/>34 WEISLO\u00a0Yoan VC LA POMME MARSEILLE +5:04.44<br \/>35 TRANCHANT\u00a0Lucas ENTENTE JURACYCLISME \/ AC CHAMPAGNOL \/ VC MACON +5:24.95<br \/>36 LAPLANCHE\u00a0Emilian LA MOTTE SERVOLEX CYCLISME +6:37.78<br \/>37 BERNELIN\u00a0Cyprien CHAMBERY CYCLISME COMPETITION +6:53.61<br \/>38 JEANJEAN\u00a0MATHIS VC VILLEFRANCHE BEAUJOLAIS +7:51.31<br \/>39 BEURET\u00a0Achille ORLEANS LOIRET CYCLISME +7:55.47<br \/>40 MATIZ\u00a0Luis TEAM INCA +7:55.47<br \/>41 FAUGERON\u00a0Julien ESPOIR CYCLISTE SAINT ETIENNE LOIRE +7:55.47<br \/>42 ROMIEU\u00a0Emile BOURG EN BRESSE AIN CYCLISME U19 +9:11.97<br \/>43 FLAHAUT\u00a0Adan MIMOSA SPRINT MANDELIEU +9:51.59<br \/>44 LECLER\u00a0Achille CC ETUPES +9:52.88<br \/>45 GORDONS\u00a0ELYAS VC VILLEFRANCHE BEAUJOLAIS +10:09.73<br \/>46 FILLGRAFF\u00a0Gabriel COMITE DROME 26 +10:17.26<br \/>47 ROUANET\u00a0Liam LA MOTTE SERVOLEX CYCLISME +11:50.28<br \/>48 ROSSI\u00a0Alessio GS GIOVANI GIUSSANESI +12:05.90<br \/>49 BRUET HOTTELAZ\u00a0Elie LA MOTTE SERVOLEX CYCLISME +14:02.60<br \/>50 ZANIN\u00a0NOE MIMOSA SPRINT MANDELIEU +17:42.14<br \/>51 LOYER\u00a0LUCAS AMICALE CYCLISTE BISONTINE +17:49.91<br \/>52 LEBEAU\u00a0Pierre ORLEANS LOIRET CYCLISME +17:49.91<br \/>53 CHEBOUKI\u00a0Leo COMITE DROME 26 +17:57.01<br \/>54 SANLAVILLE\u00a0Tristan ENTENTE COURS LA VILLE CYCLISME +17:59.07<br \/>55 TROCQ HORDE\u00a0Gaspard C2S +18:44.34<br \/>56 SAUZET\u00a0Jules CHARVIEU CHAVAGNEUX ISERE CYCLISME +21:29.61<br \/>57 JOUVE\u00a0Leo ENTENTE ISSOIRE BRIOUDE LE PUY +22:14.14<br \/>58 MACIA\u00a0Quentin VC LA POMME MARSEILLE +22:58.13<br \/>59 MARTIN\u00a0JULES VC VILLEFRANCHE BEAUJOLAIS +22:59.75<br \/>60 CAULIER POUPENEY\u00a0Alexis VELO CLUB ANNEMASSE +23:01.17<br \/>61 CUFI\u00a0Loris VELO CLUB ANNEMASSE +23:10.58<br \/>62 LEOCADIO\u00a0Quentin EM AURILLAC SAINT FLOUR MAURS +23:10.58<br \/>63 SIMON\u00a0Julian VC MORTEAU MONTBENOIT +23:13.77<br \/>64 ROUHIER\u00a0Nathan AMICALE CYCLISTE BISONTINE +26:36.25<br \/>65 MARCHAND\u00a0Jules CC ETUPES +26:36.25<br \/>66 CLARET\u00a0Antonin ORLEANS LOIRET CYCLISME +27:36.79<br \/>67 LEBOULANGER\u00a0HUGO CHAMBERY CYCLISME COMPETITION +31:29.74<br \/>68 MEMOS\u00a0NOAH CHAMBERY CYCLISME COMPETITION +31:29.74<br \/>69 GERVAISE\u00a0Gaspard C2S +31:29.74<br \/>70 BERNARD PEYRE\u00a0Simon C2S +32:27.84<\/p>\n<p><strong>Abandons<\/strong><br \/>ESCANEZ\u00a0Raphael OCCANTIBES <br \/>BEN MOUSSA\u00a0Bazil COMITE DROME 26 <br \/>SERAZIO\u00a0Axel VC LA POMME MARSEILLE <br \/>CHARNAY\u00a0Diego BOURG EN BRESSE AIN CYCLISME U19 <br \/>CHANUT\u00a0Ylies COMITE DROME 26 <br \/>RIGGI\u00a0Romeo VELO CLUB ANNEMASSE <br \/>ESPITALIER\u00a0CLEMENT MIMOSA SPRINT MANDELIEU <br \/>VALLA\u00a0Tom CHARVIEU CHAVAGNEUX ISERE CYCLISME <br \/>PAILLARD\u00a0Valere C2S <br \/>AURIACOMBE\u00a0Pierre &#8211; Loup EM AURILLAC SAINT FLOUR MAURS <br \/>FERNANDEZ\u00a0Thomas CORBAS LYON METROPOLE <br \/>BARRET\u00a0Theo ESPOIR CYCLISTE SAINT ETIENNE LOIRE <br \/>VANOTTI\u00a0Axel ENTENTE JURACYCLISME \/ AC CHAMPAGNOL \/ VC MACON <br \/>LESECQ\u00a0Antonain CORBAS LYON METROPOLE <br \/>BOUZIANNE\u00a0Ilyes VELO CLUB ANNEMASSE <br \/>DELTRIEU\u00a0Gauthier TEAM INCA <br \/>PENALOZA\u00a0Kevin TEAM INCA <br \/>MARTIN BOUCHET\u00a0Hugo ENTENTE COURS LA VILLE CYCLISME <br \/>BONNEFOY\u00a0Arthur ENTENTE COURS LA VILLE CYCLISME <br \/>BOUYSSOU\u00a0Clement TEAM CULTURE VELO U19 <br \/>GRANGEON\u00a0Theodore BOURG EN BRESSE AIN CYCLISME U19 <br \/>GUILLET\u00a0Yanis ENTENTE JURACYCLISME \/ AC CHAMPAGNOL \/ VC MACON <br \/>GAUDILLIERES\u00a0Jules VC MORTEAU MONTBENOIT <br \/>DAMIAND\u00a0Charlie CORBAS LYON METROPOLE <br \/>FRANCK\u00a0Joesph CORBAS LYON METROPOLE <br \/>GUITARD\u00a0Gabriel VC LA POMME MARSEILLE <br \/>ROSSIAUD\u00a0Yanis LA MOTTE SERVOLEX CYCLISME <br \/>CESCATO\u00a0Martino GS GIOVANI GIUSSANESI <br \/>PIGNARD\u00a0LEO EM AURILLAC SAINT FLOUR MAURS <br \/>TARDIEU\u00a0Clement MIMOSA SPRINT MANDELIEU <br \/>PARENT\u00a0Theo CC ETUPES <br \/>LEMAITRE\u00a0William CC ETUPES <br \/>CLAVEAU\u00a0Timothee OCCANTIBES <br \/>FOUNERET\u00a0THEODORE VELO CLUB COURNON D&rsquo;AUVERGNE <br \/>VANDERMERSCH\u00a0AXEL VELO CLUB COURNON D&rsquo;AUVERGNE <br \/>LOUISON\u00a0Timeo AMICALE CYCLISTE BISONTINE <br \/>DUGROS\u00a0Eliott CHARVIEU CHAVAGNEUX ISERE CYCLISME <br \/>DEHAMETS\u00a0Alais CHAMBERY CYCLISME COMPETITION <br \/>SEQUEIRA\u00a0Milan ORLEANS LOIRET CYCLISME <br \/>LIGNIERE\u00a0Evan ENTENTE ISSOIRE BRIOUDE LE PUY <br \/>ASTIER\u00a0Basile ENTENTE ISSOIRE BRIOUDE LE PUY <br \/>GUIGARD\u00a0Paul ENTENTE COURS LA VILLE CYCLISME <br \/>LEGROS\u00a0Baptiste TEAM CULTURE VELO U19 <br \/>MABILLE\u00a0Alex TEAM CULTURE VELO U19<\/p>\n<p><strong>Classement g\u00e9n\u00e9ral<\/strong><br \/>1 GANTOIS\u00a0Timeo CC ETUPES 05:42:37<br \/>2 FERNANDEZ\u00a0Arthur TEAM 31 SPECIALIZED +13.00<br \/>3 O&rsquo;BRIEM\u00a0Finn TEAM INCA +28.00<br \/>4 BRUYERE\u00a0Lilian ESPOIR CYCLISTE SAINT ETIENNE LOIRE +47.00<br \/>5 FAYET\u00a0Hugues VELO CLUB COURNON D&rsquo;AUVERGNE +1:17.00<br \/>6 ESTUPINAN\u00a0Kevin TEAM INCA +1:47.00<br \/>7 RAFFO\u00a0Joseph TEAM 31 SPECIALIZED +2:02.00<br \/>8 PARIANOTTI\u00a0Emanuele GS GIOVANI GIUSSANESI +2:39.00<br \/>9 MONROLIN\u00a0Jonas ENTENTE JURACYCLISME \/ AC CHAMPAGNOL \/ VC MACON +3:01.00<br \/>10 DELRIEU\u00a0Maxime TEAM 31 SPECIALIZED +3:04.00<br \/>11 DEGEORGES\u00a0Joseph CHARVIEU CHAVAGNEUX ISERE CYCLISME +3:12.00<br \/>12 COUZON\u00a0Romain LA MOTTE SERVOLEX CYCLISME +3:34.00<br \/>13 ROLLAND\u00a0Celian BOURG EN BRESSE AIN CYCLISME U19 +3:36.00<br \/>14 ALBESPY\u00a0Lukas TEAM 31 SPECIALIZED +3:45.00<br \/>15 HARDY\u00a0Tristan TEAM 31 SPECIALIZED +3:53.00<br \/>16 MONCHICOURT\u00a0Elois CORBAS LYON METROPOLE +3:55.00<br \/>17 CALLAMAND\u00a0Augustin VELO CLUB COURNON D&rsquo;AUVERGNE +3:57.00<br \/>18 DE MERCANTI\u00a0Luca GS GIOVANI GIUSSANESI +4:04.00<br \/>19 CORDIER\u00a0TIMON ORLEANS LOIRET CYCLISME +4:15.00<br \/>20 BORRMANN\u00a0Nils GS GIOVANI GIUSSANESI +4:34.00<br \/>21 LAWRENCE\u00a0Oscar TEAM CULTURE VELO U19 +4:38.00<br \/>22 PRZYBYLSKI\u00a0Thibaud ESPOIR CYCLISTE SAINT ETIENNE LOIRE +4:39.00<br \/>23 NIVAL\u00a0Seban C2S +5:50.00<br \/>24 CHALENCON\u00a0Lilian ESPOIR CYCLISTE SAINT ETIENNE LOIRE +5:54.00<br \/>25 WEISLO\u00a0Yoan VC LA POMME MARSEILLE +5:56.00<br \/>26 PORCENO\u00a0NATHAN MIMOSA SPRINT MANDELIEU +6:03.00<br \/>27 TRANCHANT\u00a0Lucas ENTENTE JURACYCLISME \/ AC CHAMPAGNOL \/ VC MACON +6:16.00<br \/>28 DESILLES\u00a0Alix CHAMBERY CYCLISME COMPETITION +6:22.00<br \/>29 MATRAY\u00a0JULES VC VILLEFRANCHE BEAUJOLAIS +6:24.00<br \/>30 MATIZ\u00a0Luis TEAM INCA +7:32.00<br \/>31 FLAHAUT\u00a0Adan MIMOSA SPRINT MANDELIEU +9:54.00<br \/>32 JEANJEAN\u00a0MATHIS VC VILLEFRANCHE BEAUJOLAIS +9:59.00<br \/>33 GORDONS\u00a0ELYAS VC VILLEFRANCHE BEAUJOLAIS +10:49.00<br \/>34 HUDRY\u00a0ALEXANDRE VELO CLUB ANNEMASSE +13:58.00<br \/>35 ROSSI\u00a0Alessio GS GIOVANI GIUSSANESI +14:14.00<br \/>36 REGARD\u00a0Nathan ENTENTE JURACYCLISME \/ AC CHAMPAGNOL \/ VC MACON +14:23.00<br \/>37 DAVID\u00a0Quentin AMICALE CYCLISTE BISONTINE +14:35.00<br \/>38 BALDY\u00a0ANTHELME VC VILLEFRANCHE BEAUJOLAIS +14:39.00<br \/>39 CHANEL\u00a0Emile BOURG EN BRESSE AIN CYCLISME U19 +16:34.00<br \/>40 BERNELIN\u00a0Cyprien CHAMBERY CYCLISME COMPETITION +17:45.00<br \/>41 LAPLANCHE\u00a0Emilian LA MOTTE SERVOLEX CYCLISME +17:56.00<br \/>42 LEBEAU\u00a0Pierre ORLEANS LOIRET CYCLISME +18:40.00<br \/>43 FAUGERON\u00a0Julien ESPOIR CYCLISTE SAINT ETIENNE LOIRE +19:02.00<br \/>44 SANLAVILLE\u00a0Tristan ENTENTE COURS LA VILLE CYCLISME +19:03.00<br \/>45 BEURET\u00a0Achille ORLEANS LOIRET CYCLISME +20:12.00<br \/>46 ROMIEU\u00a0Emile BOURG EN BRESSE AIN CYCLISME U19 +20:36.00<br \/>47 SAUZET\u00a0Jules CHARVIEU CHAVAGNEUX ISERE CYCLISME +21:44.00<br \/>48 LECLER\u00a0Achille CC ETUPES +21:53.00<br \/>49 BRUET HOTTELAZ\u00a0Elie LA MOTTE SERVOLEX CYCLISME +22:48.00<br \/>50 JOUVE\u00a0Leo ENTENTE ISSOIRE BRIOUDE LE PUY +22:58.00<br \/>51 ROUANET\u00a0Liam LA MOTTE SERVOLEX CYCLISME +22:59.00<br \/>52 MARTIN\u00a0JULES VC VILLEFRANCHE BEAUJOLAIS +23:09.00<br \/>53 BLANC SOARES\u00a0Basile TEAM CULTURE VELO U19 +27:12.00<br \/>54 ROUHIER\u00a0Nathan AMICALE CYCLISTE BISONTINE +28:28.00<br \/>55 ZANIN\u00a0NOE MIMOSA SPRINT MANDELIEU +29:04.00<br \/>56 LOYER\u00a0LUCAS AMICALE CYCLISTE BISONTINE +29:30.00<br \/>57 TROCQ HORDE\u00a0Gaspard C2S +31:07.00<br \/>58 MACIA\u00a0Quentin VC LA POMME MARSEILLE +33:50.00<br \/>59 CAULIER POUPENEY\u00a0Alexis VELO CLUB ANNEMASSE +34:52.00<br \/>60 FILLGRAFF\u00a0Gabriel COMITE DROME 26 +35:33.00<br \/>61 LEOCADIO\u00a0Quentin EM AURILLAC SAINT FLOUR MAURS +35:53.00<br \/>62 CUFI\u00a0Loris VELO CLUB ANNEMASSE +35:53.00<br \/>63 MARCHAND\u00a0Jules CC ETUPES +38:44.00<br \/>64 CHEBOUKI\u00a0Leo COMITE DROME 26 +42:18.00<br \/>65 CLARET\u00a0Antonin ORLEANS LOIRET CYCLISME +49:55.00<br \/>66 SIMON\u00a0Julian VC MORTEAU MONTBENOIT +53:24.00<\/p>\n<p>Plus d&rsquo;informations \u00e0 venir<\/p>\n","protected":false},"excerpt":{"rendered":"Tim\u00e9o Gantois (CC Etupes) a remport\u00e9, ce dimanche apr\u00e8s-midi, la troisi\u00e8me et derni\u00e8re \u00e9tape du\u00a0Tour d&rsquo;Ambert Livradois Forez&hellip;\n","protected":false},"author":2,"featured_media":94050,"comment_status":"","ping_status":"","sticky":false,"template":"","format":"standard","meta":{"footnotes":""},"categories":[1411],"tags":[834,828,836,829,837,827,83,826,824,823,1154,207,814,817,815,816,822,821,832,211,839,1011,27,820,818,819,835,831,830,833,838,60,212,208,825],"class_list":{"0":"post-94049","1":"post","2":"type-post","3":"status-publish","4":"format-standard","5":"has-post-thumbnail","7":"category-cyclisme","8":"tag-attaque","9":"tag-belgique","10":"tag-braquet","11":"tag-bretagne","12":"tag-chute","13":"tag-competition","14":"tag-coupe-de-france","15":"tag-coureur","16":"tag-course-cyclisme","17":"tag-course-cycliste","18":"tag-cycling","19":"tag-cyclisme","20":"tag-direct","21":"tag-direct-velo","22":"tag-directvelo","23":"tag-directvelo-com","24":"tag-epreuve","25":"tag-epreuve-cycliste","26":"tag-federation-francaise-de-cyclisme","27":"tag-ffc","28":"tag-flandres","29":"tag-fr","30":"tag-france","31":"tag-live","32":"tag-live-course","33":"tag-live-epreuve","34":"tag-peloton","35":"tag-radio-peloton","36":"tag-radio-tour","37":"tag-ravitaillement","38":"tag-relance","39":"tag-sports","40":"tag-uci","41":"tag-velo","42":"tag-velos"},"share_on_mastodon":{"url":"https:\/\/pubeurope.com\/@fr\/114494523563671991","error":""},"_links":{"self":[{"href":"https:\/\/www.europesays.com\/fr\/wp-json\/wp\/v2\/posts\/94049","targetHints":{"allow":["GET"]}}],"collection":[{"href":"https:\/\/www.europesays.com\/fr\/wp-json\/wp\/v2\/posts"}],"about":[{"href":"https:\/\/www.europesays.com\/fr\/wp-json\/wp\/v2\/types\/post"}],"author":[{"embeddable":true,"href":"https:\/\/www.europesays.com\/fr\/wp-json\/wp\/v2\/users\/2"}],"replies":[{"embeddable":true,"href":"https:\/\/www.europesays.com\/fr\/wp-json\/wp\/v2\/comments?post=94049"}],"version-history":[{"count":0,"href":"https:\/\/www.europesays.com\/fr\/wp-json\/wp\/v2\/posts\/94049\/revisions"}],"wp:featuredmedia":[{"embeddable":true,"href":"https:\/\/www.europesays.com\/fr\/wp-json\/wp\/v2\/media\/94050"}],"wp:attachment":[{"href":"https:\/\/www.europesays.com\/fr\/wp-json\/wp\/v2\/media?parent=94049"}],"wp:term":[{"taxonomy":"category","embeddable":true,"href":"https:\/\/www.europesays.com\/fr\/wp-json\/wp\/v2\/categories?post=94049"},{"taxonomy":"post_tag","embeddable":true,"href":"https:\/\/www.europesays.com\/fr\/wp-json\/wp\/v2\/tags?post=94049"}],"curies":[{"name":"wp","href":"https:\/\/api.w.org\/{rel}","templated":true}]}}