{"id":94057,"date":"2025-05-12T11:05:09","date_gmt":"2025-05-12T11:05:09","guid":{"rendered":"https:\/\/www.europesays.com\/fr\/94057\/"},"modified":"2025-05-12T11:05:09","modified_gmt":"2025-05-12T11:05:09","slug":"avec-ce-festival-du-loiret-les-livres-et-la-nature-seront-au-rendez-vous","status":"publish","type":"post","link":"https:\/\/www.europesays.com\/fr\/94057\/","title":{"rendered":"Avec ce festival du Loiret, les livres et la nature seront au rendez-vous\u00a0!"},"content":{"rendered":"<p>            Par<br \/>\n        <strong><br \/>\n            <a href=\"https:\/\/actu.fr\/auteur\/emilie-tournie\" title=\"Consulter tous les articles de Emilie Tournie\" rel=\"nofollow noopener\" target=\"_blank\">Emilie Tournie<\/a><br \/>\n        <\/strong><\/p>\n<p>        Publi\u00e9 le<\/p>\n<p>            12 mai 2025 \u00e0 12h32        <\/p>\n<p>Avis aux fans de <a href=\"https:\/\/actu.fr\/tag\/livres\" rel=\"nofollow noopener\" target=\"_blank\">livres<\/a>, de lecture et d\u2019\u00e9criture ! Le festival \u00ab\u00a0Oz\u00e9lir\u00a0\u00bb marque son retour autour d\u2019<a href=\"https:\/\/actu.fr\/orleans\/\" rel=\"nofollow noopener\" target=\"_blank\">Orl\u00e9ans<\/a> (Loiret), <strong>du mardi 13 au 27 mai 2025<\/strong>. La th\u00e9matique de cette quatri\u00e8me \u00e9dition : \u00ab\u00a0Les mots de la plan\u00e8te bleue\u00a0\u00bb.\u00a0<\/p>\n<p>Ce qui est pr\u00e9vu\u2026<\/p>\n<ul class=\" wall-content\">\n<li><strong>\u00ab\u00a0La dict\u00e9e g\u00e9ante des coll\u00e9giens\u00a0\u00bb <\/strong>Elle sera anim\u00e9e par Rachid Santaki, journaliste, romancier et sc\u00e9nariste, ayant organis\u00e9 plus de 500 dict\u00e9es dans des lieux parfois insolites (Stade de France, Gares, Champs Elys\u00e9es) afin de redonner le go\u00fbt de l\u2019\u00e9criture et de l\u2019orthographe \u00e0 tous les \u00e9l\u00e8ves \u2013 Mardi 13 mai \u00e0 10h30, en direct du coll\u00e8ge Victor Hugo \u00e0 Puiseaux et retransmis en visio dans six autres coll\u00e8ges du d\u00e9partement<\/li>\n<li><strong>\u00ab\u00a0Ra\u2019contines\u00a0\u00bb<\/strong> Lectures pour les tout-petits (0-3 ans) \u2013 Mercredi 14 mai \u00e0 10h30, \u00e0 la m\u00e9diath\u00e8que Denis Poisson de Pithiviers \/ Entr\u00e9e libre<\/li>\n<\/ul>\n<ul class=\" wall-content\">\n<li><strong>\u00ab\u00a0Grainoth\u00e8que\u00a0\u00bb<\/strong> Semez, r\u00e9coltez et partagez vos graines avec Martine Poggi, propri\u00e9taire du jardin naturel r\u00e9guli\u00e8rement ouvert au public \u00ab\u00a0Les Cl\u00e9matites\u00a0\u00bb \u00e0 Bray-Saint-Aignan \u2013 Vendredi 16 mai \u00e0 17h \u00e0 la biblioth\u00e8que Saint-P\u00e8re-sur-Loire \/ Sur r\u00e9servation\u00a0<\/li>\n<li><strong>\u00ab\u00a0La ballade de la rose\u00a0\u00bb <\/strong>Instant musical, litt\u00e9raire et ludique pour mettre en lumi\u00e8re les rosiers du jardin de la mairie, puis des activit\u00e9s (jeux, bricolages, jeux de mots) autour de la rose \u00e0 la biblioth\u00e8que de Puiseaux et enfin une conf\u00e9rence sur Andr\u00e9 Eve, rosi\u00e9riste pithiv\u00e9rien \u2013 Samedi 17 mai de 15h \u00e0 19h \/ Entr\u00e9e libre<\/li>\n<\/ul>\n<ul class=\" wall-content\">\n<li><strong>\u00ab\u00a0Trainou en Pages\u00a0\u00bb<\/strong> Rencontre avec des auteurs, \u00e9crivains, illustrateurs &amp; po\u00e8tes locaux. Cette ann\u00e9e, la 4\u00e8me \u00e9dition accueille Edith Vacher, auteure de romans policiers, Barbara Thue, po\u00e8te et illustratrice Dionysienne, Philippe Lucas, auteur &amp; illustrateur trianien, Jo\u00ebl Huppenoire, auteur jeunesse et policier, Gotho, auteur &amp; illustrateur de manga \u2013 Dimanche 18 mai de 14h \u00e0 17h, \u00e0 la biblioth\u00e8que de Trainou \/ Entr\u00e9e libre<\/li>\n<li><strong>\u00ab\u00a0Rencontre avec Christian Robin, <\/strong><strong>apiculteur\u00a0\u00bb<\/strong> En lien avec l\u2019exposition \u00ab\u00a0Les Abeilles et le bon miel\u00a0\u00bb, accessible du 15 avril au 22 mai\u00a0\u2013 Jeudi 22 mai \u00e0 18h, \u00e0 la m\u00e9diath\u00e8que d\u2019Ouzouer-sur-Loire \/ Sur r\u00e9servation<\/li>\n<\/ul>\n<p>Vid\u00e9os : en ce moment sur Actu\u2588Pratique : Festival \u00ab\u00a0Oz\u00e9lir\u00a0\u00bb<br \/>\nDu mardi 13 au 27 mai 2025<br \/>\nPlus d\u2019informations sur ce <a href=\"https:\/\/ozelir.loiret.fr.\/\" rel=\"nofollow noopener\" target=\"_blank\">site<\/a> \/ Gratuit<\/p>\n<p class=\" wall-content\">Suivez toute l\u2019actualit\u00e9 de vos villes et m\u00e9dias favoris en vous inscrivant \u00e0 <a href=\"https:\/\/moncompte.actu.fr\" title=\"D\u00e9couvez Mon Actu\" rel=\"nofollow noopener\" data-trk=\"{&quot;cta&quot;:{&quot;action&quot;:&quot;https:\\\/\\\/moncompte.actu.fr&quot;,&quot;category&quot;:&quot;mon compte&quot;,&quot;from&quot;:&quot;article footer&quot;,&quot;name&quot;:&quot;Mon actu&quot;,&quot;type&quot;:&quot;cta&quot;}}\" target=\"_blank\">Mon Actu<\/a>.<\/p>\n","protected":false},"excerpt":{"rendered":"Par Emilie Tournie Publi\u00e9 le 12 mai 2025 \u00e0 12h32 Avis aux fans de livres, de lecture et&hellip;\n","protected":false},"author":2,"featured_media":94058,"comment_status":"","ping_status":"","sticky":false,"template":"","format":"standard","meta":{"footnotes":""},"categories":[1357],"tags":[1063,1379,58,59,3696,1011,27,1380],"class_list":{"0":"post-94057","1":"post","2":"type-post","3":"status-publish","4":"format-standard","5":"has-post-thumbnail","7":"category-livres","8":"tag-animations","9":"tag-books","10":"tag-divertissement","11":"tag-entertainment","12":"tag-evenements","13":"tag-fr","14":"tag-france","15":"tag-livres"},"share_on_mastodon":{"url":"","error":""},"_links":{"self":[{"href":"https:\/\/www.europesays.com\/fr\/wp-json\/wp\/v2\/posts\/94057","targetHints":{"allow":["GET"]}}],"collection":[{"href":"https:\/\/www.europesays.com\/fr\/wp-json\/wp\/v2\/posts"}],"about":[{"href":"https:\/\/www.europesays.com\/fr\/wp-json\/wp\/v2\/types\/post"}],"author":[{"embeddable":true,"href":"https:\/\/www.europesays.com\/fr\/wp-json\/wp\/v2\/users\/2"}],"replies":[{"embeddable":true,"href":"https:\/\/www.europesays.com\/fr\/wp-json\/wp\/v2\/comments?post=94057"}],"version-history":[{"count":0,"href":"https:\/\/www.europesays.com\/fr\/wp-json\/wp\/v2\/posts\/94057\/revisions"}],"wp:featuredmedia":[{"embeddable":true,"href":"https:\/\/www.europesays.com\/fr\/wp-json\/wp\/v2\/media\/94058"}],"wp:attachment":[{"href":"https:\/\/www.europesays.com\/fr\/wp-json\/wp\/v2\/media?parent=94057"}],"wp:term":[{"taxonomy":"category","embeddable":true,"href":"https:\/\/www.europesays.com\/fr\/wp-json\/wp\/v2\/categories?post=94057"},{"taxonomy":"post_tag","embeddable":true,"href":"https:\/\/www.europesays.com\/fr\/wp-json\/wp\/v2\/tags?post=94057"}],"curies":[{"name":"wp","href":"https:\/\/api.w.org\/{rel}","templated":true}]}}