{"id":94059,"date":"2025-05-12T11:06:31","date_gmt":"2025-05-12T11:06:31","guid":{"rendered":"https:\/\/www.europesays.com\/fr\/94059\/"},"modified":"2025-05-12T11:06:31","modified_gmt":"2025-05-12T11:06:31","slug":"saison-8-episode-5-6-sam-tele-2-semaines","status":"publish","type":"post","link":"https:\/\/www.europesays.com\/fr\/94059\/","title":{"rendered":"Saison 8 &#8211; Episode 5 \/ 6 &#8211; Sam &#8211; T\u00e9l\u00e9 2 semaines"},"content":{"rendered":"<ol>\n<li><a href=\"https:\/\/news.google.com\/rss\/articles\/CBMie0FVX3lxTE15RThycmtPSkc2THAyY05HSWxGeGhjYlJadDBMSllZTmg1eXZmcmNZQzdadTdNNTNsYkRaQld4Y1A2alNMUWE3VnZoRjFoU2tsMkhJdms1MUZUWS1BN3VxQ3lmcFdhR1l1cVBfQ2NRSllsdHdXRXJmWmZhSQ?oc=5\" target=\"_blank\" rel=\"noopener\">Saison 8 &#8211; Episode 5 \/ 6 &#8211; Sam<\/a>&nbsp;&nbsp;T\u00e9l\u00e9 2 semaines<\/li>\n<li><a href=\"https:\/\/news.google.com\/rss\/articles\/CBMiqAFBVV95cUxQcjhBRkRyYllxRkw1NF9Ba2tEVGlsc21mZlRPY3dlak11bWpmYTVibnFLYkhnRkpyZHdpWnhHMTZDWF9rNVh1Qm9hMEpGR1NKS0psVGlCLVhPQmkxNEJiQVFKSXIxWVV5X3JmVVVYZ3ROTXBpWS1CME1uMTZURjQzTGN4ZC1xTWlQb1pka1paU29ycHBrVF92ZUZrZWNrUlN6RGdZV3RPWmo?oc=5\" target=\"_blank\" rel=\"noopener\">\u201cSam\u201d, saison 8 : une com\u00e9die toujours aussi attachante<\/a>&nbsp;&nbsp;T\u00e9l\u00e9rama<\/li>\n<li><a href=\"https:\/\/news.google.com\/rss\/articles\/CBMilAFBVV95cUxPSHBIYWZ3bWhoN29TZDh0eUFUY2lIWWtVUDI5bGpTRXFTM1NFOC1uS3NBeGxEbUh2MUw0SXg4aE05MjhKWUx6azhlVURkd3E2dzItd3BNU2ltNXNGcVRoVW1nN1c0SjRvY2dEdk5jMVN6MUZ4YkF6OXduTms1LUJ3aEFJQktqSUJwbjZLNzgyak13ZndE?oc=5\" target=\"_blank\" rel=\"noopener\">Sam : H\u00e9l\u00e8ne de Fougerolles, Mathilde Seigner ou Natacha Lindinger, avec quelle actrice le tournage a-t-il \u00e9t\u00e9 le plus compliqu\u00e9 ? Fred Testot r\u00e9pond<\/a>&nbsp;&nbsp;Yahoo Actualit\u00e9s<\/li>\n<li><a href=\"https:\/\/news.google.com\/rss\/articles\/CBMieEFVX3lxTE5aTWprTHFTSlR2SzAwM3AzRjEzU1RmSFJjUGNXVF9aRUZiRHBFZ2VTQUoybUViVXZHNzhuM1FTN2YxRC0yaXNkMmR4N0NSd2hlOTRpR1ZMUUROcUc4ekQzbFEwUGFfNnEzaUV1UUdNNHdsTnAtQkxFZw?oc=5\" target=\"_blank\" rel=\"noopener\">Sam : y aura-t-il une saison 9 ?<\/a>&nbsp;&nbsp;T\u00e9l\u00e9 Star<\/li>\n<li><a href=\"https:\/\/news.google.com\/rss\/articles\/CBMigwFBVV95cUxPUFpTS1VVdm05NDctbEZJSWZrX2haRnZJTVZ0NkRSaVdOYVBaazdKQkxkci1XLURKZy1uQXVaNGN5a3MwQ3lINXh3SGNyWW1neU5vT19BMzlWS1lxd09rNkpjVlYya3kzc1libk01bE55OXN4MjdWWmtXRTNUMmQyVk9icw?oc=5\" target=\"_blank\" rel=\"noopener\">\u00ab Sam \u00bb : la s\u00e9rie reviendra-t-elle pour une saison 9 ?<\/a>&nbsp;&nbsp;Version Femina<\/li>\n<\/ol>\n","protected":false},"excerpt":{"rendered":"Saison 8 &#8211; Episode 5 \/ 6 &#8211; Sam&nbsp;&nbsp;T\u00e9l\u00e9 2 semaines \u201cSam\u201d, saison 8 : une com\u00e9die toujours&hellip;\n","protected":false},"author":2,"featured_media":39176,"comment_status":"","ping_status":"","sticky":false,"template":"","format":"standard","meta":{"footnotes":""},"categories":[1356],"tags":[20670,20677,6788,20672,58,20678,59,20673,1011,27,20669,20667,20668,20675,20676,20674,5240,13805,521,20666,252,199,20671,1364],"class_list":{"0":"post-94059","1":"post","2":"type-post","3":"status-publish","4":"format-standard","5":"has-post-thumbnail","7":"category-television","8":"tag-amaury-de-crayencour","9":"tag-bonnie-chagneau-ravoire","10":"tag-chantal-ladesou","11":"tag-charlotte-gaccio","12":"tag-divertissement","13":"tag-elijah-bognini","14":"tag-entertainment","15":"tag-fanny-gilles","16":"tag-fr","17":"tag-france","18":"tag-fred-testot","19":"tag-hippolyte-dard","20":"tag-hu00e9lu00e8ne-de-fougerolles","21":"tag-hu00e9lu00e8ne-seuzaret","22":"tag-lionnel-astier","23":"tag-noom-diawara","24":"tag-programme","25":"tag-sam","26":"tag-serie","27":"tag-su00e9rie-humoristique","28":"tag-television","29":"tag-tf1","30":"tag-thierry-neuvic","31":"tag-tv"},"share_on_mastodon":{"url":"https:\/\/pubeurope.com\/@fr\/114494543261014654","error":""},"_links":{"self":[{"href":"https:\/\/www.europesays.com\/fr\/wp-json\/wp\/v2\/posts\/94059","targetHints":{"allow":["GET"]}}],"collection":[{"href":"https:\/\/www.europesays.com\/fr\/wp-json\/wp\/v2\/posts"}],"about":[{"href":"https:\/\/www.europesays.com\/fr\/wp-json\/wp\/v2\/types\/post"}],"author":[{"embeddable":true,"href":"https:\/\/www.europesays.com\/fr\/wp-json\/wp\/v2\/users\/2"}],"replies":[{"embeddable":true,"href":"https:\/\/www.europesays.com\/fr\/wp-json\/wp\/v2\/comments?post=94059"}],"version-history":[{"count":0,"href":"https:\/\/www.europesays.com\/fr\/wp-json\/wp\/v2\/posts\/94059\/revisions"}],"wp:featuredmedia":[{"embeddable":true,"href":"https:\/\/www.europesays.com\/fr\/wp-json\/wp\/v2\/media\/39176"}],"wp:attachment":[{"href":"https:\/\/www.europesays.com\/fr\/wp-json\/wp\/v2\/media?parent=94059"}],"wp:term":[{"taxonomy":"category","embeddable":true,"href":"https:\/\/www.europesays.com\/fr\/wp-json\/wp\/v2\/categories?post=94059"},{"taxonomy":"post_tag","embeddable":true,"href":"https:\/\/www.europesays.com\/fr\/wp-json\/wp\/v2\/tags?post=94059"}],"curies":[{"name":"wp","href":"https:\/\/api.w.org\/{rel}","templated":true}]}}