{"id":94060,"date":"2025-05-12T11:07:12","date_gmt":"2025-05-12T11:07:12","guid":{"rendered":"https:\/\/www.europesays.com\/fr\/94060\/"},"modified":"2025-05-12T11:07:12","modified_gmt":"2025-05-12T11:07:12","slug":"lhistoire-cachee-derriere-ses-plus-grands-tubes","status":"publish","type":"post","link":"https:\/\/www.europesays.com\/fr\/94060\/","title":{"rendered":"l&rsquo;histoire cach\u00e9e derri\u00e8re ses plus grands tubes"},"content":{"rendered":"<p itemprop=\"description\"><strong>De \u00ab\u00a0Place des grands hommes\u00a0\u00bb \u00e0 \u00ab\u00a0Qui a le droit\u00a0\u00bb, que cachent les morceaux iconiques de Patrick Bruel ?<\/strong><\/p>\n<p>Comment \u00e9voquer la chanson fran\u00e7aise sans mentionner <strong><a href=\"https:\/\/mradio.fr\/news\/cinema\/54214\/patrick-bruel-fait-une-grosse-surprise-dans-une-mythique-emission-d-m6\" target=\"_blank\" rel=\"noopener\">Patrick Bruel<\/a>,<\/strong> le bourreau des c\u0153urs connu pour ses balades romantiques, sa voix profonde et son physique avantageux ? Et il faut dire qu&rsquo;\u00e0 (presque) 66 ans, le chanteur, qui f\u00eatera son anniversaire ce 14 mai, se montre tr\u00e8s en forme !\u00a0Alors \u00e0 l&rsquo;occasion de son anniversaire, M Radio voulait se pencher sur<strong> l&rsquo;histoire de ses plus grands titres<\/strong>, d&rsquo;une douleur d&rsquo;enfant cach\u00e9e derri\u00e8re \u00ab\u00a0<strong>Qui a le droit<\/strong>\u00a0\u00bb au g\u00e9n\u00e9rique d&rsquo;une \u00e9mission t\u00e9l\u00e9 pour \u00ab\u00a0<strong>Place des grands hommes<\/strong>\u00ab\u00a0, d\u00e9couvrez<strong> les secrets derri\u00e8re les morceaux les plus iconiques de Patrick Bruel<\/strong>.\u00a0<\/p>\n<p>Place des grands hommes : la chanson d&rsquo;une soir\u00e9e devenue un carton monumental\u00a0<\/p>\n<p>Dans la liste des chansons les plus populaires de Patrick Bruel, on retrouve, non sans surprises, l&rsquo;un de ses plus grands succ\u00e8s : \u00ab\u00a0<strong>Place des Grands hommes<\/strong>\u00ab\u00a0. Un titre paru dans l&rsquo;album \u00ab\u00a0<strong>Alors regarde<\/strong>\u00a0\u00bb sorti le 9 novembre 1989, album qui fera litt\u00e9ralement d\u00e9coller la carri\u00e8re de l&rsquo;artiste, et qui d\u00e9clenchera la fameuse \u00ab\u00a0<strong>Bruelmana<\/strong>\u00ab\u00a0. Dans cet opus, marqu\u00e9 par des titres embl\u00e9matiques comme \u00ab\u00a0<strong>Casser la voix<\/strong>\u00ab\u00a0, \u00ab\u00a0<strong>J&rsquo;te le dis quand m\u00eame<\/strong>\u00a0\u00bb et \u00ab\u00a0<strong>Alors regarde<\/strong>\u00ab\u00a0, \u00ab\u00a0<strong>Place des Grands hommes\u00a0\u00bb<\/strong> figure en quatri\u00e8me position, et explore la nostalgie et le temps qui passe.\u00a0<\/p>\n<p>Pour ce titre, le chanteur s&rsquo;inspire d&rsquo;un film sorti au milieu des ann\u00e9es 80,\u00a0\u00ab\u00a0<strong>Les copains d&rsquo;abord<\/strong>\u00a0\u00bb de<strong> Lawrence Kasdan<\/strong>, comme il l&rsquo;expliquait \u00e0 nos confr\u00e8res de Purecharts.\u00a0<\/p>\n<blockquote><p>&#13;<\/p>\n<p>\u00ab\u00a0[Dans le film] Ce sont des amis qui se retrouvent \u00e0 l&rsquo;occasion de l&rsquo;enterrement d&rsquo;un de leurs copains. Ils se retrouvent dans une maison et s&rsquo;op\u00e8re une sorte de bilan autour d&rsquo;une discussion. J&rsquo;ai trouv\u00e9 ce principe assez joli et je m&rsquo;imaginais, moi, avec ma bande de copains, faire la m\u00eame chose\u00a0\u00bb &#8211; Patrick Bruel<\/p>\n<p>&#13;\n<\/p><\/blockquote>\n<p>Hasard du calendrier : \u00e0 cette m\u00eame p\u00e9riode,<strong> l&rsquo;animateur Patrick Sabatier <\/strong>contacte le chanteur pour participer \u00e0 un num\u00e9ro pour son \u00e9mission \u00ab\u00a0<strong>Avis de recherche<\/strong>\u00ab\u00a0, o\u00f9 il va pouvoir justement retrouver tous ses copains d&rsquo;enfance. <strong><a href=\"https:\/\/mradio.fr\/news\/musique\/54174\/patrick-bruel-il-annonce-un-grand-evenement-au-cinema-pour-ses-fans\" target=\"_blank\" rel=\"noopener\">Patrick Bruel<\/a> est enthousiaste<\/strong>, bien que persuad\u00e9 que cette future chanson n&rsquo;aura pas de suites :<\/p>\n<blockquote><p>&#13;<\/p>\n<p>\u00ab\u00a0C&rsquo;est l&rsquo;occasion de faire cette chanson ! Je fais cette chanson uniquement dans le but de la chanter dans cette \u00e9mission et puis basta. Je ne pense pas que \u00e7a puisse int\u00e9resser grand monde\u00a0\u00bb &#8211; Patrick Bruel\u00a0<\/p>\n<p>&#13;\n<\/p><\/blockquote>\n<p>Et Patrick Bruel a bien fait d&rsquo;accorder une petite place pour \u00ab\u00a0<strong>Place des grands hommes<\/strong>\u00a0\u00bb dans son album, puisqu<strong>e la chanson va atteindre la quatri\u00e8me place du top 50<\/strong>, et va, elle aussi, porter le succ\u00e8s de l&rsquo;album \u00ab\u00a0<strong>Alors regarde<\/strong>\u00ab\u00a0, qui s&rsquo;est vendu \u00e0 plus de <strong>3 millions d&rsquo;exemplaires<\/strong>. Encore aujourd&rsquo;hui, 35 ans apr\u00e8s la sortie de l&rsquo;album, Patrick Bruel continue de recevoir des images tr\u00e8s touchantes concernant ce titre qui a su toucher en plein c\u0153ur les Fran\u00e7ais :\u00a0<\/p>\n<blockquote><p>&#13;<\/p>\n<p>\u00ab\u00a0Je re\u00e7ois des adaptations toutes les semaines de gens qui f\u00eatent leur enterrement de vie de jeune fille ou de jeune gar\u00e7on, de bar-mitsvah, de mariage&#8230; Les gens changent les paroles, c&rsquo;est tr\u00e8s joli, c&rsquo;est tr\u00e8s touchant ! Elle ne m&rsquo;appartient plus !\u00a0\u00bb &#8211; Patrick Bruel<\/p>\n<p>&#13;\n<\/p><\/blockquote>\n<p>Qui a le droit : la douloureuse absence du p\u00e8re<\/p>\n<p>Qui ne conna\u00eet pas la chanson \u00ab\u00a0<strong>Qui a le droit\u00a0\u00bb<\/strong>, dont le refrain embl\u00e9matique fait partie des textes les plus populaires de la chanson fran\u00e7aise ? Mais derri\u00e8re ce tube se cache surtout de douloureux souvenirs, partag\u00e9s comme un <strong>message universel<\/strong>. En 2023, le chanteur, qui \u00e9tait invit\u00e9 sur le plateau de TF1 pour <strong>50 Minutes Inside<\/strong>, s&rsquo;est beaucoup livr\u00e9 quant \u00e0 l&rsquo;origine de se titre, devenu un \u00ab\u00a0<strong>incontournable<\/strong>\u00a0\u00bb en concert. Et comme il le dit lui m\u00eame :\u00a0<\/p>\n<blockquote><p>&#13;<\/p>\n<p>\u00ab\u00a0Les plus grandes chansons sont celles qui partent d\u2019un \u00e9l\u00e9ment \u00e9minemment personnel et qui deviennent universelles\u00a0\u00bb &#8211; Patrick Bruel<\/p>\n<p>&#13;\n<\/p><\/blockquote>\n<p>A la fin des ann\u00e9es 80,<strong> <a href=\"https:\/\/mradio.fr\/news\/people\/54169\/patrick-bruel-tendre-moment-avec-ses-deux-fils\" target=\"_blank\" rel=\"noopener\">Patrick Bruel<\/a> est en vacances <\/strong>et se la coule douce \u00e0 Tahiti. Mais il n&rsquo;en oublie pas la musique, et compose une nouvelle m\u00e9lodie, une ballade romantique dont il a le secret, intitul\u00e9e \u00ab\u00a0Just Think of me and I&rsquo;ll be there\u00a0\u00bb. De retour en France, il retrouve<strong> G\u00e9rard Persgurvic<\/strong>, \u00e0 qui il demande de mettre des mots, en fran\u00e7ais, sur sa composition. Mais ici, pas une histoire d&rsquo;amour, mais plut\u00f4t quelque chose de \u00ab\u00a0soci\u00e9tal\u00a0\u00bb.<strong> La chanson, \u00e9crite en \u00e0 peine trois heures, traduit l&rsquo;abandon : celui d&rsquo;un p\u00e8re qui a quitt\u00e9 le domicile familial<\/strong>, et la souffrance, d&rsquo;avoir grandi sans lui.<\/p>\n<p>Pourtant, quand la chanson est enregistr\u00e9e, la version ne pla\u00eet pas \u00e0 Patrick, <strong>qui refuse de la mettre dans son album<\/strong>.\u00a0<\/p>\n<blockquote><p>&#13;<\/p>\n<p>\u00ab\u00a0Une fois qu\u2019elle est termin\u00e9e d\u2019\u00eatre enregistr\u00e9e, elle est tellement orchestr\u00e9e que j\u2019ai l&rsquo;impression qu\u2019elle perd de son ADN et qu\u2019il y a quelque chose qui ne va pas. Elle ne me pla\u00eet pas, en fait. Et au dernier moment, je l\u2019enl\u00e8ve\u00a0\u00bb &#8211; Patrick Bruel <\/p>\n<p>&#13;\n<\/p><\/blockquote>\n<p>Il faudra attendre un an plus tard, pour que la magie op\u00e8re. Alors que le chanteur s&rsquo;\u00e9poumone sur la sc\u00e8ne du Z\u00e9nith, il profite de la fin du concert pour pr\u00e9senter la chanson \u00e0 son public. Un geste peu anodin, qui lui a \u00e9t\u00e9 sugg\u00e9r\u00e9 par sa m\u00e8re,<strong> triste de ne pas pouvoir \u00e9couter cette chanson qu&rsquo;elle trouvait si jolie<\/strong>.\u00a0<\/p>\n<blockquote><p>&#13;<\/p>\n<p>\u00ab\u00a0Ma m\u00e8re me dit : &lsquo;Mais cette chanson, tu la chanteras jamais ?&rsquo; Puis, le concert avance et \u00e0 la fin je me sens tellement bien que je me dis : &lsquo;Tiens, je vais faire plaisir \u00e0 ma maman et je vais chanter cette chanson&rsquo; \u00ab\u00a0J\u2019attaque la chanson, je fais le premier refrain et d\u00e8s qu\u2019arrive le deuxi\u00e8me refrain, la salle enti\u00e8re chante avec moi, comme si tout le monde connaissait la chanson depuis toujours. Et l\u00e0, je suis compl\u00e8tement \u00e9bahi\u00a0\u00bb &#8211; Patrick Bruel\u00a0<\/p>\n<p>&#13;\n<\/p><\/blockquote>\n<p>La suite, on la conna\u00eet : sorti en 1991, \u00ab\u00a0<strong>Qui a le droit<\/strong>\u00a0\u00bb devient l&rsquo;un des tubes les plus embl\u00e9matiques du chanteur, et se classe <strong>num\u00e9ro un des ventes en France<\/strong> durant pas moins de 7 semaines, devenant rapidement disque d&rsquo;or.\u00a0<\/p>\n<\/p>\n<p>Au Caf\u00e9 des d\u00e9lices, la revanche de Bruel qu&rsquo;on pensait \u00ab\u00a0fini\u00a0\u00bb<\/p>\n<p>Comment faire pour sortir un nouvel album quand le pr\u00e9c\u00e9dent s&rsquo;est vendu \u00e0 plusieurs millions d&rsquo;exemplaires, devenant l&rsquo;une des r\u00e9f\u00e9rences de la chanson fran\u00e7aise ? C&rsquo;est exactement <strong>la question que s&rsquo;est pos\u00e9e <a href=\"https:\/\/mradio.fr\/news\/musique\/53767\/patrick-bruel-tres-stresse-pour-une-raison-bien-particuliere-je-n-ai-pas-dormi-de-la-nuit\" target=\"_blank\" rel=\"noopener\">Patrick Bruel<\/a> au milieu des ann\u00e9es 90, apr\u00e8s la sortie de \u00ab\u00a0Alors regarde\u00a0\u00bb<\/strong>. Le jeune chanteur sait qu&rsquo;on l&rsquo;attend au tournant, et la sortie de \u00ab\u00a0<strong>Bruel<\/strong>\u00a0\u00bb en 1994 est marqu\u00e9e par cette angoisse, alors que<strong> l&rsquo;album se vend \u00e0 plus d&rsquo;un million d&rsquo;exemplaires.<\/strong>\u00a0<\/p>\n<blockquote><p>&#13;<\/p>\n<p>\u00ab\u00a0On est \u00e0 un moment o\u00f9 il y a eu un long passage entre 1995 et 1999 o\u00f9 rien n&rsquo;est s\u00fbr. Il y a beaucoup de gens qui disent : \u00ab\u00a0Bruel, c&rsquo;est fini.\u00a0\u00bb \u00c7a a \u00e9t\u00e9 compliqu\u00e9 alors qu&rsquo;on sort d&rsquo;un \u00e9norme succ\u00e8s. [&#8230;] C&rsquo;est s\u00fbr qu&rsquo;on a vendu que 1,2 million d&rsquo;albums apr\u00e8s avoir en vendu 3 millions, donc pour certains c&rsquo;\u00e9tait un \u00e9chec, moi je ne trouve pas. Et ensuite on a fait une tourn\u00e9e qui \u00e9tait sold-out partout, mais il y avait quelque chose&#8230;\u00a0\u00bb &#8211; Patrick Bruel, podcast Face A Purecharts.\u00a0<\/p>\n<p>&#13;\n<\/p><\/blockquote>\n<p>Mais le chanteur peut compter sur ses soutiens dans le milieu, comme son ami Johnny Hallyday, qui l&rsquo;invite sur<strong> la sc\u00e8ne du Stade de France<\/strong> en 1998. L&rsquo;occasion pour le fier papa de L\u00e9on et Oscar de se rappeler que les gens sont toujours heureux de le voir, qu&rsquo;il est attendu o\u00f9 qu&rsquo;il aille. C&rsquo;est donc un peu plus serein que<strong> Patrick Bruel d\u00e9voile, en octobre 1999, son quatri\u00e8me album \u00ab\u00a0Juste avant\u00a0\u00bb<\/strong>, qui va se vendre \u00e0 <strong>1,5 million de copies<\/strong>. Parmi les titres phares de l&rsquo;album, il y a \u00ab\u00a0<strong>J&rsquo;te mentirais<\/strong>\u00a0\u00bb et \u00ab\u00a0<strong>Pour la vie<\/strong>\u00ab\u00a0, mais il y a surtout \u00ab\u00a0<strong>Au caf\u00e9 des d\u00e9lices<\/strong>\u00ab\u00a0, une chanson \u00e9crite par<strong> F\u00e9lix Gray<\/strong>, et dont Patrick Bruel a senti le potentiel deux ans avant sa sortie officielle, alors qu&rsquo;il \u00e9tait en vacances en Tunisie.<\/p>\n<blockquote><p>&#13;<\/p>\n<p>\u00ab\u00a0Un jour, je suis au Club Med de Djerba o\u00f9 je r\u00e9alise le clip de Domino. Le soir, je fais un mini-concert, je prends la guitare et je chante la chanson. Et l\u00e0 je vois un truc fou qui se passe. C&rsquo;est comme si c&rsquo;\u00e9tait d\u00e9j\u00e0 une chanson connue. Il y avait d\u00e9j\u00e0 une esp\u00e8ce d&rsquo;engouement\u00a0\u00bb &#8211; Patrick Bruel<\/p>\n<p>&#13;\n<\/p><\/blockquote>\n<p>Cette chanson, qui a tout de suite s\u00e9duit son public, \u00e9voque <strong>la douceur de vivre en Tunisie<\/strong>, mais surtout un caf\u00e9 bien particulier que l&rsquo;artiste a beaucoup c\u00f4toy\u00e9, \u00e0 Sidi Bou Sa\u00efd.<\/p><\/p>\n","protected":false},"excerpt":{"rendered":"De \u00ab\u00a0Place des grands hommes\u00a0\u00bb \u00e0 \u00ab\u00a0Qui a le droit\u00a0\u00bb, que cachent les morceaux iconiques de Patrick Bruel&hellip;\n","protected":false},"author":2,"featured_media":94061,"comment_status":"","ping_status":"","sticky":false,"template":"","format":"standard","meta":{"footnotes":""},"categories":[1355],"tags":[11,3723,2937,1695,1697,58,59,1011,26,27,3722,1361,3724,873,626,3725,1825],"class_list":{"0":"post-94060","1":"post","2":"type-post","3":"status-publish","4":"format-standard","5":"has-post-thumbnail","7":"category-musique","8":"tag-actualites","9":"tag-actus","10":"tag-artistes","11":"tag-chanson","12":"tag-concert","13":"tag-divertissement","14":"tag-entertainment","15":"tag-fr","16":"tag-francaise","17":"tag-france","18":"tag-mradio","19":"tag-music","20":"tag-musicale","21":"tag-musique","22":"tag-paris","23":"tag-podcast","24":"tag-radio"},"share_on_mastodon":{"url":"https:\/\/pubeurope.com\/@fr\/114494547152955459","error":""},"_links":{"self":[{"href":"https:\/\/www.europesays.com\/fr\/wp-json\/wp\/v2\/posts\/94060","targetHints":{"allow":["GET"]}}],"collection":[{"href":"https:\/\/www.europesays.com\/fr\/wp-json\/wp\/v2\/posts"}],"about":[{"href":"https:\/\/www.europesays.com\/fr\/wp-json\/wp\/v2\/types\/post"}],"author":[{"embeddable":true,"href":"https:\/\/www.europesays.com\/fr\/wp-json\/wp\/v2\/users\/2"}],"replies":[{"embeddable":true,"href":"https:\/\/www.europesays.com\/fr\/wp-json\/wp\/v2\/comments?post=94060"}],"version-history":[{"count":0,"href":"https:\/\/www.europesays.com\/fr\/wp-json\/wp\/v2\/posts\/94060\/revisions"}],"wp:featuredmedia":[{"embeddable":true,"href":"https:\/\/www.europesays.com\/fr\/wp-json\/wp\/v2\/media\/94061"}],"wp:attachment":[{"href":"https:\/\/www.europesays.com\/fr\/wp-json\/wp\/v2\/media?parent=94060"}],"wp:term":[{"taxonomy":"category","embeddable":true,"href":"https:\/\/www.europesays.com\/fr\/wp-json\/wp\/v2\/categories?post=94060"},{"taxonomy":"post_tag","embeddable":true,"href":"https:\/\/www.europesays.com\/fr\/wp-json\/wp\/v2\/tags?post=94060"}],"curies":[{"name":"wp","href":"https:\/\/api.w.org\/{rel}","templated":true}]}}