{"id":940606,"date":"2026-05-18T09:50:10","date_gmt":"2026-05-18T09:50:10","guid":{"rendered":"https:\/\/www.europesays.com\/fr\/940606\/"},"modified":"2026-05-18T09:50:10","modified_gmt":"2026-05-18T09:50:10","slug":"carquefou-cette-experte-en-soins-capillaires-demenage","status":"publish","type":"post","link":"https:\/\/www.europesays.com\/fr\/940606\/","title":{"rendered":"Carquefou. Cette experte en soins capillaires d\u00e9m\u00e9nage"},"content":{"rendered":"<p>Install\u00e9e depuis dix\u00a0ans rue Jules-Verne, \u00c9lodie Baudry, coiffeuse et coloriste sp\u00e9cialis\u00e9e dans le traitement du cheveu, change d\u2019adresse afin de proposer un cadre plus adapt\u00e9 \u00e0 sa client\u00e8le.<\/p>\n<p>Son activit\u00e9 est d\u00e9sormais install\u00e9e 9, place Le Corvec, dans un espace repens\u00e9 pour accueillir ses clientes dans des conditions optimales, dans un salon lumineux, plus fonctionnel \u00e0 l\u2019usage, qui refl\u00e8te l\u2019\u00e9volution de son activit\u00e9 et son engagement vers des prestations personnalis\u00e9es.<\/p>\n<p>Des techniques respectueuses du cheveu<\/p>\n<p>Sp\u00e9cialiste de la coloration et du soin capillaire, \u00c9lodie Baudry s\u2019est forg\u00e9 une solide r\u00e9putation gr\u00e2ce \u00e0 une approche centr\u00e9e sur la qualit\u00e9 du cheveu et l\u2019\u00e9coute des besoins.<\/p>\n<p>\u00a0Ce changement d\u2019adresse est une \u00e9tape importante. Je souhaitais un espace qui corresponde pleinement \u00e0 ma fa\u00e7on de travailler, plus intime et plus confortable pour mes clientes\u00a0, confie-t-elle.<\/p>\n<p>Au-del\u00e0 de la simple coloration, \u00c9lodie Baudry met l\u2019accent apr\u00e8s expertise, sur des techniques respectueuses de la fibre capillaire, avec des soins adapt\u00e9s \u00e0 chaque type de cheveu. Une exigence qui lui permet de fid\u00e9liser une client\u00e8le attach\u00e9e \u00e0 son savoir-faire.<\/p>\n<p>Avec cette nouvelle implantation, \u00c9lodie Baudry confirme son ancrage local tout en poursuivant le d\u00e9veloppement de son activit\u00e9 dans un cadre modernis\u00e9 et renouvel\u00e9.<\/p>\n<p>Le Salon \u2013 9, place Le Corvec \u2013 Rendez-vous sur Planity.com\u00a0: \u00c9lodie Baudry \u2013 Tel\u00a0: 06\u00a043\u00a041\u00a009\u00a035<\/p>\n<p>\u00a0<\/p>\n","protected":false},"excerpt":{"rendered":"Install\u00e9e depuis dix\u00a0ans rue Jules-Verne, \u00c9lodie Baudry, coiffeuse et coloriste sp\u00e9cialis\u00e9e dans le traitement du cheveu, change d\u2019adresse&hellip;\n","protected":false},"author":2,"featured_media":940607,"comment_status":"","ping_status":"","sticky":false,"template":"","format":"standard","meta":{"footnotes":"","_share_on_mastodon":"0"},"categories":[2818],"tags":[1111,11,99706,3862,37460,1777,674,39360,1011,27,766,12,2636,25,4984],"class_list":["post-940606","post","type-post","status-publish","format-standard","has-post-thumbnail","category-nantes","tag-actu","tag-actualites","tag-capillaires","tag-carquefou","tag-demenage","tag-eu","tag-europe","tag-experte","tag-fr","tag-france","tag-nantes","tag-news","tag-pays-de-la-loire","tag-republique-francaise","tag-soins"],"share_on_mastodon":{"url":"https:\/\/pubeurope.com\/@fr\/116594961683001192","error":""},"_links":{"self":[{"href":"https:\/\/www.europesays.com\/fr\/wp-json\/wp\/v2\/posts\/940606","targetHints":{"allow":["GET"]}}],"collection":[{"href":"https:\/\/www.europesays.com\/fr\/wp-json\/wp\/v2\/posts"}],"about":[{"href":"https:\/\/www.europesays.com\/fr\/wp-json\/wp\/v2\/types\/post"}],"author":[{"embeddable":true,"href":"https:\/\/www.europesays.com\/fr\/wp-json\/wp\/v2\/users\/2"}],"replies":[{"embeddable":true,"href":"https:\/\/www.europesays.com\/fr\/wp-json\/wp\/v2\/comments?post=940606"}],"version-history":[{"count":0,"href":"https:\/\/www.europesays.com\/fr\/wp-json\/wp\/v2\/posts\/940606\/revisions"}],"wp:featuredmedia":[{"embeddable":true,"href":"https:\/\/www.europesays.com\/fr\/wp-json\/wp\/v2\/media\/940607"}],"wp:attachment":[{"href":"https:\/\/www.europesays.com\/fr\/wp-json\/wp\/v2\/media?parent=940606"}],"wp:term":[{"taxonomy":"category","embeddable":true,"href":"https:\/\/www.europesays.com\/fr\/wp-json\/wp\/v2\/categories?post=940606"},{"taxonomy":"post_tag","embeddable":true,"href":"https:\/\/www.europesays.com\/fr\/wp-json\/wp\/v2\/tags?post=940606"}],"curies":[{"name":"wp","href":"https:\/\/api.w.org\/{rel}","templated":true}]}}