{"id":94081,"date":"2025-05-12T11:19:09","date_gmt":"2025-05-12T11:19:09","guid":{"rendered":"https:\/\/www.europesays.com\/fr\/94081\/"},"modified":"2025-05-12T11:19:09","modified_gmt":"2025-05-12T11:19:09","slug":"essey-les-nancy-plusieurs-vehicules-en-stationnement-percutes-par-un-conducteur-ivre","status":"publish","type":"post","link":"https:\/\/www.europesays.com\/fr\/94081\/","title":{"rendered":"Essey-l\u00e8s-Nancy. Plusieurs v\u00e9hicules en stationnement percut\u00e9s par un conducteur ivre"},"content":{"rendered":"<p>Ce dimanche 11\u00a0mai vers midi, une camionnette a circul\u00e9 de mani\u00e8re d\u00e9sordonn\u00e9e entre l\u2019avenue du 69e-R\u00e9giment-d\u2019infanterie et l\u2019avenue Foch, \u00e0 Essey-l\u00e8s-Nancy. Le conducteur, manifestement hors de contr\u00f4le, a heurt\u00e9 plusieurs voitures en stationnement, causant d\u2019importants d\u00e9g\u00e2ts mat\u00e9riels. Heureusement, aucun bless\u00e9 n\u2019est \u00e0 d\u00e9plorer.<\/p>\n<p>L\u2019automobiliste a \u00e9t\u00e9 intercept\u00e9 par la police dans le centre-ville. L\u2019intervention rapide des forces de l\u2019ordre a permis de s\u00e9curiser le p\u00e9rim\u00e8tre et de mettre un terme \u00e0 la progression du v\u00e9hicule.<\/p>\n<p>D\u2019apr\u00e8s les informations communiqu\u00e9es par les services de police, le conducteur \u00e9tait en \u00e9tat d\u2019ivresse au moment des faits. Ce facteur pourrait expliquer la perte de contr\u00f4le.<\/p>\n<p>Les propri\u00e9taires de v\u00e9hicules endommag\u00e9s sont invit\u00e9s \u00e0 se pr\u00e9senter au commissariat situ\u00e9 boulevard Lobau.<\/p>\n","protected":false},"excerpt":{"rendered":"Ce dimanche 11\u00a0mai vers midi, une camionnette a circul\u00e9 de mani\u00e8re d\u00e9sordonn\u00e9e entre l\u2019avenue du 69e-R\u00e9giment-d\u2019infanterie et l\u2019avenue&hellip;\n","protected":false},"author":2,"featured_media":94082,"comment_status":"","ping_status":"","sticky":false,"template":"","format":"standard","meta":{"footnotes":""},"categories":[9635],"tags":[119,1111,11,1704,11361,1777,674,274,1011,27,775,11362,3457,1702,12,25],"class_list":{"0":"post-94081","1":"post","2":"type-post","3":"status-publish","4":"format-standard","5":"has-post-thumbnail","7":"category-nancy","8":"tag-accident","9":"tag-actu","10":"tag-actualites","11":"tag-edition-nancy-et-agglomeration","12":"tag-essey-les-nancy","13":"tag-eu","14":"tag-europe","15":"tag-faits-divers-justice","16":"tag-fr","17":"tag-france","18":"tag-grand-est","19":"tag-metropole-du-grand-nancy-54b3","20":"tag-meurthe-et-moselle","21":"tag-nancy","22":"tag-news","23":"tag-republique-francaise"},"share_on_mastodon":{"url":"https:\/\/pubeurope.com\/@fr\/114494594432104405","error":""},"_links":{"self":[{"href":"https:\/\/www.europesays.com\/fr\/wp-json\/wp\/v2\/posts\/94081","targetHints":{"allow":["GET"]}}],"collection":[{"href":"https:\/\/www.europesays.com\/fr\/wp-json\/wp\/v2\/posts"}],"about":[{"href":"https:\/\/www.europesays.com\/fr\/wp-json\/wp\/v2\/types\/post"}],"author":[{"embeddable":true,"href":"https:\/\/www.europesays.com\/fr\/wp-json\/wp\/v2\/users\/2"}],"replies":[{"embeddable":true,"href":"https:\/\/www.europesays.com\/fr\/wp-json\/wp\/v2\/comments?post=94081"}],"version-history":[{"count":0,"href":"https:\/\/www.europesays.com\/fr\/wp-json\/wp\/v2\/posts\/94081\/revisions"}],"wp:featuredmedia":[{"embeddable":true,"href":"https:\/\/www.europesays.com\/fr\/wp-json\/wp\/v2\/media\/94082"}],"wp:attachment":[{"href":"https:\/\/www.europesays.com\/fr\/wp-json\/wp\/v2\/media?parent=94081"}],"wp:term":[{"taxonomy":"category","embeddable":true,"href":"https:\/\/www.europesays.com\/fr\/wp-json\/wp\/v2\/categories?post=94081"},{"taxonomy":"post_tag","embeddable":true,"href":"https:\/\/www.europesays.com\/fr\/wp-json\/wp\/v2\/tags?post=94081"}],"curies":[{"name":"wp","href":"https:\/\/api.w.org\/{rel}","templated":true}]}}