{"id":940859,"date":"2026-05-18T12:25:17","date_gmt":"2026-05-18T12:25:17","guid":{"rendered":"https:\/\/www.europesays.com\/fr\/940859\/"},"modified":"2026-05-18T12:25:17","modified_gmt":"2026-05-18T12:25:17","slug":"lyon-bellecour-bouclee-pourquoi-un-dispositif-policier-exceptionnel-a-ete-deploye-en-presquile","status":"publish","type":"post","link":"https:\/\/www.europesays.com\/fr\/940859\/","title":{"rendered":"Lyon. Bellecour boucl\u00e9e, pourquoi un dispositif policier exceptionnel a \u00e9t\u00e9 d\u00e9ploy\u00e9 en Presqu&rsquo;\u00eele"},"content":{"rendered":"<p>                    Par<br \/>\n        <strong><br \/>\n            <a href=\"https:\/\/actu.fr\/auteur\/anthony-soudani\" title=\"Consulter tous les articles de Anthony Soudani\" rel=\"nofollow noopener\" target=\"_blank\">Anthony Soudani<\/a><br \/>\n                    <\/strong><\/p>\n<p>        Publi\u00e9 le<\/p>\n<p>            18 mai 2026 \u00e0 13h56<br \/>\n        ; mis \u00e0 jour le 18 mai 2026 \u00e0 14h18    <\/p>\n<p>Un dispositif policier exceptionnel a \u00e9t\u00e9 mis en place en Presqu\u2019\u00eele de <a href=\"https:\/\/actu.fr\/lyon\/\" rel=\"nofollow noopener\" target=\"_blank\">Lyon<\/a> dans la matin\u00e9e du lundi 18 mai. Ces moyens de s\u00e9curit\u00e9 ont \u00e9t\u00e9 d\u00e9ploy\u00e9s, notamment dans le secteur de Bellecour, \u00e0 l\u2019occasion de la prise de fonction du <a href=\"https:\/\/actu.fr\/auvergne-rhone-alpes\/lyon_69123\/lyon-qui-est-etienne-guyot-le-nouveau-prefet-du-rhone-choisi-par-emmanuel-macron_64277679.html\" rel=\"nofollow noopener\" target=\"_blank\">nouveau pr\u00e9fet du Rh\u00f4ne, \u00c9tienne Guyot<\/a>, qui succ\u00e8de \u00e0 Fabienne Buccio.\u00a0<\/p>\n<p>Une c\u00e9r\u00e9monie en hommage aux morts<\/p>\n<p class=\" wall-content\">Vers 9h30, la place Bellecour a \u00e9t\u00e9 boucl\u00e9e. Plusieurs routes aux alentours ont \u00e9t\u00e9 ferm\u00e9es \u00e0 la circulation automobile par les forces de l\u2019ordre : la rue de la Barre, la rue Gasparin, la rue Boissac\u2026<\/p>\n<p class=\" wall-content\">Le nouveau pr\u00e9fet de la r\u00e9gion Auvergne-Rh\u00f4ne-Alpes a rendu hommage aux morts de toutes les guerres lors d\u2019une c\u00e9r\u00e9monie de d\u00e9p\u00f4t de gerbe organis\u00e9e au sanctuaire de la R\u00e9sistance et de la d\u00e9portation, place <a href=\"https:\/\/actu.fr\/tag\/bellecour\" rel=\"nofollow noopener\" target=\"_blank\">Bellecour<\/a>, \u00e0 10h.<\/p>\n<p class=\" wall-content\">\u00c9tienne Guyot exer\u00e7ait en tant que pr\u00e9fet de Gironde et de la r\u00e9gion Nouvelle-Aquitaine (2023-2026). D\u00e9j\u00e0 en 2023, il avait pris la suite de Fabienne Buccio \u00e0 Bordeaux, lorsqu\u2019elle avait \u00e9t\u00e9 nomm\u00e9e \u00e0 Lyon.<\/p>\n<p>Des policiers pr\u00e9sents pour surveiller le magasin Swatch<\/p>\n<p class=\" wall-content\">La pr\u00e9fecture nous indique que ce dispositif policier a aussi \u00e9t\u00e9 mis en place pour la gestion des personnes qui venaient encore pour acheter <a href=\"https:\/\/actu.fr\/auvergne-rhone-alpes\/lyon_69123\/lyon-file-d-attente-geante-foule-hostile-la-vente-de-montres-swatch-tourne-au-fiasco-total-a-bellecour_64276360.html\" rel=\"nofollow noopener\" target=\"_blank\">les nouvelles montres Swatch<\/a>. Quelques dizaines de clients patientaient devant l\u2019enseigne de Bellecour dans la nuit de dimanche \u00e0 lundi.<\/p>\n<p class=\" wall-content\">Les forces de l\u2019ordre \u00e9taient pr\u00e9sentes pour \u00e9viter <a href=\"https:\/\/actu.fr\/hauts-de-france\/lille_59350\/apres-les-debordements-devant-la-boutique-swatch-a-lille-la-ville-porte-plainte-pour-entrave-a-la-circulation_64274097.html\" rel=\"nofollow noopener\" target=\"_blank\">les d\u00e9bordements<\/a> comme cela a \u00e9t\u00e9 le cas ce week-end \u00e0 Lyon et un peu partout en France.<\/p>\n<p class=\" wall-content\">Le secteur a rouvert \u00e0 la circulation \u00e0 11h environ.<\/p>\n<p class=\" wall-content\">Personnalisez votre actualit\u00e9 en ajoutant vos villes et m\u00e9dias en favori avec <a href=\"https:\/\/moncompte.actu.fr\" title=\"D\u00e9couvez Mon Actu\" rel=\"nofollow noopener\" data-trk=\"{&quot;cta&quot;:{&quot;action&quot;:&quot;https:\\\/\\\/moncompte.actu.fr&quot;,&quot;category&quot;:&quot;mon compte&quot;,&quot;from&quot;:&quot;article footer&quot;,&quot;name&quot;:&quot;Mon actu&quot;,&quot;type&quot;:&quot;cta&quot;}}\" target=\"_blank\">Mon Actu<\/a>.<\/p>\n","protected":false},"excerpt":{"rendered":"Par Anthony Soudani Publi\u00e9 le 18 mai 2026 \u00e0 13h56 ; mis \u00e0 jour le 18 mai 2026&hellip;\n","protected":false},"author":2,"featured_media":940860,"comment_status":"","ping_status":"","sticky":false,"template":"","format":"standard","meta":{"footnotes":"","_share_on_mastodon":"0"},"categories":[1889],"tags":[1111,11,2430,5272,1777,674,1011,27,2428,12,1072,2809,25,104],"class_list":["post-940859","post","type-post","status-publish","format-standard","has-post-thumbnail","category-lyon","tag-actu","tag-actualites","tag-auvergne-rhone-alpes","tag-bellecour","tag-eu","tag-europe","tag-fr","tag-france","tag-lyon","tag-news","tag-police","tag-presquile","tag-republique-francaise","tag-societe"],"share_on_mastodon":{"url":"https:\/\/pubeurope.com\/@fr\/116595571291855691","error":""},"_links":{"self":[{"href":"https:\/\/www.europesays.com\/fr\/wp-json\/wp\/v2\/posts\/940859","targetHints":{"allow":["GET"]}}],"collection":[{"href":"https:\/\/www.europesays.com\/fr\/wp-json\/wp\/v2\/posts"}],"about":[{"href":"https:\/\/www.europesays.com\/fr\/wp-json\/wp\/v2\/types\/post"}],"author":[{"embeddable":true,"href":"https:\/\/www.europesays.com\/fr\/wp-json\/wp\/v2\/users\/2"}],"replies":[{"embeddable":true,"href":"https:\/\/www.europesays.com\/fr\/wp-json\/wp\/v2\/comments?post=940859"}],"version-history":[{"count":0,"href":"https:\/\/www.europesays.com\/fr\/wp-json\/wp\/v2\/posts\/940859\/revisions"}],"wp:featuredmedia":[{"embeddable":true,"href":"https:\/\/www.europesays.com\/fr\/wp-json\/wp\/v2\/media\/940860"}],"wp:attachment":[{"href":"https:\/\/www.europesays.com\/fr\/wp-json\/wp\/v2\/media?parent=940859"}],"wp:term":[{"taxonomy":"category","embeddable":true,"href":"https:\/\/www.europesays.com\/fr\/wp-json\/wp\/v2\/categories?post=940859"},{"taxonomy":"post_tag","embeddable":true,"href":"https:\/\/www.europesays.com\/fr\/wp-json\/wp\/v2\/tags?post=940859"}],"curies":[{"name":"wp","href":"https:\/\/api.w.org\/{rel}","templated":true}]}}