{"id":94105,"date":"2025-05-12T11:31:13","date_gmt":"2025-05-12T11:31:13","guid":{"rendered":"https:\/\/www.europesays.com\/fr\/94105\/"},"modified":"2025-05-12T11:31:13","modified_gmt":"2025-05-12T11:31:13","slug":"pourquoi-ca-risque-de-durer-toute-la-journee","status":"publish","type":"post","link":"https:\/\/www.europesays.com\/fr\/94105\/","title":{"rendered":"pourquoi \u00e7a risque de durer toute la journ\u00e9e"},"content":{"rendered":"<p>            Par<br \/>\n        <strong><br \/>\n            <a href=\"https:\/\/actu.fr\/auteur\/ivan-capecchi\" title=\"Consulter tous les articles de Ivan CAPECCHI\" rel=\"nofollow noopener\" target=\"_blank\">Ivan CAPECCHI<\/a><br \/>\n        <\/strong><\/p>\n<p>        Publi\u00e9 le<\/p>\n<p>            12 mai 2025 \u00e0 12h36<br \/>\n        ; mis \u00e0 jour le 12 mai 2025 \u00e0 12h39    <\/p>\n<p>Ce lundi matin, des <strong>bouchons<\/strong> sont observ\u00e9s au niveau du <a href=\"https:\/\/actu.fr\/grand-est\/strasbourg_67482\/strasbourg-ce-que-l-on-sait-deja-du-projet-de-reconstruction-du-pont-de-l-europe_62129401.html\" rel=\"nofollow noopener\" target=\"_blank\">pont de l\u2019Europe<\/a>, \u00e0 Strasbourg, qui marque la <strong>fronti\u00e8re entre la France et l\u2019Allemagne<\/strong>, \u00e0 cause de <strong>contr\u00f4les de la police<\/strong> outre-Rhin.<\/p>\n<p class=\" wall-content\">D\u2019apr\u00e8s un policier interrog\u00e9 sur place, <strong>les contr\u00f4les pourraient durer toute cette journ\u00e9e<\/strong>.<\/p>\n<p class=\" wall-content\">\n<p>Bouchons au niveau du pont de l\u2019Europe\u2009: les automobilistes partag\u00e9s<\/p>\n<p class=\" wall-content\">Toujours sur place, les automobilistes sont <strong>partag\u00e9s<\/strong>. \u00c0 l\u2019image de ce conducteur de bus <strong>Flixbus<\/strong>, en train de se faire contr\u00f4ler alors que nous l\u2019interrogeons\u2009: \u00ab\u2009Bien s\u00fbr, je pense que <strong>les contr\u00f4les sont bons \u00e0 cause des immigrants ill\u00e9gaux<\/strong>, mais, bien s\u00fbr aussi, les contr\u00f4les <strong>provoquent des bouchons et donc des retards<\/strong>\u2009\u00bb.<\/p>\n<p>      <img   decoding=\"async\" loading=\"lazy\" src=\"https:\/\/www.europesays.com\/fr\/wp-content\/uploads\/2025\/05\/img-20250512-wa0008-censored-960x640.jpg\" alt=\"bouchons contr\u00f4les pont europe Strasbourg\" width=\"960\" height=\"640\"\/><br \/>\n    Un bus Flixbus s\u2019est fait contr\u00f4ler ce lundi matin. (\u00a9Ivan Capecchi \/ Actu Strasbourg)<\/p>\n<p class=\" wall-content\">Globalement, il y a les m\u00e9contents \u2013 \u00ab\u2009C\u2019est <strong>inutile<\/strong> selon moi\u2009\u00bb, \u00ab\u2009c\u2019est <strong>b\u00eate<\/strong>, on ne comprend pas trop l\u2019utilit\u00e9, je fais souvent le trajet et l\u00e0, <strong>c\u2019est horrible au niveau des embouteillages<\/strong>\u2009\u00bb\u2026 \u2013 et ceux qui sont favorables \u00e0 ces contr\u00f4les renforc\u00e9s\u2009: \u00ab\u2009C\u2019est tr\u00e8s bien, c\u2019est une <strong>protection<\/strong> et je trouve que <strong>les Allemands font tr\u00e8s tr\u00e8s bien leur travail<\/strong>, ce sont des gens super\u2009\u00bb, \u00ab\u2009je trouve \u00e7a bien pour la <strong>s\u00e9curit\u00e9 du pays<\/strong>, et les embouteillages \u00e7a va\u2009\u00bb\u2026\u00a0<\/p>\n<p>Vid\u00e9os : en ce moment sur ActuRenforcement des contr\u00f4les depuis le 8\u00a0mai 2025<\/p>\n<p class=\" wall-content\">Le <strong>8\u00a0mai 2025<\/strong>, des<strong> contr\u00f4les intensifi\u00e9s<\/strong> ont \u00e9t\u00e9 mis en place <strong>entre Strasbourg et Kehl<\/strong>, provoquant des <strong>embouteillages<\/strong> et des <strong>retards<\/strong>\u00a0pour les <strong>automobilistes<\/strong>, mais aussi les <strong>tramways transfrontaliers<\/strong>.<\/p>\n<p class=\" wall-content\">Dans un communiqu\u00e9, les maires de Strasbourg, <a href=\"https:\/\/actu.fr\/tag\/jeanne-barseghian\" rel=\"nofollow noopener\" target=\"_blank\">Jeanne Barseghian<\/a>, et de Kehl, Wolfram Britz, ont exprim\u00e9 leur <strong>pr\u00e9occupation face \u00e0 ces mesures<\/strong>, les jugeant excessives et <strong>perturbant la vie quotidienne des frontaliers<\/strong>. Ils ont appel\u00e9 le gouvernement allemand \u00e0 <strong>r\u00e9duire l\u2019intensit\u00e9 des contr\u00f4les pour pr\u00e9server la coop\u00e9ration transfrontali\u00e8re<\/strong>.<\/p>\n<p>      <img   decoding=\"async\" loading=\"lazy\" src=\"https:\/\/www.europesays.com\/fr\/wp-content\/uploads\/2025\/05\/img-20250512-wa0011-960x640.jpg\" alt=\"Des bouchons \u00e9taient observables \u00e0 la fronti\u00e8re entre Strasbourg et Kehl ce lundi matin.\" width=\"960\" height=\"640\"\/><br \/>\n    Des bouchons \u00e9taient observables \u00e0 la fronti\u00e8re entre Strasbourg et Kehl, ce lundi matin. (\u00a9Ivan Capecchi \/ Actu Strasbourg)Des contr\u00f4les qui perturbent le quotidien des frontaliers<\/p>\n<p class=\" wall-content\">Les travailleurs frontaliers, notamment ceux r\u00e9sidant en <a href=\"https:\/\/actu.fr\/tag\/alsace\" rel=\"nofollow noopener\" target=\"_blank\">Alsace<\/a> et travaillant en <a href=\"https:\/\/actu.fr\/tag\/allemagne\" rel=\"nofollow noopener\" target=\"_blank\">Allemagne<\/a>, sont particuli\u00e8rement affect\u00e9s par ces contr\u00f4les. Ils doivent d\u00e9sormais pr\u00e9voir des <strong>d\u00e9lais suppl\u00e9mentaires pour leurs trajets<\/strong> et s\u2019assurer de toujours avoir sur eux des <strong>documents d\u2019identit\u00e9 valides<\/strong>.<\/p>\n<p class=\" wall-content\">\u00ab<strong>\u2009\u00c7a bloque beaucoup notre travail<\/strong>. Je suis garagiste et chaque fois que je dois aller chercher des pi\u00e8ces, c\u2019est abus\u00e9\u2009\u00bb, t\u00e9moigne par exemple un frontalier interrog\u00e9 par Actu Strasbourg.<\/p>\n<p class=\" wall-content\">Suivez toute l\u2019actualit\u00e9 de vos villes et m\u00e9dias favoris en vous inscrivant \u00e0 <a href=\"https:\/\/moncompte.actu.fr\" title=\"D\u00e9couvez Mon Actu\" rel=\"nofollow noopener\" data-trk=\"{&quot;cta&quot;:{&quot;action&quot;:&quot;https:\\\/\\\/moncompte.actu.fr&quot;,&quot;category&quot;:&quot;mon compte&quot;,&quot;from&quot;:&quot;article footer&quot;,&quot;name&quot;:&quot;Mon actu&quot;,&quot;type&quot;:&quot;cta&quot;}}\" target=\"_blank\">Mon Actu<\/a>.<\/p>\n","protected":false},"excerpt":{"rendered":"Par Ivan CAPECCHI Publi\u00e9 le 12 mai 2025 \u00e0 12h36 ; mis \u00e0 jour le 12 mai 2025&hellip;\n","protected":false},"author":2,"featured_media":94106,"comment_status":"","ping_status":"","sticky":false,"template":"","format":"standard","meta":{"footnotes":""},"categories":[2820],"tags":[1111,11,672,646,1777,674,1011,27,775,12,25,104,640],"class_list":{"0":"post-94105","1":"post","2":"type-post","3":"status-publish","4":"format-standard","5":"has-post-thumbnail","7":"category-strasbourg","8":"tag-actu","9":"tag-actualites","10":"tag-allemagne","11":"tag-automobile","12":"tag-eu","13":"tag-europe","14":"tag-fr","15":"tag-france","16":"tag-grand-est","17":"tag-news","18":"tag-republique-francaise","19":"tag-societe","20":"tag-strasbourg"},"share_on_mastodon":{"url":"https:\/\/pubeurope.com\/@fr\/114494642278805940","error":""},"_links":{"self":[{"href":"https:\/\/www.europesays.com\/fr\/wp-json\/wp\/v2\/posts\/94105","targetHints":{"allow":["GET"]}}],"collection":[{"href":"https:\/\/www.europesays.com\/fr\/wp-json\/wp\/v2\/posts"}],"about":[{"href":"https:\/\/www.europesays.com\/fr\/wp-json\/wp\/v2\/types\/post"}],"author":[{"embeddable":true,"href":"https:\/\/www.europesays.com\/fr\/wp-json\/wp\/v2\/users\/2"}],"replies":[{"embeddable":true,"href":"https:\/\/www.europesays.com\/fr\/wp-json\/wp\/v2\/comments?post=94105"}],"version-history":[{"count":0,"href":"https:\/\/www.europesays.com\/fr\/wp-json\/wp\/v2\/posts\/94105\/revisions"}],"wp:featuredmedia":[{"embeddable":true,"href":"https:\/\/www.europesays.com\/fr\/wp-json\/wp\/v2\/media\/94106"}],"wp:attachment":[{"href":"https:\/\/www.europesays.com\/fr\/wp-json\/wp\/v2\/media?parent=94105"}],"wp:term":[{"taxonomy":"category","embeddable":true,"href":"https:\/\/www.europesays.com\/fr\/wp-json\/wp\/v2\/categories?post=94105"},{"taxonomy":"post_tag","embeddable":true,"href":"https:\/\/www.europesays.com\/fr\/wp-json\/wp\/v2\/tags?post=94105"}],"curies":[{"name":"wp","href":"https:\/\/api.w.org\/{rel}","templated":true}]}}