{"id":94109,"date":"2025-05-12T11:33:08","date_gmt":"2025-05-12T11:33:08","guid":{"rendered":"https:\/\/www.europesays.com\/fr\/94109\/"},"modified":"2025-05-12T11:33:08","modified_gmt":"2025-05-12T11:33:08","slug":"salaires-carrieres-austerite-pourquoi-les-fonctionnaires-manifesteront-ce-mardi-a-nice-et-toulon","status":"publish","type":"post","link":"https:\/\/www.europesays.com\/fr\/94109\/","title":{"rendered":"Salaires, carri\u00e8res, aust\u00e9rit\u00e9: pourquoi les fonctionnaires manifesteront ce mardi \u00e0 Nice et Toulon"},"content":{"rendered":"<p>\u00ab\u00a0Pour nos salaires, nos carri\u00e8res, nos m\u00e9tiers et pour dire non \u00e0 l\u2019aust\u00e9rit\u00e9\u00a0\u00bb: les fonctionnaires feront entendre leurs revendications dans toute la France mardi 13 mai. Localement, le rendez-vous est donn\u00e9 aux manifestants \u00e0 10 heures simultan\u00e9ment place Garibaldi \u00e0 Nice et devant la pr\u00e9fecture \u00e0 Toulon.<\/p>\n<p>La fonction publique dans son ensemble est invit\u00e9e \u00e0 d\u00e9brayer par une intersyndicale qui, au niveau national, rassemble cinq des huit syndicats majeurs. La semaine pass\u00e9e, c\u2019est la CGT qui a tanc\u00e9 le \u00ab\u00a0double discours\u00a0\u00bb du gouvernement face \u00e0 leurs revendications. Les organisations s\u2019inqui\u00e8tent des \u00e9conomies annonc\u00e9es par l\u2019\u00c9tat puisqu\u2019Am\u00e9lie de Montchalin, ministre des Comptes publics, a avanc\u00e9 2 \u00e0 3 milliards d\u2019euros r\u00e9sultant d\u2019un grand \u00ab\u00a0m\u00e9nage\u00a0\u00bb.<\/p>\n<p>\u00ab\u00a0Une attaque contre les disciplines\u00a0\u00bb<\/p>\n<p>Pour rappel, les syndicats r\u00e9clament notamment l\u2019augmentation de la valeur du point d\u2019indice ou encore la suppression de la baisse de la r\u00e9mun\u00e9ration de 10% pendant les cong\u00e9s maladies ordinaires. Cette journ\u00e9e d\u2019action sera \u00e9galement l\u2019occasion pour chaque branche d\u2019\u00e9voquer les difficult\u00e9s auxquelles elle fait face. \u00c0 ce titre, pour l\u2019enseignement, le Snes-Fsu dira sa col\u00e8re contre la r\u00e9forme de la formation initiale pr\u00e9vue \u00e0 la rentr\u00e9e 2025: \u00ab\u00a0C\u2019est une attaque contre les disciplines, notre professionnalit\u00e9 et nos missions de transmission des savoirs et savoir-faire [&#8230;] Avec un concours \u00e0 bac + 2,5, une baisse des exigences disciplinaires dans les nouvelles maquettes.\u00a0\u00bb<\/p>\n<p><a href=\"https:\/\/www.nicematin.com\/social\/rassembles-a-nice-les-fonctionnaires-ne-veulent-pas-servir-de-variable-d-ajustement-budgetaire-980726\" rel=\"nofollow noopener\" target=\"_blank\">Le 3 avril dernier, les fonctionnaires s\u2019\u00e9taient d\u00e9j\u00e0 rassembl\u00e9s pour porter leur message \u00e0 Nice<\/a>. Ils refusaient d\u00e9j\u00e0 d\u2019\u00eatre \u00ab\u00a0la variable d\u2019ajustement\u00a0\u00bb de l\u2019\u00c9tat.<\/p>\n","protected":false},"excerpt":{"rendered":"\u00ab\u00a0Pour nos salaires, nos carri\u00e8res, nos m\u00e9tiers et pour dire non \u00e0 l\u2019aust\u00e9rit\u00e9\u00a0\u00bb: les fonctionnaires feront entendre leurs&hellip;\n","protected":false},"author":2,"featured_media":94110,"comment_status":"","ping_status":"","sticky":false,"template":"","format":"standard","meta":{"footnotes":""},"categories":[2819],"tags":[1111,11,1777,674,1011,27,802,12,2401,882,25,801],"class_list":{"0":"post-94109","1":"post","2":"type-post","3":"status-publish","4":"format-standard","5":"has-post-thumbnail","7":"category-nice","8":"tag-actu","9":"tag-actualites","10":"tag-eu","11":"tag-europe","12":"tag-fr","13":"tag-france","14":"tag-greves-et-mouvements-sociaux","15":"tag-news","16":"tag-nice","17":"tag-provence-alpes-cote-dazur","18":"tag-republique-francaise","19":"tag-social"},"share_on_mastodon":{"url":"","error":""},"_links":{"self":[{"href":"https:\/\/www.europesays.com\/fr\/wp-json\/wp\/v2\/posts\/94109","targetHints":{"allow":["GET"]}}],"collection":[{"href":"https:\/\/www.europesays.com\/fr\/wp-json\/wp\/v2\/posts"}],"about":[{"href":"https:\/\/www.europesays.com\/fr\/wp-json\/wp\/v2\/types\/post"}],"author":[{"embeddable":true,"href":"https:\/\/www.europesays.com\/fr\/wp-json\/wp\/v2\/users\/2"}],"replies":[{"embeddable":true,"href":"https:\/\/www.europesays.com\/fr\/wp-json\/wp\/v2\/comments?post=94109"}],"version-history":[{"count":0,"href":"https:\/\/www.europesays.com\/fr\/wp-json\/wp\/v2\/posts\/94109\/revisions"}],"wp:featuredmedia":[{"embeddable":true,"href":"https:\/\/www.europesays.com\/fr\/wp-json\/wp\/v2\/media\/94110"}],"wp:attachment":[{"href":"https:\/\/www.europesays.com\/fr\/wp-json\/wp\/v2\/media?parent=94109"}],"wp:term":[{"taxonomy":"category","embeddable":true,"href":"https:\/\/www.europesays.com\/fr\/wp-json\/wp\/v2\/categories?post=94109"},{"taxonomy":"post_tag","embeddable":true,"href":"https:\/\/www.europesays.com\/fr\/wp-json\/wp\/v2\/tags?post=94109"}],"curies":[{"name":"wp","href":"https:\/\/api.w.org\/{rel}","templated":true}]}}