{"id":941174,"date":"2026-05-18T15:39:21","date_gmt":"2026-05-18T15:39:21","guid":{"rendered":"https:\/\/www.europesays.com\/fr\/941174\/"},"modified":"2026-05-18T15:39:21","modified_gmt":"2026-05-18T15:39:21","slug":"var-des-ecologistes-sopposent-a-un-centre-dexcellence-de-drones-et-darmes-sous-marines-de-naval-group","status":"publish","type":"post","link":"https:\/\/www.europesays.com\/fr\/941174\/","title":{"rendered":"Var : des \u00e9cologistes s&rsquo;opposent \u00e0 un centre d&rsquo;excellence de drones et d&rsquo;armes sous-marines de Naval Group"},"content":{"rendered":"<p>Un centre d\u2019excellence en mati\u00e8re de drones, de syst\u00e8mes autonomes et d\u2019armes sous-marines \u00e0 l\u2019horizon 2028. C\u2019est <a href=\"https:\/\/www.valeursactuelles.com\/societe\/var-cela-fait-3-ans-quon-est-dans-des-procedures-environnementales-la-construction-dune-usine-strategique-bloquee-par-des-ecolos\" target=\"_blank\" rel=\"noopener nofollow\">le projet de Naval Group<\/a> pour l\u2019ancien site industriel des Bormettes \u00e0 la Londe-les-Maures, pr\u00e8s de <a href=\"https:\/\/www.valeursactuelles.com\/regions\/provence-alpes-cote-dazur\/var\/toulon\" target=\"_blank\" rel=\"noopener nofollow\">Toulon<\/a>. A l\u2019origine, une usine cr\u00e9\u00e9e en 1907 et ferm\u00e9 ensuite faute de rentabilit\u00e9. Naval Group veut aujourd\u2019hui lui redonner vie \u00e0 travers un complexe moderne de 17 000 m\u00b2 destin\u00e9 \u00e0 accueillir environ 550 collaborateurs.<\/p>\n<p><a href=\"https:\/\/www.valeursactuelles.com\/societe\/defense-le-premier-escadron-de-drones-de-chasse-de-larmee-de-terre-declare-pleinement-operationnel\" class=\"h-flex h-align-items-center h-border-tb h-ptb-15\" rel=\"nofollow noopener\" target=\"_blank\">A\u00a0LIRE\u00a0D\u00e9fense : le premier escadron de drones de chasse de l\u2019arm\u00e9e de Terre d\u00e9clar\u00e9 \u00ab pleinement op\u00e9rationnel \u00bb<\/a><\/p>\n<p>Objectif, regrouper sur un m\u00eame site les \u00e9quipes actuellement r\u00e9parties entre Saint-Tropez, Toulon-Lagoubran et Ollioules-Euclide afin d\u2019acc\u00e9l\u00e9rer le d\u00e9veloppement des syst\u00e8mes sous-marins de nouvelle g\u00e9n\u00e9ration. Le futur ensemble comprendra des bureaux, des ateliers industriels, des espaces clients et des infrastructures d\u2019essais. L\u2019appontement maritime sera r\u00e9am\u00e9nag\u00e9 afin de permettre des d\u00e9monstrations et des tests en mer des drones sous-marins d\u00e9velopp\u00e9s par le groupe.<\/p>\n<p>Dans un contexte international marqu\u00e9 la guerre des drones et la comp\u00e9tition navale entre grandes puissances, la France entend pr\u00e9server sa souverainet\u00e9 technologique sous la mer. Depuis la guerre en Ukraine et la multiplication des tensions navales en Indo-Pacifique, les syst\u00e8mes autonomes sont devenus l\u2019un des axes majeurs de transformation militaire. Plus discrets, moins co\u00fbteux et parfois plus difficiles \u00e0 d\u00e9tecter qu\u2019un sous-marin conventionnel, ces engins sont appel\u00e9s \u00e0 jouer un r\u00f4le croissant dans le renseignement, le d\u00e9minage, la protection des infrastructures critiques ou encore les op\u00e9rations offensives. Le futur site des Bormettes doit ainsi devenir un p\u00f4le d\u2019innovation capable de concevoir, produire et maintenir ces syst\u00e8mes autonomes sous-marins au plus pr\u00e8s de la Marine nationale et de la Direction g\u00e9n\u00e9rale de l\u2019armement. Naval Group a pr\u00e9cis\u00e9ment pour ambition de se positionner comme l\u2019un des leaders europ\u00e9ens de cette technologie.<\/p>\n<p><strong>Des associations s\u2019opposent<\/strong><\/p>\n<p>L\u2019industriel veut faire de ce site \u00ab une vitrine r\u00e9pondant aux meilleures exigences environnementales et de s\u00e9curit\u00e9. Le groupe souhaite d\u00e9montrer que l\u2019on peut associer r\u00e9industrialisation du territoire et respect de l\u2019environnement et des riverains \u00bb. Pour se faire, il souhaite respecter les crit\u00e8res de haute qualit\u00e9 environnementale (HQE) en construisant un b\u00e2timent bioclimatique, en r\u00e9cup\u00e9rant des eaux pluviales sur les toitures, en laissant une faible empreinte carbone \u00e0 la construction et en produisant de l\u2019\u00e9nergie renouvelable pour la consommation du site. L\u2019op\u00e9ration s\u2019inscrit dans une logique territoriale plus large avec l\u2019am\u00e9lioration de la gestion hydraulique du quartier mais aussi avec la cr\u00e9ation d\u2019espaces verts, la plantation de flores m\u00e9diterran\u00e9ennes r\u00e9sistantes \u00e0 la s\u00e9cheresse et la plantation de 400 arbres, doublant ainsi leur nombre sur le site ; tout en pr\u00e9servant une quinzaine d\u2019esp\u00e8ces animales pr\u00e9sentes.<\/p>\n<p>Le calendrier pr\u00e9voit un d\u00e9marrage des travaux en 2026 et une mise en service du site fin 2027 si tout va bien. N\u00e9anmoins, deux associations ont saisi le tribunal administratif pour tenter de suspendre l\u2019autorisation accord\u00e9e par le pr\u00e9fet de lancer le chantier. France nature environnement Var et Les amis des Bormettes d\u00e9noncent les impacts sur la faune et la flore locale. \u00ab Plus que jamais, la biodiversit\u00e9 du littoral varois est menac\u00e9e par ce projet industriel . L\u2019avenir de plusieurs esp\u00e8ces prot\u00e9g\u00e9es est en jeu, ainsi que celui d\u2019 Arbres majestueux et d\u2019\u00e9cosyst\u00e8mes fragiles. Le projet de Naval Group est tout simplement encore l\u2019un de ces projets d\u00e9mesur\u00e9s qui minimise et invisibilise les v\u00e9ritables enjeux \u00e9cologiques, sanitaires et sociaux\u2026 \u00bb, <a href=\"https:\/\/www.facebook.com\/Les.amis.des.Bormettes\" rel=\"nofollow noopener\" target=\"_blank\">affirme l\u2019association les amis des Bormettes<\/a>.<\/p>\n<p>Pour l\u2019instant la premi\u00e8re d\u00e9cision judiciaire a donn\u00e9 raison \u00e0 Naval Group. Verdict d\u00e9finitif dans quelques mois quand le tribunal administratif jugera l\u2019affaire sur le fond.<\/p>\n<p><a href=\"https:\/\/www.valeursactuelles.com\/regions\/provence-alpes-cote-dazur\/var\/toulon\/societe\/toulon-des-fouilles-revelent-pour-la-premiere-fois-le-passe-enfoui-du-port-militaire-appele-a-accueillir-le-successeur-du-charles-de-gaulle\" class=\"h-flex h-align-items-center h-border-tb h-ptb-15\" rel=\"nofollow noopener\" target=\"_blank\">A\u00a0LIRE\u00a0Toulon : des fouilles r\u00e9v\u00e8lent pour la premi\u00e8re fois le pass\u00e9 enfoui du port militaire appel\u00e9 \u00e0 accueillir le successeur du Charles-de-Gaulle<\/a>                                        <\/p>\n","protected":false},"excerpt":{"rendered":"Un centre d\u2019excellence en mati\u00e8re de drones, de syst\u00e8mes autonomes et d\u2019armes sous-marines \u00e0 l\u2019horizon 2028. C\u2019est le&hellip;\n","protected":false},"author":2,"featured_media":941175,"comment_status":"","ping_status":"","sticky":false,"template":"","format":"standard","meta":{"footnotes":"","_share_on_mastodon":"0"},"categories":[9619],"tags":[1111,11,2024,1777,674,1011,27,567,12,882,25,15169,2310],"class_list":["post-941174","post","type-post","status-publish","format-standard","has-post-thumbnail","category-toulon","tag-actu","tag-actualites","tag-drones","tag-eu","tag-europe","tag-fr","tag-france","tag-marine-nationale","tag-news","tag-provence-alpes-cote-dazur","tag-republique-francaise","tag-sous-marins","tag-toulon"],"share_on_mastodon":{"url":"https:\/\/pubeurope.com\/@fr\/116596333885744150","error":""},"_links":{"self":[{"href":"https:\/\/www.europesays.com\/fr\/wp-json\/wp\/v2\/posts\/941174","targetHints":{"allow":["GET"]}}],"collection":[{"href":"https:\/\/www.europesays.com\/fr\/wp-json\/wp\/v2\/posts"}],"about":[{"href":"https:\/\/www.europesays.com\/fr\/wp-json\/wp\/v2\/types\/post"}],"author":[{"embeddable":true,"href":"https:\/\/www.europesays.com\/fr\/wp-json\/wp\/v2\/users\/2"}],"replies":[{"embeddable":true,"href":"https:\/\/www.europesays.com\/fr\/wp-json\/wp\/v2\/comments?post=941174"}],"version-history":[{"count":0,"href":"https:\/\/www.europesays.com\/fr\/wp-json\/wp\/v2\/posts\/941174\/revisions"}],"wp:featuredmedia":[{"embeddable":true,"href":"https:\/\/www.europesays.com\/fr\/wp-json\/wp\/v2\/media\/941175"}],"wp:attachment":[{"href":"https:\/\/www.europesays.com\/fr\/wp-json\/wp\/v2\/media?parent=941174"}],"wp:term":[{"taxonomy":"category","embeddable":true,"href":"https:\/\/www.europesays.com\/fr\/wp-json\/wp\/v2\/categories?post=941174"},{"taxonomy":"post_tag","embeddable":true,"href":"https:\/\/www.europesays.com\/fr\/wp-json\/wp\/v2\/tags?post=941174"}],"curies":[{"name":"wp","href":"https:\/\/api.w.org\/{rel}","templated":true}]}}