{"id":94123,"date":"2025-05-12T11:40:08","date_gmt":"2025-05-12T11:40:08","guid":{"rendered":"https:\/\/www.europesays.com\/fr\/94123\/"},"modified":"2025-05-12T11:40:08","modified_gmt":"2025-05-12T11:40:08","slug":"gaultmillau-michel-sarran-recoit-la-plus-haute-recompense-regionale-4-restaurants-distingues-a-toulouse","status":"publish","type":"post","link":"https:\/\/www.europesays.com\/fr\/94123\/","title":{"rendered":"Gault&#038;Millau. Michel Sarran re\u00e7oit la plus haute r\u00e9compense r\u00e9gionale, 4 restaurants distingu\u00e9s \u00e0 Toulouse"},"content":{"rendered":"<p>            Par<br \/>\n        <strong><br \/>\n            <a href=\"https:\/\/actu.fr\/auteur\/nina-hossein-zadeh\" title=\"Consulter tous les articles de Nina Hossein-Zadeh\" target=\"_blank\" rel=\"noopener\">Nina Hossein-Zadeh<\/a><br \/>\n        <\/strong><\/p>\n<p>        Publi\u00e9 le<\/p>\n<p>            12 mai 2025 \u00e0 13h02        <\/p>\n<p>En 2023, <a href=\"https:\/\/actu.fr\/occitanie\/toulouse_31555\/toulouse-guide-michelin-le-chef-michel-sarran-perd-sa-deuxieme-etoile_57698024.html\" target=\"_blank\" rel=\"noopener\">le restaurant de<strong> Michel Sarran<\/strong> \u00e0 Toulouse perdait sa deuxi\u00e8me \u00e9toile au Guide Michelin<\/a>. Un coup dur pour le chef, qui a pourtant su rebondir. Ce lundi 12\u00a0mai 2025, Michel Sarran se d\u00e9marque en obtenant <strong>la plus haute r\u00e9compense r\u00e9gionale<\/strong> du <strong><a href=\"https:\/\/actu.fr\/occitanie\/toulouse_31555\/gault-amp-millau-trois-chefs-de-toulouse-recoivent-de-prestigieuses-distinctions_61057051.html\" target=\"_blank\" rel=\"noopener\">Gault&amp;Millau Tour Occitanie<\/a><\/strong> 2025. Au total, 12 restaurants ont obtenu un titre en Occitanie, dont <strong>quatre \u00e0 Toulouse<\/strong> et dans <strong>l\u2019agglom\u00e9ration<\/strong>. Suivez le guide !<\/p>\n<p>Michel Sarran obtient le Gault&amp;Millau d\u2019or<\/p>\n<p class=\" wall-content\">Sur l\u2019ensemble des restaurants r\u00e9compens\u00e9s ce lundi, Michel Sarran a r\u00e9ussi \u00e0 obtenir le titre le plus prestigieux lors de la remise des troph\u00e9es au domaine de Rochemont\u00e8s \u00e0 Seilh.<\/p>\n<p class=\" wall-content\">En effet, lors des Gault&amp;Millau Tour Occitanie 2025, le Toulousain a d\u00e9croch\u00e9<strong> le troph\u00e9e Gault&amp;Millau d\u2019Or<\/strong> pour son resto Michel Sarran. Il s\u2019agit d\u2019un titre accord\u00e9 pour son travail de qualit\u00e9, qui lui a permis de se distinguer de ses confr\u00e8res.<\/p>\n<p class=\" wall-content\">Cette r\u00e9compense est le r\u00e9sultat d\u2019une excellente note\u2009: pour<strong> sa table de prestige not\u00e9e entre 17 et 18,5,<\/strong> sa <strong>cuisine d\u2019auteur<\/strong> avec des produits d\u2019exception o\u00f9 \u00ab\u2009la personnalit\u00e9 du chef et l\u2019\u00e9motion des go\u00fbts et des saveurs sont ma\u00eetris\u00e9es\u2009\u00bb, <strong>Michel Sarran cumule 4 toques\u2009!<\/strong><\/p>\n<p>Trois autres restaurants r\u00e9compens\u00e9s<\/p>\n<p class=\" wall-content\">Mais le chef \u00e9toil\u00e9 n\u2019est pas le seul \u00e0 avoir obtenu sa r\u00e9compense. Dans l\u2019agglom\u00e9ration toulousaine, <strong>trois autres restaurants ont aussi su tirer leur \u00e9pingle du jeu<\/strong> face \u00e0 leurs autres concurrents de la r\u00e9gion.<\/p>\n<p class=\" wall-content\">Le restaurant <strong>Ciel \u00e0 Table, d\u2019Adrien Cresci \u00e0 Cugnaux<\/strong>, obtient <strong>le troph\u00e9e Jeune talent,<\/strong> ainsi que deux toques pour \u00ab\u2009des produits irr\u00e9prochables cuisin\u00e9s par un chef polyvalent qui non seulement est dot\u00e9 d\u2019une tr\u00e8s bonne technique, mais qui peut aussi se permettre des variations de la cuisine traditionnelle ou actuelle\u2009\u00bb.<\/p>\n<p class=\" wall-content\"><strong>\u00c0 Aureville, l\u2019\u00e9tablissement En Marge de Franck Renimel<\/strong>, d\u00e9croche<strong> le troph\u00e9e Sommelier<\/strong> et trois toques. \u00ab\u2009Les tables remarquables d\u00e9tiennent 3 toques et une note entre 15 et 16.5. Cette notation souligne l\u2019excellence dans la r\u00e9alisation o\u00f9 technique et simplicit\u00e9 font la paire, pour offrir une cuisine d\u2019un chef engag\u00e9 qui a sa propre signature.\u2009\u00bb<\/p>\n<p class=\" wall-content\">Enfin,<strong> \u00e0 Colomiers, c\u2019est Maison Pellestor Veyrier, <\/strong>du chef Quentin Pellestor-Veyrier, qui a \u00e9t\u00e9 r\u00e9compens\u00e9e avec trois toques<strong>. Dans cet \u00e9tablissement, Camille Hubert<\/strong> qui a \u00e9galement re\u00e7u le<strong> troph\u00e9e Jeune Talent en Salle<\/strong>.<\/p>\n<p class=\" wall-content\">Suivez toute l\u2019actualit\u00e9 de vos villes et m\u00e9dias favoris en vous inscrivant \u00e0 <a href=\"https:\/\/moncompte.actu.fr\" title=\"D\u00e9couvez Mon Actu\" rel=\"nofollow noopener\" data-trk=\"{&quot;cta&quot;:{&quot;action&quot;:&quot;https:\\\/\\\/moncompte.actu.fr&quot;,&quot;category&quot;:&quot;mon compte&quot;,&quot;from&quot;:&quot;article footer&quot;,&quot;name&quot;:&quot;Mon actu&quot;,&quot;type&quot;:&quot;cta&quot;}}\" target=\"_blank\">Mon Actu<\/a>.<\/p>\n<ul class=\"ac-article-tag wall-content\">\n<li><a href=\"https:\/\/actu.fr\/tag\/restaurants-de-toulouse\" data-trk=\"{&quot;cta&quot;:{&quot;action&quot;:&quot;Restaurants de Toulouse&quot;,&quot;category&quot;:&quot;tag&quot;,&quot;from&quot;:&quot;article footer&quot;,&quot;name&quot;:&quot;Restaurants de Toulouse&quot;,&quot;type&quot;:&quot;cta&quot;}}\" target=\"_blank\" rel=\"noopener\">#Restaurants de Toulouse<\/a><\/li>\n<li><a href=\"https:\/\/actu.fr\/tag\/sortir-a-toulouse\" data-trk=\"{&quot;cta&quot;:{&quot;action&quot;:&quot;Sortir \\u00e0 Toulouse&quot;,&quot;category&quot;:&quot;tag&quot;,&quot;from&quot;:&quot;article footer&quot;,&quot;name&quot;:&quot;Sortir \\u00e0 Toulouse&quot;,&quot;type&quot;:&quot;cta&quot;}}\" target=\"_blank\" rel=\"noopener\">#Sortir \u00e0 Toulouse<\/a><\/li>\n<\/ul>\n","protected":false},"excerpt":{"rendered":"Par Nina Hossein-Zadeh Publi\u00e9 le 12 mai 2025 \u00e0 13h02 En 2023, le restaurant de Michel Sarran \u00e0&hellip;\n","protected":false},"author":2,"featured_media":94124,"comment_status":"","ping_status":"","sticky":false,"template":"","format":"standard","meta":{"footnotes":""},"categories":[2816],"tags":[1111,11,1777,674,1011,27,12,2680,25,2850,104,1341,2312],"class_list":{"0":"post-94123","1":"post","2":"type-post","3":"status-publish","4":"format-standard","5":"has-post-thumbnail","7":"category-toulouse","8":"tag-actu","9":"tag-actualites","10":"tag-eu","11":"tag-europe","12":"tag-fr","13":"tag-france","14":"tag-news","15":"tag-occitanie","16":"tag-republique-francaise","17":"tag-restaurants-de-toulouse","18":"tag-societe","19":"tag-sortir-a-toulouse","20":"tag-toulouse"},"share_on_mastodon":{"url":"https:\/\/pubeurope.com\/@fr\/114494676837125339","error":""},"_links":{"self":[{"href":"https:\/\/www.europesays.com\/fr\/wp-json\/wp\/v2\/posts\/94123","targetHints":{"allow":["GET"]}}],"collection":[{"href":"https:\/\/www.europesays.com\/fr\/wp-json\/wp\/v2\/posts"}],"about":[{"href":"https:\/\/www.europesays.com\/fr\/wp-json\/wp\/v2\/types\/post"}],"author":[{"embeddable":true,"href":"https:\/\/www.europesays.com\/fr\/wp-json\/wp\/v2\/users\/2"}],"replies":[{"embeddable":true,"href":"https:\/\/www.europesays.com\/fr\/wp-json\/wp\/v2\/comments?post=94123"}],"version-history":[{"count":0,"href":"https:\/\/www.europesays.com\/fr\/wp-json\/wp\/v2\/posts\/94123\/revisions"}],"wp:featuredmedia":[{"embeddable":true,"href":"https:\/\/www.europesays.com\/fr\/wp-json\/wp\/v2\/media\/94124"}],"wp:attachment":[{"href":"https:\/\/www.europesays.com\/fr\/wp-json\/wp\/v2\/media?parent=94123"}],"wp:term":[{"taxonomy":"category","embeddable":true,"href":"https:\/\/www.europesays.com\/fr\/wp-json\/wp\/v2\/categories?post=94123"},{"taxonomy":"post_tag","embeddable":true,"href":"https:\/\/www.europesays.com\/fr\/wp-json\/wp\/v2\/tags?post=94123"}],"curies":[{"name":"wp","href":"https:\/\/api.w.org\/{rel}","templated":true}]}}