{"id":941305,"date":"2026-05-18T16:57:22","date_gmt":"2026-05-18T16:57:22","guid":{"rendered":"https:\/\/www.europesays.com\/fr\/941305\/"},"modified":"2026-05-18T16:57:22","modified_gmt":"2026-05-18T16:57:22","slug":"rennes-decor-de-dix-nouvelles-noires-frissonnantes","status":"publish","type":"post","link":"https:\/\/www.europesays.com\/fr\/941305\/","title":{"rendered":"Rennes, d\u00e9cor de dix nouvelles noires frissonnantes"},"content":{"rendered":"<p>Apr\u00e8s Buenos Aires, Toulouse, Bruxelles, les banlieues parisiennes, le nouvel opus de la collection Noir des \u00e9ditions Asphalte fait \u00e9tape \u00e0 Rennes. Avec dix nouvelles, dix auteurs locaux, dix quartiers de la ville pour proposer un guide alternatif de la ville\u00a0\u00bb.C\u2019est Lo\u00efc Desroches, libraire \u00e0 Rennes, directeur d\u2019ouvrage, qui a &#8230;<\/p>\n<p>\u00a0<\/p>\n","protected":false},"excerpt":{"rendered":"Apr\u00e8s Buenos Aires, Toulouse, Bruxelles, les banlieues parisiennes, le nouvel opus de la collection Noir des \u00e9ditions Asphalte&hellip;\n","protected":false},"author":2,"featured_media":941306,"comment_status":"","ping_status":"","sticky":false,"template":"","format":"standard","meta":{"footnotes":"","_share_on_mastodon":"0"},"categories":[2821],"tags":[1111,11,829,3055,1777,674,1011,27,99747,12,99746,1113,3086,584,25],"class_list":["post-941305","post","type-post","status-publish","format-standard","has-post-thumbnail","category-rennes","tag-actu","tag-actualites","tag-bretagne","tag-decor","tag-eu","tag-europe","tag-fr","tag-france","tag-frissonnantes","tag-news","tag-noires","tag-nouvelles","tag-redon","tag-rennes","tag-republique-francaise"],"share_on_mastodon":{"url":"https:\/\/pubeurope.com\/@fr\/116596640857342327","error":""},"_links":{"self":[{"href":"https:\/\/www.europesays.com\/fr\/wp-json\/wp\/v2\/posts\/941305","targetHints":{"allow":["GET"]}}],"collection":[{"href":"https:\/\/www.europesays.com\/fr\/wp-json\/wp\/v2\/posts"}],"about":[{"href":"https:\/\/www.europesays.com\/fr\/wp-json\/wp\/v2\/types\/post"}],"author":[{"embeddable":true,"href":"https:\/\/www.europesays.com\/fr\/wp-json\/wp\/v2\/users\/2"}],"replies":[{"embeddable":true,"href":"https:\/\/www.europesays.com\/fr\/wp-json\/wp\/v2\/comments?post=941305"}],"version-history":[{"count":0,"href":"https:\/\/www.europesays.com\/fr\/wp-json\/wp\/v2\/posts\/941305\/revisions"}],"wp:featuredmedia":[{"embeddable":true,"href":"https:\/\/www.europesays.com\/fr\/wp-json\/wp\/v2\/media\/941306"}],"wp:attachment":[{"href":"https:\/\/www.europesays.com\/fr\/wp-json\/wp\/v2\/media?parent=941305"}],"wp:term":[{"taxonomy":"category","embeddable":true,"href":"https:\/\/www.europesays.com\/fr\/wp-json\/wp\/v2\/categories?post=941305"},{"taxonomy":"post_tag","embeddable":true,"href":"https:\/\/www.europesays.com\/fr\/wp-json\/wp\/v2\/tags?post=941305"}],"curies":[{"name":"wp","href":"https:\/\/api.w.org\/{rel}","templated":true}]}}