{"id":94152,"date":"2025-05-12T11:57:11","date_gmt":"2025-05-12T11:57:11","guid":{"rendered":"https:\/\/www.europesays.com\/fr\/94152\/"},"modified":"2025-05-12T11:57:11","modified_gmt":"2025-05-12T11:57:11","slug":"pourquoi-la-baisse-des-prix-des-medicaments-voulue-par-trump-aux-etats-unis-pourrait-entrainer-des-hausses-en-europe","status":"publish","type":"post","link":"https:\/\/www.europesays.com\/fr\/94152\/","title":{"rendered":"Pourquoi la baisse des prix des m\u00e9dicaments voulue par Trump aux \u00c9tats-Unis pourrait entra\u00eener des hausses en Europe"},"content":{"rendered":"<p><strong>D\u00c9CRYPTAGE &#8211;<\/strong> Le pr\u00e9sident am\u00e9ricain va signer ce lundi un d\u00e9cret ramenant le prix des m\u00e9dicaments au niveau de ceux pratiqu\u00e9s dans les autres pays \u00e0 revenus comparables. Une d\u00e9cision lourde de cons\u00e9quences pour le reste du monde.<\/p>\n<p class=\"fig-paragraph\">Donald Trump ne veut plus voir les \u00c9tats-Unis financer l\u2019essentiel de l\u2019innovation dans le secteur de la sant\u00e9. Non content de menacer le secteur pharmaceutique de droits de douane in\u00e9dits, le pr\u00e9sident am\u00e9ricain est d\u00e9cid\u00e9 \u00e0\u00a0<a href=\"http:\/\/www.lefigaro.fr\/international\/etats-unis-trump-annonce-un-decret-pour-faire-baisser-les-prix-des-medicaments-sur-ordonnance-20250512\" data-fig-type=\"NewsFlash\" data-gtm-custom-categorie=\"navigation\" data-gtm-custom-action=\"crossclick\" data-gtm-custom-label=\"Contextuel\" data-gtm-event=\"customEventSPE\" data-fig-domain=\"LEFIGARO\" target=\"_blank\" rel=\"noopener\">faire baisser le prix des m\u00e9dicaments<\/a>\u00a0vendus aux \u00c9tats-Unis. Sur son r\u00e9seau Truth Social, il a fait savoir dimanche qu\u2019il signerait ce lundi un d\u00e9cret ramenant le prix des m\u00e9dicaments au niveau de ceux pratiqu\u00e9s dans les autres pays \u00e0 revenus comparables. \u00c0 la cl\u00e9\u00a0: une baisse des prix de 59%, a calcul\u00e9 Donald Trump ce lundi matin.<\/p>\n<p class=\"fig-premium-paywall__infos\">\n        Cet article est r\u00e9serv\u00e9 aux abonn\u00e9s.        Il vous reste 86% \u00e0 d\u00e9couvrir.\n    <\/p>\n<p>                <img  data- alt=\"Le Figaro\" class=\"fig-img--complete fig-img\"\/><\/p>\n<p class=\"fig-premium-paywall__title\">Je m&rsquo;informe, je m&rsquo;inspire, je m&rsquo;abonne.<\/p>\n<p class=\"fig-premium-paywall__subtitle\">D\u00e9couvrez notre offre de bienvenue.<\/p>\n<p class=\"fig-premium-paywall__connect\">\n                D\u00e9j\u00e0 abonn\u00e9\u00a0?                <a class=\"fig-premium-paywall__connect-link\" href=\"https:\/\/connect.lefigaro.fr\/login?client=horizon_web&amp;type=main&amp;redirect_uri=https%3A%2F%2Fwww.lefigaro.fr%2Fsocietes%2Fpourquoi-la-baisse-des-prix-des-medicaments-voulue-par-trump-aux-etats-unis-pourrait-entrainer-des-hausses-en-europe-20250512\" data-js-gtm=\"{&quot;customCategorie&quot;: &quot;conversion&quot;, &quot;customAction&quot;: &quot;before_Landing_Connexion_paywall_manuel&quot;, &quot;customLabel&quot;: &quot;bGVmaWdhcm8uZnJfXzFmMDJmMDdhLTE2NDctNmUxYy1iNjYyLTc5ZDY2ZTU5YWJlY19fTmV3c0ZsYXNo_Pourquoi la baisse des prix des m\u00e9dicaments voulue par Trump aux \u00c9tats-Unis pourrait entra\u00eener des hausses en Europe_913&quot;, &quot;customIDSPE&quot;: &quot;bGVmaWdhcm8uZnJfXzFmMDJmMDdhLTE2NDctNmUxYy1iNjYyLTc5ZDY2ZTU5YWJlY19fTmV3c0ZsYXNo&quot;, &quot;event&quot;: &quot;customEventSPE&quot;}\" target=\"_blank\" rel=\"noopener\"><br \/>\n                    Connectez-vous<br \/>\n                <\/a>\n            <\/p>\n","protected":false},"excerpt":{"rendered":"D\u00c9CRYPTAGE &#8211; Le pr\u00e9sident am\u00e9ricain va signer ce lundi un d\u00e9cret ramenant le prix des m\u00e9dicaments au niveau&hellip;\n","protected":false},"author":2,"featured_media":94153,"comment_status":"","ping_status":"","sticky":false,"template":"","format":"standard","meta":{"footnotes":""},"categories":[1589],"tags":[631,627,630,11,340,398,343,634,405,629,636,75,73,1866,632,638,637,399,639,635,16292,12,20682,401,628,1864,1865,1863,308,633,407],"class_list":{"0":"post-94152","1":"post","2":"type-post","3":"status-publish","4":"format-standard","5":"has-post-thumbnail","7":"category-etats-unis","8":"tag-action","9":"tag-actions-francaise","10":"tag-actualite-bourse","11":"tag-actualites","12":"tag-bourse","13":"tag-bourse-de-paris","14":"tag-cac-40","15":"tag-cotation","16":"tag-cotations","17":"tag-cours-des-societes-francaises","18":"tag-devises","19":"tag-donald-trump","20":"tag-etats-unis","21":"tag-etats-unis-damerique","22":"tag-fcp","23":"tag-figaro","24":"tag-indices","25":"tag-investissement","26":"tag-le-figaro","27":"tag-marches","28":"tag-medicaments","29":"tag-news","30":"tag-pharma","31":"tag-sicav","32":"tag-societes-etrangeres","33":"tag-united-states","34":"tag-united-states-of-america","35":"tag-us","36":"tag-usa","37":"tag-warrant","38":"tag-warrants"},"share_on_mastodon":{"url":"","error":"Validation failed: Text character limit of 500 exceeded"},"_links":{"self":[{"href":"https:\/\/www.europesays.com\/fr\/wp-json\/wp\/v2\/posts\/94152","targetHints":{"allow":["GET"]}}],"collection":[{"href":"https:\/\/www.europesays.com\/fr\/wp-json\/wp\/v2\/posts"}],"about":[{"href":"https:\/\/www.europesays.com\/fr\/wp-json\/wp\/v2\/types\/post"}],"author":[{"embeddable":true,"href":"https:\/\/www.europesays.com\/fr\/wp-json\/wp\/v2\/users\/2"}],"replies":[{"embeddable":true,"href":"https:\/\/www.europesays.com\/fr\/wp-json\/wp\/v2\/comments?post=94152"}],"version-history":[{"count":0,"href":"https:\/\/www.europesays.com\/fr\/wp-json\/wp\/v2\/posts\/94152\/revisions"}],"wp:featuredmedia":[{"embeddable":true,"href":"https:\/\/www.europesays.com\/fr\/wp-json\/wp\/v2\/media\/94153"}],"wp:attachment":[{"href":"https:\/\/www.europesays.com\/fr\/wp-json\/wp\/v2\/media?parent=94152"}],"wp:term":[{"taxonomy":"category","embeddable":true,"href":"https:\/\/www.europesays.com\/fr\/wp-json\/wp\/v2\/categories?post=94152"},{"taxonomy":"post_tag","embeddable":true,"href":"https:\/\/www.europesays.com\/fr\/wp-json\/wp\/v2\/tags?post=94152"}],"curies":[{"name":"wp","href":"https:\/\/api.w.org\/{rel}","templated":true}]}}