{"id":94160,"date":"2025-05-12T12:01:11","date_gmt":"2025-05-12T12:01:11","guid":{"rendered":"https:\/\/www.europesays.com\/fr\/94160\/"},"modified":"2025-05-12T12:01:11","modified_gmt":"2025-05-12T12:01:11","slug":"16-perquisitions-ont-deja-eu-lieu","status":"publish","type":"post","link":"https:\/\/www.europesays.com\/fr\/94160\/","title":{"rendered":"16 perquisitions ont d\u00e9j\u00e0 eu lieu"},"content":{"rendered":"<p>Soup\u00e7onn\u00e9 par l\u2019Union europ\u00e9enne, un importateur portugais contournerait les douanes europ\u00e9ennes sur des v\u00e9los \u00e9lectriques chinois import\u00e9s, avant de les revendre \u00e0 plusieurs acteurs en Europe.<\/p>\n<p><a href=\"https:\/\/images.frandroid.com\/wp-content\/uploads\/2025\/05\/velo-electrique-chinois-portugal.jpg\" target=\"_blank\" class=\"article-content__figure\" rel=\"noopener\"><img fetchpriority=\"high\" decoding=\"async\" loading=\"eager\" width=\"991\" height=\"557\" src=\"https:\/\/www.europesays.com\/fr\/wp-content\/uploads\/2025\/05\/velo-electrique-chinois-portugal.jpg\" alt=\"\" class=\"wp-image-2610903 wp-image wp-image\"  \/><\/a><\/p>\n<p>Lors de l\u2019Observatoire du Cycle 2025, l\u2019USC avait une nouvelle fois montr\u00e9 que la prolif\u00e9rations des v\u00e9los \u00e9lectriques chinois n\u2019\u00e9tait forc\u00e9ment une r\u00e9alit\u00e9. Ils n\u2019ont repr\u00e9sent\u00e9 que <a href=\"https:\/\/www.frandroid.com\/survoltes\/2594947_pourquoi-la-production-de-velos-electriques-a-drastiquement-chute-en-france\" target=\"_blank\" rel=\"noopener\">9 % des importations en France<\/a> en 2024, soit environ 136 200 v\u00e9los (7 % du <a href=\"https:\/\/www.frandroid.com\/survoltes\/velo-electrique\/2594539_le-velo-electrique-sest-pris-une-gifle-en-2024-voici-tous-les-chiffres-a-connaitre\" target=\"_blank\" rel=\"noopener\">march\u00e9 total<\/a>). Cependant, il reste \u00e0 d\u00e9finir ce qu\u2019est vraiment un v\u00e9lo \u00e9lectrique chinois, car la fronti\u00e8re est parfois mince, surtout lorsque l\u2019on contourne la r\u00e9glementation.<\/p>\n<p>Plusieurs revendeurs de v\u00e9los \u00e9lectriques concern\u00e9s<\/p>\n<p>Le Bureau du Procureur G\u00e9n\u00e9ral Europ\u00e9en (BPGE), ou European Public Prosecutor\u2019s Office en anglais (EPPO), vient d\u2019annoncer <a target=\"_blank\" href=\"https:\/\/www.eppo.europa.eu\/en\/media\/news\/sixteen-searches-belgium-germany-portugal-and-netherlands-customs-fraud-investigation\" rel=\"noopener\">une vaste enqu\u00eate<\/a> ciblant un importateur de v\u00e9los \u00e9lectriques. L\u2019op\u00e9ration est d\u2019une ampleur cons\u00e9quente, puisque l\u2019autorit\u00e9 a men\u00e9 16 perquisitions dans plusieurs pays : Allemagne, Belgique, Pays-Bas et Portugal.<\/p>\n<p>Depuis 2020, un importateur portugais dont le nom n\u2019est pas r\u00e9v\u00e9l\u00e9 est accus\u00e9 d\u2019outrepasser les droits de douane en important les VAE en plusieurs \u00e9l\u00e9ments avant de les rassembler, tout en faisant \u00ab\u2009de fausses d\u00e9clarations aux autorit\u00e9s douani\u00e8res\u2009\u00bb.<\/p>\n<p>\u00ab\u2009Les <a href=\"https:\/\/www.frandroid.com\/guide-dachat\/guides-dachat-survoltes\/guides-dachat-velos-electriques\/917361_guide-achat-choisir-meilleurs-velos-electriques-vae\" target=\"_blank\" rel=\"noopener\">v\u00e9los \u00e9lectriques<\/a> \u00e9taient totalement con\u00e7us en Chine \u00e0 la demande de plusieurs revendeurs europ\u00e9ens, puis envoy\u00e9s d\u00e9sassembl\u00e9s \u00e0 l\u2019entreprise portugaise afin de les assembler \u00e0 nouveau,\u2009\u00bb explique le BPGE. \u00ab\u2009Une fois assembl\u00e9s, les VAE \u00e9taient revendus aux revendeurs europ\u00e9ens en Belgique, en Allemagne et aux Pays-Bas qui avaient \u00e0 l\u2019origine command\u00e9 aux fournisseurs chinois.\u2009\u00bb<\/p>\n<p>Une fraude \u00e0 7 chiffres<\/p>\n<p>L\u2019autorit\u00e9 ne mentionne pas le nom des revendeurs et des marques concern\u00e9es par cette fraude, dont elle estime le montant \u00e0 2,25 millions d\u2019euros. Le taux \u00e9tant variable selon l\u2019importateur (10 % \u00e0 70 %) : on peut donc estimer que le pr\u00e9judice concerne plusieurs milliers de v\u00e9los \u00e9lectriques.<\/p>\n<p>En attendant les conclusions de l\u2019enqu\u00eate, le BPGE rappelle que \u00ab\u00a0toutes les personnes restent pr\u00e9sum\u00e9es innocentes avant toute preuve de culpabilit\u00e9 au regard de la justice portugaise\u00ab\u00a0. <\/p>\n","protected":false},"excerpt":{"rendered":"Soup\u00e7onn\u00e9 par l\u2019Union europ\u00e9enne, un importateur portugais contournerait les douanes europ\u00e9ennes sur des v\u00e9los \u00e9lectriques chinois import\u00e9s, avant&hellip;\n","protected":false},"author":2,"featured_media":94161,"comment_status":"","ping_status":"","sticky":false,"template":"","format":"standard","meta":{"footnotes":""},"categories":[1586],"tags":[11,1067,1777,674,1779,1011,27,1006,12,25,1778,364],"class_list":{"0":"post-94160","1":"post","2":"type-post","3":"status-publish","4":"format-standard","5":"has-post-thumbnail","7":"category-europe","8":"tag-actualites","9":"tag-enquete","10":"tag-eu","11":"tag-europe","12":"tag-european-union","13":"tag-fr","14":"tag-france","15":"tag-fraude","16":"tag-news","17":"tag-republique-francaise","18":"tag-ue","19":"tag-union-europeenne"},"share_on_mastodon":{"url":"https:\/\/pubeurope.com\/@fr\/114494759676886747","error":""},"_links":{"self":[{"href":"https:\/\/www.europesays.com\/fr\/wp-json\/wp\/v2\/posts\/94160","targetHints":{"allow":["GET"]}}],"collection":[{"href":"https:\/\/www.europesays.com\/fr\/wp-json\/wp\/v2\/posts"}],"about":[{"href":"https:\/\/www.europesays.com\/fr\/wp-json\/wp\/v2\/types\/post"}],"author":[{"embeddable":true,"href":"https:\/\/www.europesays.com\/fr\/wp-json\/wp\/v2\/users\/2"}],"replies":[{"embeddable":true,"href":"https:\/\/www.europesays.com\/fr\/wp-json\/wp\/v2\/comments?post=94160"}],"version-history":[{"count":0,"href":"https:\/\/www.europesays.com\/fr\/wp-json\/wp\/v2\/posts\/94160\/revisions"}],"wp:featuredmedia":[{"embeddable":true,"href":"https:\/\/www.europesays.com\/fr\/wp-json\/wp\/v2\/media\/94161"}],"wp:attachment":[{"href":"https:\/\/www.europesays.com\/fr\/wp-json\/wp\/v2\/media?parent=94160"}],"wp:term":[{"taxonomy":"category","embeddable":true,"href":"https:\/\/www.europesays.com\/fr\/wp-json\/wp\/v2\/categories?post=94160"},{"taxonomy":"post_tag","embeddable":true,"href":"https:\/\/www.europesays.com\/fr\/wp-json\/wp\/v2\/tags?post=94160"}],"curies":[{"name":"wp","href":"https:\/\/api.w.org\/{rel}","templated":true}]}}