{"id":94164,"date":"2025-05-12T12:03:10","date_gmt":"2025-05-12T12:03:10","guid":{"rendered":"https:\/\/www.europesays.com\/fr\/94164\/"},"modified":"2025-05-12T12:03:10","modified_gmt":"2025-05-12T12:03:10","slug":"entre-bompard-et-wauquiez-limpossible-debat-liberation","status":"publish","type":"post","link":"https:\/\/www.europesays.com\/fr\/94164\/","title":{"rendered":"Entre Bompard et Wauquiez, l\u2019impossible d\u00e9bat \u2013 Lib\u00e9ration"},"content":{"rendered":"<p class=\"sc-ksZaOG ehjQrN text-element\">\u00abLFI est le premier danger politique aujourd\u2019hui.\u00bb D\u00e8s les premi\u00e8res minutes, la tonalit\u00e9 du d\u00e9bat entre Laurent Wauquiez et Manuel Bompard, sur BFMTV, dimanche 11 mai, \u00e9tait donn\u00e9e, le d\u00e9put\u00e9 LR accusant son homologue insoumis de verser dans le communautarisme par \u00e9lectoralisme. \u00abTous les partis r\u00e9publicains doivent faire un cordon sanitaire autour de LFI\u00bb, a-t-il r\u00e9affirm\u00e9. Pendant plus d\u2019une heure, <a href=\"https:\/\/www.liberation.fr\/politique\/cest-stupefiant-retailleau-decouvre-qui-est-vraiment-wauquiez-20250507_CDM2JGJ6GJDRXCVKIL5PDETE5Q\/\" target=\"_blank\" rel=\"noopener\" title=\"https:\/\/www.liberation.fr\/politique\/cest-stupefiant-retailleau-decouvre-qui-est-vraiment-wauquiez-20250507_CDM2JGJ6GJDRXCVKIL5PDETE5Q\/\">le candidat \u00e0 la pr\u00e9sidence de LR<\/a>, qui a propos\u00e9 la cr\u00e9ation d\u2019une commission d\u2019enqu\u00eate sur les liens entre LFI et les r\u00e9seaux islamistes, et <a href=\"https:\/\/www.liberation.fr\/politique\/manuel-bompard-depute-lfi-certains-seloignent-de-la-strategie-et-du-programme-du-nfp-je-le-regrette-20241205_ZO7R3BJLTRBYZG5POD34ASI2XQ\/\" target=\"_blank\" rel=\"noreferrer noopener\" title=\"https:\/\/www.liberation.fr\/politique\/manuel-bompard-depute-lfi-certains-seloignen&lt;\/p&gt;&lt;\/div&gt;&lt;\/article&gt;&lt;\/div&gt;&lt;div data-fusion-lazy-id=\" f0f8vgvlad832fw=\"\"><\/p>\n","protected":false},"excerpt":{"rendered":"\u00abLFI est le premier danger politique aujourd\u2019hui.\u00bb D\u00e8s les premi\u00e8res minutes, la tonalit\u00e9 du d\u00e9bat entre Laurent Wauquiez&hellip;\n","protected":false},"author":2,"featured_media":94165,"comment_status":"","ping_status":"","sticky":false,"template":"","format":"standard","meta":{"footnotes":""},"categories":[2],"tags":[11,1011,27,5639,780,3228,12,25],"class_list":{"0":"post-94164","1":"post","2":"type-post","3":"status-publish","4":"format-standard","5":"has-post-thumbnail","7":"category-actualites","8":"tag-actualites","9":"tag-fr","10":"tag-france","11":"tag-laurent-wauquiez","12":"tag-lfi","13":"tag-lr","14":"tag-news","15":"tag-republique-francaise"},"share_on_mastodon":{"url":"https:\/\/pubeurope.com\/@fr\/114494767481738271","error":""},"_links":{"self":[{"href":"https:\/\/www.europesays.com\/fr\/wp-json\/wp\/v2\/posts\/94164","targetHints":{"allow":["GET"]}}],"collection":[{"href":"https:\/\/www.europesays.com\/fr\/wp-json\/wp\/v2\/posts"}],"about":[{"href":"https:\/\/www.europesays.com\/fr\/wp-json\/wp\/v2\/types\/post"}],"author":[{"embeddable":true,"href":"https:\/\/www.europesays.com\/fr\/wp-json\/wp\/v2\/users\/2"}],"replies":[{"embeddable":true,"href":"https:\/\/www.europesays.com\/fr\/wp-json\/wp\/v2\/comments?post=94164"}],"version-history":[{"count":0,"href":"https:\/\/www.europesays.com\/fr\/wp-json\/wp\/v2\/posts\/94164\/revisions"}],"wp:featuredmedia":[{"embeddable":true,"href":"https:\/\/www.europesays.com\/fr\/wp-json\/wp\/v2\/media\/94165"}],"wp:attachment":[{"href":"https:\/\/www.europesays.com\/fr\/wp-json\/wp\/v2\/media?parent=94164"}],"wp:term":[{"taxonomy":"category","embeddable":true,"href":"https:\/\/www.europesays.com\/fr\/wp-json\/wp\/v2\/categories?post=94164"},{"taxonomy":"post_tag","embeddable":true,"href":"https:\/\/www.europesays.com\/fr\/wp-json\/wp\/v2\/tags?post=94164"}],"curies":[{"name":"wp","href":"https:\/\/api.w.org\/{rel}","templated":true}]}}