{"id":94173,"date":"2025-05-12T12:10:11","date_gmt":"2025-05-12T12:10:11","guid":{"rendered":"https:\/\/www.europesays.com\/fr\/94173\/"},"modified":"2025-05-12T12:10:11","modified_gmt":"2025-05-12T12:10:11","slug":"aldeguer-a-bluffe-le-mans-en-allant-chercher-le-podium","status":"publish","type":"post","link":"https:\/\/www.europesays.com\/fr\/94173\/","title":{"rendered":"Aldeguer a bluff\u00e9 Le Mans en allant chercher le podium"},"content":{"rendered":"<p>D\u00e9butant cette saison en MotoGP, <a href=\"https:\/\/fr.motorsport.com\/driver\/fermin-aldeguer\/945314\/\" target=\"_blank\" rel=\"noopener\">Ferm\u00edn Aldeguer<\/a> a d\u00e9croch\u00e9 au Mans son premier podium. D\u00e9j\u00e0 troisi\u00e8me la veille dans la course sprint, l&rsquo;Espagnol a r\u00e9\u00e9dit\u00e9 malgr\u00e9 les conditions particuli\u00e8rement exigeantes de cette \u00e9preuve tr\u00e8s mouvement\u00e9e.<\/p>\n<p>Pour y arriver, il a bluff\u00e9 par son sang-froid et l&rsquo;absence d&rsquo;erreurs alors que les chutes se multipliaient autour de lui. Lorsqu&rsquo;il roulait en pneus slicks sur un bitume de plus en plus humide, il a un temps bataill\u00e9 contre les fr\u00e8res M\u00e1rquez et a m\u00eame eu l&rsquo;honneur de mener le Grand Prix pendant un tour. Puis il a r\u00e9ussi \u00e0 se sortir de toutes les difficult\u00e9s entra\u00een\u00e9es par le long-lap et le changement de moto, pour finalement \u00e9merger en tr\u00e8s bonne position lorsque la course s&rsquo;est stabilis\u00e9e.<\/p>\n<p>C&rsquo;est alors qu&rsquo;il a livr\u00e9 la derni\u00e8re attaque, avec un talent unanimement salu\u00e9 dans le paddock et les tribunes du Mans, puisqu&rsquo;il est remont\u00e9 de la septi\u00e8me \u00e0 la troisi\u00e8me place, notamment en fondant de fa\u00e7on irr\u00e9sistible sur <a href=\"https:\/\/fr.motorsport.com\/driver\/pedro-acosta\/840236\/\" target=\"_blank\" rel=\"noopener\">Pedro Acosta<\/a> dans les derniers tours.<\/p>\n<p>Lire aussi :<\/p>\n<p><strong>Apr\u00e8s ta premi\u00e8re m\u00e9daille en course sprint, voici maintenant ton premier podium. Que ressens-tu apr\u00e8s avoir surv\u00e9cu \u00e0 cette course folle\u00a0?<\/strong><\/p>\n<p>C&rsquo;est plus sp\u00e9cial aujourd&rsquo;hui qu&rsquo;hier, le podium dans une course longue c&rsquo;est plus important. Je suis tr\u00e8s heureux parce qu&rsquo;on est partis du bon pied, on suit une bonne progression. Certes, je suis rookie et je dois garder mon calme mais je suis tr\u00e8s content du travail r\u00e9alis\u00e9.<\/p>\n<p>La course a \u00e9t\u00e9 un peu folle durant la premi\u00e8re partie, quand on \u00e9tait en slicks, qu&rsquo;il s&rsquo;est mis \u00e0 pleuvoir et qu&rsquo;on a chang\u00e9 de moto. Je n&rsquo;ai pas beaucoup d&rsquo;exp\u00e9rience sur le mouill\u00e9 mais tour apr\u00e8s tour, je me suis am\u00e9lior\u00e9. Je me suis senti de mieux en mieux, j&rsquo;ai mieux compris l&rsquo;\u00e9lectronique, les pneus, et on termine finalement \u00e0 la troisi\u00e8me place. C&rsquo;est une journ\u00e9e incroyable pour moi. Je dois remercier Gresini et tout le groupe Ducati parce qu&rsquo;on a une moto incroyable et qu&rsquo;on forme une grande famille.<\/p>\n<p><strong>Tu as fait deux long-laps et un changement de moto. \u00c0 un moment donn\u00e9, tu \u00e9tais m\u00eame en t\u00eate du Grand Prix\u00a0:\u00a0l&rsquo;as-tu r\u00e9alis\u00e9\u00a0?<\/strong><\/p>\n<p>Oui, j&rsquo;ai vu sur l&rsquo;\u00e9cran que Marc et \u00c1lex \u00e9taient derri\u00e8re moi et je me suis dit\u00a0:\u00a0\u00ab\u00a0Qu&rsquo;est-ce que je fais maintenant\u00a0?\u00a0\u00bb. Ils \u00e9taient pass\u00e9s au stand [changer de moto], les deux premiers secteurs \u00e9taient compl\u00e8tement mouill\u00e9s et moi j&rsquo;\u00e9tais en slicks. Je me suis dit que j&rsquo;allais faire ce tour calmement, puis j&rsquo;ai chang\u00e9 de moto et j&rsquo;ai attendu de voir ce qui allait se passer sous la pluie. Et puis, \u00e7a s&rsquo;est bien pass\u00e9, je suis content.<\/p>\n<p>   <img decoding=\"async\" draggable=\"false\" src=\"https:\/\/www.europesays.com\/fr\/wp-content\/uploads\/2025\/05\/1747051811_202_fermin-aldeguer-gresini-racing.jpg\" alt=\"Fermin Aldeguer, Gresini Racing\" width=\"1200\" height=\"800\" loading=\"lazy\"\/> <\/p>\n<p class=\"title\">Ferm\u00edn Aldeguer s&rsquo;est jou\u00e9 de toutes les difficult\u00e9s.<\/p>\n<p class=\"photographer\">Photo de: Gold and Goose Photography \/ LAT Images \/ via Getty Images<\/p>\n<p>Dans la fa\u00e7on dont j&rsquo;ai g\u00e9r\u00e9 les choses aujourd&rsquo;hui, j&rsquo;ai fait la m\u00eame chose que des pilotes qui ont de l&rsquo;exp\u00e9rience. J&rsquo;ai suivi Marc dans la premi\u00e8re partie, ensuite je me suis bien battu en slicks. Par contre, en continuant un tour de plus avec les slicks, je pense que j&rsquo;ai perdu beaucoup de temps. J&rsquo;\u00e9tais un peu nerveux mais j&rsquo;ai bien g\u00e9r\u00e9, y compris apr\u00e8s avoir chang\u00e9 de moto.<\/p>\n<p><strong>Rouler sur le mouill\u00e9 en pneus slicks puis changer de moto pour la premi\u00e8re fois, \u00e7a a d\u00fb \u00eatre tr\u00e8s exigeant mentalement pour toi\u00a0!<\/strong><\/p>\n<p>Oui, la course a \u00e9t\u00e9 tr\u00e8s longue. Dans la premi\u00e8re partie, on va peut-\u00eatre un peu plus vite parce qu&rsquo;on suit les autres, mais ensuite, une fois en pneus pluie, quand j&rsquo;ai vu qu&rsquo;il fallait faire encore 20 tours, je me suis dit pfff\u00a0!\u00a0La piste n&rsquo;\u00e9tait pas dans les meilleures conditions, mes sensations n&rsquo;\u00e9taient pas parfaites, mais j&rsquo;ai gard\u00e9 mon calme et j&rsquo;ai appliqu\u00e9 la petite exp\u00e9rience que j&rsquo;ai de la moto. J&rsquo;ai pris beaucoup de plaisir dans cette petite remont\u00e9e.<\/p>\n<p><strong>\u00c0 cinq tours de l&rsquo;arriv\u00e9e, tu \u00e9tais \u00e0 quatre seconde d&rsquo;Acosta. Tu as pris des risques \u00e0 ce moment-l\u00e0 pour d\u00e9crocher ton premier podium, ou bien est-ce que c&rsquo;est venu naturellement\u00a0?<\/strong><\/p>\n<p>J&rsquo;ai pouss\u00e9 \u00e0 fond. Je suis rest\u00e9 dans la limite malgr\u00e9 tout, parce que finir quatri\u00e8me aurait aussi \u00e9t\u00e9 un bon r\u00e9sultat pour moi. Mais mon rythme \u00e9tait bon, je me sentais bien avec la moto. Peut-\u00eatre que si j&rsquo;avais ralenti, je me serais d\u00e9concentr\u00e9 et je serais tomb\u00e9. Je pensais juste \u00e0 atteindre le podium. J&rsquo;ai vu que Pedro n&rsquo;avait pas beaucoup de grip alors j&rsquo;ai pouss\u00e9 \u00e0 fond pour y arriver mais en restant dans la limite.<\/p>\n<p>Lire aussi :<\/p>\n<p>Dans cet article<\/p>\n<p>    L\u00e9na Buffa\n<\/p>\n<p>    MotoGP\n<\/p>\n<p>    Ferm\u00edn Aldeguer\n<\/p>\n<p>    Gresini Racing\n<\/p>\n<p>Soyez le premier inform\u00e9 et souscrivez aux alertes mails pour recevoir les infos en temps r\u00e9el<\/p>\n<p>    S&rsquo;abonner aux alertes de news<\/p>\n","protected":false},"excerpt":{"rendered":"D\u00e9butant cette saison en MotoGP, Ferm\u00edn Aldeguer a d\u00e9croch\u00e9 au Mans son premier podium. D\u00e9j\u00e0 troisi\u00e8me la veille&hellip;\n","protected":false},"author":2,"featured_media":94174,"comment_status":"","ping_status":"","sticky":false,"template":"","format":"standard","meta":{"footnotes":""},"categories":[1413],"tags":[3453,1011,27,15545,3452,15546,1457,1456,1458,60],"class_list":{"0":"post-94173","1":"post","2":"type-post","3":"status-publish","4":"format-standard","5":"has-post-thumbnail","7":"category-moto","8":"tag-fermu00edn-aldeguer","9":"tag-fr","10":"tag-france","11":"tag-gp-de-france","12":"tag-gresini-racing","13":"tag-le-mans-circuit-bugatti","14":"tag-moto","15":"tag-motocycle","16":"tag-motogp","17":"tag-sports"},"share_on_mastodon":{"url":"https:\/\/pubeurope.com\/@fr\/114494794858957232","error":""},"_links":{"self":[{"href":"https:\/\/www.europesays.com\/fr\/wp-json\/wp\/v2\/posts\/94173","targetHints":{"allow":["GET"]}}],"collection":[{"href":"https:\/\/www.europesays.com\/fr\/wp-json\/wp\/v2\/posts"}],"about":[{"href":"https:\/\/www.europesays.com\/fr\/wp-json\/wp\/v2\/types\/post"}],"author":[{"embeddable":true,"href":"https:\/\/www.europesays.com\/fr\/wp-json\/wp\/v2\/users\/2"}],"replies":[{"embeddable":true,"href":"https:\/\/www.europesays.com\/fr\/wp-json\/wp\/v2\/comments?post=94173"}],"version-history":[{"count":0,"href":"https:\/\/www.europesays.com\/fr\/wp-json\/wp\/v2\/posts\/94173\/revisions"}],"wp:featuredmedia":[{"embeddable":true,"href":"https:\/\/www.europesays.com\/fr\/wp-json\/wp\/v2\/media\/94174"}],"wp:attachment":[{"href":"https:\/\/www.europesays.com\/fr\/wp-json\/wp\/v2\/media?parent=94173"}],"wp:term":[{"taxonomy":"category","embeddable":true,"href":"https:\/\/www.europesays.com\/fr\/wp-json\/wp\/v2\/categories?post=94173"},{"taxonomy":"post_tag","embeddable":true,"href":"https:\/\/www.europesays.com\/fr\/wp-json\/wp\/v2\/tags?post=94173"}],"curies":[{"name":"wp","href":"https:\/\/api.w.org\/{rel}","templated":true}]}}