{"id":94177,"date":"2025-05-12T12:12:09","date_gmt":"2025-05-12T12:12:09","guid":{"rendered":"https:\/\/www.europesays.com\/fr\/94177\/"},"modified":"2025-05-12T12:12:09","modified_gmt":"2025-05-12T12:12:09","slug":"deux-cartons-jaunes-recus-lors-de-la-3eme-etape-du-tour-ditalie","status":"publish","type":"post","link":"https:\/\/www.europesays.com\/fr\/94177\/","title":{"rendered":"Deux cartons jaunes re\u00e7us lors de la 3\u00e8me \u00e9tape du Tour d&rsquo;Italie"},"content":{"rendered":"<p>Deux cartons jaunes ont \u00e9t\u00e9 distribu\u00e9s lors de la <strong><a href=\"https:\/\/www.velo-club.net\/resultats\/mads-pedersen-a-remporte-la-3eme-etape-du-tour-ditalie\/\" target=\"_blank\" rel=\"noopener\">3\u00e8me \u00e9tape<\/a><\/strong> du Tour d\u2019Italie. Les coureurs concern\u00e9s sont l\u2019italien Martin Marcellusi et l\u2019irlandais Darren Rafferty.<\/p>\n<p>Conform\u00e9ment au r\u00e8glement <strong><a href=\"https:\/\/www.uci.org\/discipline\/road\/6TBjsDD8902tud440iv1Cu?tab=yellowcards\" target=\"_blank\" rel=\"noreferrer noopener\">UCI<\/a><\/strong>, ils devront quitter la course si ils re\u00e7oivent un nouveau carton avant la fin du Giro.<\/p>\n<p>Notons \u00e9galement que le fran\u00e7ais Alexys Brunel a lui re\u00e7u un carton jaune lors du Tro Bro Leon.<\/p>\n","protected":false},"excerpt":{"rendered":"Deux cartons jaunes ont \u00e9t\u00e9 distribu\u00e9s lors de la 3\u00e8me \u00e9tape du Tour d\u2019Italie. Les coureurs concern\u00e9s sont&hellip;\n","protected":false},"author":2,"featured_media":94178,"comment_status":"","ping_status":"","sticky":false,"template":"","format":"standard","meta":{"footnotes":""},"categories":[1411],"tags":[1154,207,1011,27,60,1139],"class_list":{"0":"post-94177","1":"post","2":"type-post","3":"status-publish","4":"format-standard","5":"has-post-thumbnail","7":"category-cyclisme","8":"tag-cycling","9":"tag-cyclisme","10":"tag-fr","11":"tag-france","12":"tag-sports","13":"tag-tour-ditalie"},"share_on_mastodon":{"url":"https:\/\/pubeurope.com\/@fr\/114494802790739318","error":""},"_links":{"self":[{"href":"https:\/\/www.europesays.com\/fr\/wp-json\/wp\/v2\/posts\/94177","targetHints":{"allow":["GET"]}}],"collection":[{"href":"https:\/\/www.europesays.com\/fr\/wp-json\/wp\/v2\/posts"}],"about":[{"href":"https:\/\/www.europesays.com\/fr\/wp-json\/wp\/v2\/types\/post"}],"author":[{"embeddable":true,"href":"https:\/\/www.europesays.com\/fr\/wp-json\/wp\/v2\/users\/2"}],"replies":[{"embeddable":true,"href":"https:\/\/www.europesays.com\/fr\/wp-json\/wp\/v2\/comments?post=94177"}],"version-history":[{"count":0,"href":"https:\/\/www.europesays.com\/fr\/wp-json\/wp\/v2\/posts\/94177\/revisions"}],"wp:featuredmedia":[{"embeddable":true,"href":"https:\/\/www.europesays.com\/fr\/wp-json\/wp\/v2\/media\/94178"}],"wp:attachment":[{"href":"https:\/\/www.europesays.com\/fr\/wp-json\/wp\/v2\/media?parent=94177"}],"wp:term":[{"taxonomy":"category","embeddable":true,"href":"https:\/\/www.europesays.com\/fr\/wp-json\/wp\/v2\/categories?post=94177"},{"taxonomy":"post_tag","embeddable":true,"href":"https:\/\/www.europesays.com\/fr\/wp-json\/wp\/v2\/tags?post=94177"}],"curies":[{"name":"wp","href":"https:\/\/api.w.org\/{rel}","templated":true}]}}