{"id":94189,"date":"2025-05-12T12:18:09","date_gmt":"2025-05-12T12:18:09","guid":{"rendered":"https:\/\/www.europesays.com\/fr\/94189\/"},"modified":"2025-05-12T12:18:09","modified_gmt":"2025-05-12T12:18:09","slug":"michel-fugain-fete-ses-83-ans-jai-ete-concu-dans-une-prison-petainiste","status":"publish","type":"post","link":"https:\/\/www.europesays.com\/fr\/94189\/","title":{"rendered":"Michel Fugain f\u00eate ses 83 ans : \u00ab\u00a0J&rsquo;ai \u00e9t\u00e9 con\u00e7u dans une prison p\u00e9tainiste\u00a0\u00bb"},"content":{"rendered":"<p class=\"ap-StoryElement ap-StoryElement--mb ap-StoryText\">Michel Fugain est donc n\u00e9 le 12 mai 1942 dans un lieu atypique. \u00ab\u00a0J&rsquo;ai \u00e9t\u00e9 con\u00e7u dans une prison p\u00e9tainiste. Mon p\u00e8re \u00e9tait communiste sous P\u00e9tain. Il refusait un certain nombre de choses. Il a \u00e9t\u00e9 mis en cabane au Fort Barraux en Is\u00e8re. Un jour o\u00f9 il a eu le droit de visite et j&rsquo;ai \u00e9t\u00e9 con\u00e7u\u00a0\u00bb, d\u00e9taille celui qui dit adorer le mot de r\u00e9sistance. \u00ab\u00a0J&rsquo;ai \u00e9t\u00e9 \u00e9lev\u00e9 dans cette culture. On reste vigilant. Je suis d&rsquo;ailleurs all\u00e9 m&rsquo;installer en Corse, car c&rsquo;est un pays r\u00e9sistant.\u00a0\u00bb Son p\u00e8re \u00e9tait m\u00e9decin dans les quartiers ouvriers. Il \u00e9tait parti en Espagne \u00e0 l&rsquo;\u00e2ge de 15 ans pour participer \u00e0 la guerre civile. Il a \u00e9t\u00e9 stopp\u00e9 \u00e0 Toulouse par les communistes qui l&rsquo;ont envoy\u00e9 \u00e0 Grenoble.<\/p>\n<p><a href=\"https:\/\/www.parismatch.be\/actualites\/people\/2025\/05\/12\/je-viens-malheureusement-dapprendre-ma-mort-dany-boon-demonte-les-fausses-informations-a-son-egard-dans-un-post-hilarant-video-4UORFGKFKRFNRMEAKY2YQBWDBE\/\" target=\"_blank\" rel=\"noopener noreferrer\" class=\"ap-StoryInterstitialLink ap-StoryElement ap-StoryElement--mb\">\u00ab\u00a0Je viens malheureusement d&rsquo;apprendre\u2026 ma mort\u00a0\u00bb : Dany Boon d\u00e9monte les fausses informations \u00e0 son \u00e9gard dans un post hilarant (VID\u00c9O)<\/a><\/p>\n<p class=\"ap-StoryElement ap-StoryElement--mb ap-StoryText\">Michel Fugain grandit en Is\u00e8re au coll\u00e8ge-lyc\u00e9e Champollion de Grenoble. \u00ab\u00a0Un bagne. Il y avait des barreaux aux fen\u00eatres jusqu&rsquo;en Mai-68\u00a0\u00bb, se souvient-il. \u00c0 21 ans, le voici \u00e0 Paris o\u00f9 il devient assistant-r\u00e9alisateur d&rsquo;Yves Robert pour le film Les Copains. Au m\u00eame moment, il se met tardivement \u00e0 la guitare. \u00ab\u00a0Je suis un gar\u00e7on lent.\u00a0\u00bb Au cours d&rsquo;art dramatique, il fr\u00e9quente Yves R\u00e9nier, Patrice Laffont et Michel Sardou. \u00ab\u00a0Il passait une audition chez Barclay et avec Laffont, on a fait ses chansons. Il a r\u00e9ussi.\u00a0\u00bb Avant de se f\u00e2cher. \u00ab\u00a0On pr\u00e9parait son deuxi\u00e8me 45 tours. Je lui ai dit : \u00ab\u00a0Tu chantes mal.\u00a0\u00bb Il s&rsquo;est vex\u00e9, on ne s&rsquo;est plus vus pendant 35 ans.\u00a0\u00bb Les deux artistes se retrouveront en 2000 pour l&rsquo;album \u00ab\u00a0Fran\u00e7ais\u00a0\u00bb &#8211; l&rsquo;une des plus mauvaises ventes de Sardou.<\/p>\n<p><a href=\"https:\/\/www.parismatch.be\/actualites\/people\/2025\/05\/11\/croire-en-un-meilleur-demain-apres-son-arrestation-dans-une-affaire-de-drogues-stephane-plaza-revient-sur-instagram-avec-un-intrigant-message-NOXH6AZPGNA7ZJW3ZJTXPKYVXU\/\" target=\"_blank\" rel=\"noopener noreferrer\" class=\"ap-StoryInterstitialLink ap-StoryElement ap-StoryElement--mb\">\u00ab\u00a0Croire en un meilleur demain\u00a0\u00bb : apr\u00e8s son arrestation dans une affaire de drogues, St\u00e9phane Plaza revient sur Instagram avec un intrigant message<\/a><\/p>\n<p class=\"ap-StoryElement ap-StoryElement--mb ap-StoryText\">Fugain est trop \u00e2g\u00e9 pour participer \u00e0 Mai-68 &#8211; il a 26 ans -, mais s&rsquo;amuse du d\u00e9sordre. A posteriori, il fustige des \u00ab\u00a0r\u00e9volutionnaires qui sont devenus des supp\u00f4ts z\u00e9l\u00e9s du capitalisme. On ne peut pas avoir d&rsquo;estime pour ces gens-l\u00e0\u00a0\u00bb. Lui reste impr\u00e9gn\u00e9 de cet esprit rebelle. Il lance le Big Bazar, une troupe o\u00f9 tout le monde est pay\u00e9 pareil. Derri\u00e8re les tubes, une philosophie de vie libertaire (\u00ab\u00a0Vis ta vie\u00a0\u00bb), festive (\u00ab\u00a0Chante\u00a0\u00bb) voire gauchiste (\u00ab\u00a0Notre soci\u00e9t\u00e9\u00a0\u00bb).<\/p>\n<p class=\"ap-StoryElement ap-StoryElement--mb ap-StoryText\">\u00c0 la fin du Big Bazar, en 1978, les soucis commencent : fini la chanson, place \u00e0 TF1 o\u00f9 tout se passe mal. Il fait une pause. \u00ab\u00a0Une ann\u00e9e sabbatique qui se transforme en cinq ann\u00e9es sabbatiques, cela vide les comptes en banque et le percepteur vous demande de vous remettre au travail\u00a0\u00bb, sourit-il. Dans les ann\u00e9es 1980, Fugain est consid\u00e9r\u00e9 comme un has-been. Il a des pens\u00e9es suicidaires. \u00ab\u00a0Juste une nuit. Ma femme m&rsquo;a amen\u00e9 chez un m\u00e9decin qui m&rsquo;a fait douze piq\u00fbres. Je n&rsquo;ai plus jamais eu de pens\u00e9es suicidaires. J&rsquo;ai recommenc\u00e9 comme un d\u00e9but. Je suis all\u00e9 dans les bo\u00eetes avec ma bande en playback.\u00a0\u00bb<\/p>\n<p class=\"ap-StoryElement ap-StoryElement--mb ap-StoryText\">Le succ\u00e8s revient : \u00ab\u00a0Viva la vida\u00a0\u00bb, \u00ab\u00a0Les ann\u00e9es guitare \u00ab\u00a0, \u00ab\u00a0Chaque jour de plus\u00a0\u00bb, \u00ab\u00a0Ne m&rsquo;oublie pas\u00a0\u00bb, \u00ab\u00a0Les Sud-am\u00e9ricaines\u00a0\u00bb&#8230; Autant de bonnes chansons qui le remettent en sc\u00e8ne. Michel Fugain est de retour. \u00ab\u00a0Attention mesdames et messieurs, \u00e7a va recommencer !\u00a0\u00bb<\/p>\n","protected":false},"excerpt":{"rendered":"Michel Fugain est donc n\u00e9 le 12 mai 1942 dans un lieu atypique. \u00ab\u00a0J&rsquo;ai \u00e9t\u00e9 con\u00e7u dans une&hellip;\n","protected":false},"author":2,"featured_media":94190,"comment_status":"","ping_status":"","sticky":false,"template":"","format":"standard","meta":{"footnotes":""},"categories":[1355],"tags":[4255,1695,17348,1696,20683,58,59,1011,3844,27,2731,20684,1361,873],"class_list":{"0":"post-94189","1":"post","2":"type-post","3":"status-publish","4":"format-standard","5":"has-post-thumbnail","7":"category-musique","8":"tag-ancien","9":"tag-chanson","10":"tag-chant","11":"tag-chanteur","12":"tag-compositeur","13":"tag-divertissement","14":"tag-entertainment","15":"tag-fr","16":"tag-francais","17":"tag-france","18":"tag-grenoble","19":"tag-michel-fugain","20":"tag-music","21":"tag-musique"},"share_on_mastodon":{"url":"https:\/\/pubeurope.com\/@fr\/114494826324094460","error":""},"_links":{"self":[{"href":"https:\/\/www.europesays.com\/fr\/wp-json\/wp\/v2\/posts\/94189","targetHints":{"allow":["GET"]}}],"collection":[{"href":"https:\/\/www.europesays.com\/fr\/wp-json\/wp\/v2\/posts"}],"about":[{"href":"https:\/\/www.europesays.com\/fr\/wp-json\/wp\/v2\/types\/post"}],"author":[{"embeddable":true,"href":"https:\/\/www.europesays.com\/fr\/wp-json\/wp\/v2\/users\/2"}],"replies":[{"embeddable":true,"href":"https:\/\/www.europesays.com\/fr\/wp-json\/wp\/v2\/comments?post=94189"}],"version-history":[{"count":0,"href":"https:\/\/www.europesays.com\/fr\/wp-json\/wp\/v2\/posts\/94189\/revisions"}],"wp:featuredmedia":[{"embeddable":true,"href":"https:\/\/www.europesays.com\/fr\/wp-json\/wp\/v2\/media\/94190"}],"wp:attachment":[{"href":"https:\/\/www.europesays.com\/fr\/wp-json\/wp\/v2\/media?parent=94189"}],"wp:term":[{"taxonomy":"category","embeddable":true,"href":"https:\/\/www.europesays.com\/fr\/wp-json\/wp\/v2\/categories?post=94189"},{"taxonomy":"post_tag","embeddable":true,"href":"https:\/\/www.europesays.com\/fr\/wp-json\/wp\/v2\/tags?post=94189"}],"curies":[{"name":"wp","href":"https:\/\/api.w.org\/{rel}","templated":true}]}}