{"id":94193,"date":"2025-05-12T12:20:11","date_gmt":"2025-05-12T12:20:11","guid":{"rendered":"https:\/\/www.europesays.com\/fr\/94193\/"},"modified":"2025-05-12T12:20:11","modified_gmt":"2025-05-12T12:20:11","slug":"la-violence-verbale-durant-lenfance-modifie-le-developpement-du-cerveau-selon-des-recherches","status":"publish","type":"post","link":"https:\/\/www.europesays.com\/fr\/94193\/","title":{"rendered":"La violence verbale durant l\u2019enfance modifie le d\u00e9veloppement du cerveau, selon des recherches"},"content":{"rendered":"<p><img fetchpriority=\"high\" decoding=\"async\" width=\"1200\" height=\"673\" src=\"data:image\/svg+xml,%3Csvg%20xmlns=\" http:=\"\" alt=\"\" class=\"wp-image-219234\" data-lazy- data-lazy- data-lazy-src=\"https:\/\/www.europesays.com\/fr\/wp-content\/uploads\/2025\/05\/parents-enfants-dispute.webp\"\/><\/p>\n<p>La violence verbale dans l\u2019enfance laisse des traces durables sur le cerveau<\/p>\n<p style=\"font-size:27px\">De nouvelles recherches en neurosciences montrent que la violence verbale durant l\u2019enfance peut alt\u00e9rer profond\u00e9ment le d\u00e9veloppement c\u00e9r\u00e9bral et augmenter le risque de troubles de sant\u00e9 mentale \u00e0 l\u2019\u00e2ge adulte. Les enfants r\u00e9guli\u00e8rement humili\u00e9s, menac\u00e9s ou rabaiss\u00e9s par des adultes d\u00e9veloppent souvent un syst\u00e8me de menace hyperactif et une r\u00e9ponse de r\u00e9compense \u00e9mouss\u00e9e. Ces alt\u00e9rations rendent plus difficile, une fois adultes, la r\u00e9gulation des \u00e9motions et l\u2019\u00e9tablissement de relations de confiance.<\/p>\n<p>Ces effets ne se limitent pas au bien-\u00eatre \u00e9motionnel. Ils touchent aussi la capacit\u00e9 de l\u2019enfant \u00e0 construire une estime de soi solide et \u00e0 entretenir des relations saines. <\/p>\n<p>Les experts soulignent que la violence verbale est \u00e9vitable et appellent \u00e0 une meilleure sensibilisation du public ainsi qu\u2019\u00e0 des mesures politiques concr\u00e8tes pour prot\u00e9ger la sant\u00e9 mentale et neurologique des enfants.<\/p>\n<p>Faits essentiels<\/p>\n<p><strong>-Impact neurod\u00e9veloppemental<\/strong>\u00a0: la violence verbale suractive les syst\u00e8mes de menace et affaiblit les circuits de r\u00e9compense dans le cerveau en d\u00e9veloppement.<\/p>\n<p>\u2013<strong>Dommages \u00e0 long terme<\/strong>\u00a0: elle accro\u00eet les risques d\u2019anxi\u00e9t\u00e9, de d\u00e9pression et de difficult\u00e9s sociales \u00e0 l\u2019\u00e2ge adulte.<\/p>\n<p>\u2013<strong>Dommages \u00e9vitables<\/strong>\u00a0: pr\u00e9venir cette forme de maltraitance est fondamental pour un d\u00e9veloppement c\u00e9r\u00e9bral sain et un bien-\u00eatre durable.<\/p>\n<p>Les mots peuvent blesser durablement<\/p>\n<p>Les mots ont un pouvoir. Lorsqu\u2019ils sont utilis\u00e9s pour contr\u00f4ler, rabaisser ou humilier un enfant, ils peuvent causer des blessures profondes, parfois invisibles mais durables. <\/p>\n<p><a href=\"https:\/\/pubmed.ncbi.nlm.nih.gov\/18692174\/\" target=\"_blank\" rel=\"noreferrer noopener nofollow\">Des recherches<\/a> <a href=\"https:\/\/pubmed.ncbi.nlm.nih.gov\/20483374\/\" target=\"_blank\" rel=\"noreferrer noopener nofollow\">ont montr\u00e9 que l\u2019usage r\u00e9p\u00e9t\u00e9<\/a> de propos violents ou humiliants par des adultes peut <a href=\"https:\/\/pubmed.ncbi.nlm.nih.gov\/24493840\/\" target=\"_blank\" rel=\"noreferrer noopener nofollow\">nuire au d\u00e9veloppement c\u00e9r\u00e9bral<\/a>.<\/p>\n<p>Une <a href=\"https:\/\/bmjopen.bmj.com\/content\/13\/4\/e072916\" target=\"_blank\" rel=\"noreferrer noopener nofollow\">\u00e9tude men\u00e9e en 2023<\/a> aupr\u00e8s de plus de 20 500 adultes britanniques a r\u00e9v\u00e9l\u00e9 qu\u2019un adulte sur cinq d\u00e9clarait avoir subi de la violence verbale durant son enfance. Les d\u00e9finitions varient, mais on parle g\u00e9n\u00e9ralement de violence verbale lorsqu\u2019un adulte adopte un comportement constant de critiques, de menaces ou de rejet, amenant l\u2019enfant \u00e0 se sentir rabaiss\u00e9, effray\u00e9 ou ridiculis\u00e9 de fa\u00e7on r\u00e9p\u00e9t\u00e9e.<\/p>\n<p><strong>Articles les plus sur Sain et Naturel : <\/strong><\/p>\n<p>Une distinction importante<\/p>\n<p><img loading=\"lazy\" decoding=\"async\" width=\"1200\" height=\"670\" src=\"data:image\/svg+xml,%3Csvg%20xmlns=\" http:=\"\" alt=\"\" class=\"wp-image-218685\" data-lazy- data-lazy- data-lazy-src=\"https:\/\/www.europesays.com\/fr\/wp-content\/uploads\/2025\/05\/enfant-parent.webp\"\/><\/p>\n<p>Il ne s\u2019agit pas de moments isol\u00e9s o\u00f9 un parent, sous l\u2019effet du stress, \u00e9l\u00e8ve la voix ou dit une parole regrettable. La violence verbale implique un sch\u00e9ma r\u00e9p\u00e9titif et destructeur. <\/p>\n<p>Ce comportement, lorsqu\u2019il devient une norme dans la relation avec l\u2019enfant, influence durablement sa mani\u00e8re de percevoir le monde, les autres et lui-m\u00eame.<\/p>\n<p>Un impact reconnu mais sous-estim\u00e9<\/p>\n<p>L\u2019exposition \u00e0 la maltraitance, verbale incluse, augmente significativement les risques de troubles mentaux comme l\u2019anxi\u00e9t\u00e9, la d\u00e9pression, les conduites suicidaires ou les addictions. Elle alt\u00e8re aussi la capacit\u00e9 \u00e0 nouer des relations de confiance \u00e0 l\u2019\u00e2ge adulte.<\/p>\n<p>Malgr\u00e9 ces cons\u00e9quences lourdes, la violence verbale reste largement absente des d\u00e9bats publics et des politiques de protection de l\u2019enfance. Elle est souvent minimis\u00e9e ou banalis\u00e9e.<\/p>\n<p>Pr\u00e9venir pour mieux prot\u00e9ger<\/p>\n<p><img loading=\"lazy\" decoding=\"async\" width=\"1200\" height=\"673\" src=\"data:image\/svg+xml,%3Csvg%20xmlns=\" http:=\"\" alt=\"\" class=\"wp-image-215864\" data-lazy- data-lazy- data-lazy-src=\"https:\/\/www.europesays.com\/fr\/wp-content\/uploads\/2025\/05\/parent-enfant.webp\"\/><\/p>\n<p>Pr\u00e9venir la violence verbale, comme toutes les formes de maltraitance ou de n\u00e9gligence, est une n\u00e9cessit\u00e9. Il ne s\u2019agit pas seulement d\u2019un imp\u00e9ratif moral, mais d\u2019une condition essentielle au bon d\u00e9veloppement du cerveau et \u00e0 la sant\u00e9 mentale tout au long de la vie.<\/p>\n<p>Changements dans le cerveau<\/p>\n<p>Eamon McCrory \u00e9tait parmi les experts r\u00e9unis par Jessica Bondy, fondatrice de l\u2019association caritative Words Matter, \u00e0 la Chambre des communes en avril 2025, pour discuter de la pr\u00e9vention des abus verbaux envers les enfants.<\/p>\n<p>En tant que neuroscientifique, elle a consacr\u00e9 plusieurs d\u00e9cennies \u00e0 l\u2019\u00e9tude du cerveau \u00e0 travers l\u2019imagerie c\u00e9r\u00e9brale, afin de mieux comprendre comment les traumatismes pr\u00e9coces, y compris la violence verbale, influencent son d\u00e9veloppement.<\/p>\n<p>Nous savons aujourd\u2019hui que la violence psychologique \u2014 en particulier un langage hostile ou d\u00e9gradant r\u00e9p\u00e9t\u00e9 \u2014 <a href=\"https:\/\/pubmed.ncbi.nlm.nih.gov\/28295339\/\" target=\"_blank\" rel=\"noreferrer noopener nofollow\">peut profond\u00e9ment modifier<\/a> la mani\u00e8re dont un enfant per\u00e7oit et r\u00e9agit au monde qui l\u2019entoure.<\/p>\n<p>Un syst\u00e8me de menace en alerte permanente<\/p>\n<p>La violence verbale impacte plusieurs syst\u00e8mes cl\u00e9s du cerveau. L\u2019un d\u2019eux est le syst\u00e8me de d\u00e9tection des menaces, qui joue un r\u00f4le essentiel dans notre survie en identifiant les dangers et en d\u00e9clenchant une r\u00e9ponse de fuite ou de combat.<\/p>\n<p>Chez les enfants expos\u00e9s fr\u00e9quemment \u00e0 des paroles blessantes ou mena\u00e7antes, ce syst\u00e8me <a href=\"https:\/\/www.sciencedirect.com\/science\/article\/pii\/S0960982211011390?via%3Dihub\" target=\"_blank\" rel=\"noreferrer noopener nofollow\">devient hyperactif<\/a>. Des signaux sociaux pourtant neutres \u2014 comme une <a href=\"https:\/\/pubmed.ncbi.nlm.nih.gov\/22258799\/\" target=\"_blank\" rel=\"noreferrer noopener nofollow\">expression faciale<\/a>, une remarque anodine ou m\u00eame une plaisanterie \u2014 peuvent \u00eatre interpr\u00e9t\u00e9s \u00e0 tort comme hostiles ou dangereux.<\/p>\n<p>Un affaiblissement du syst\u00e8me de r\u00e9compense<\/p>\n<p><img loading=\"lazy\" decoding=\"async\" width=\"1200\" height=\"674\" src=\"data:image\/svg+xml,%3Csvg%20xmlns=\" http:=\"\" alt=\"\" class=\"wp-image-216622\" data-lazy- data-lazy- data-lazy-src=\"https:\/\/www.europesays.com\/fr\/wp-content\/uploads\/2025\/05\/enfant-seul.webp\"\/><\/p>\n<p>Un d\u00e9veloppement \u00e9motionnel sain repose aussi sur des interactions verbales et non verbales positives. Les compliments, les encouragements et l\u2019attention bienveillante permettent aux enfants de <a href=\"https:\/\/pmc.ncbi.nlm.nih.gov\/articles\/PMC2920349\/\" target=\"_blank\" rel=\"noreferrer noopener nofollow\">b\u00e2tir des relations s\u00e9curisantes<\/a> et de renforcer leur estime de soi.<\/p>\n<p><a href=\"https:\/\/sain-et-naturel.ouest-france.fr\/crier-dessus-par-les-parents-peut-alterer-le-cerveau-de-lenfant.html\" target=\"_blank\" rel=\"noreferrer noopener nofollow\">La violence verbale<\/a> vient perturber ce processus. Elle peut affaiblir le syst\u00e8me de r\u00e9compense du cerveau, le rendant moins sensible aux exp\u00e9riences positives. L\u2019enfant a alors plus de mal \u00e0 ressentir de la joie ou \u00e0 tirer du r\u00e9confort de ses relations, ce qui peut limiter sa capacit\u00e9 \u00e0 se sentir soutenu, aim\u00e9 et digne d\u2019attention.<\/p>\n<p>Des adaptations c\u00e9r\u00e9brales co\u00fbteuses<\/p>\n<p>Ces changements dans le cerveau repr\u00e9sentent des formes d\u2019adaptation \u00e0 un environnement per\u00e7u comme mena\u00e7ant. \u00c0 court terme, ils peuvent aider l\u2019enfant \u00e0 survivre dans un contexte difficile. Mais \u00e0 long terme, ces adaptations entra\u00eenent un prix \u00e9lev\u00e9.<\/p>\n<p>Elles compliquent la confiance en autrui, perturbent la gestion des \u00e9motions et alt\u00e8rent l\u2019image de soi. L\u2019enfant grandit avec une difficult\u00e9 \u00e0 croire qu\u2019il est digne d\u2019amour et de respect, ce qui influence profond\u00e9ment sa trajectoire de vie.<\/p>\n<p>Cons\u00e9quences \u00e0 vie<\/p>\n<p><img loading=\"lazy\" decoding=\"async\" width=\"1200\" height=\"673\" src=\"data:image\/svg+xml,%3Csvg%20xmlns=\" http:=\"\" alt=\"\" class=\"wp-image-218294\" data-lazy- data-lazy- data-lazy-src=\"https:\/\/www.europesays.com\/fr\/wp-content\/uploads\/2025\/05\/homme-seul-76.webp\"\/><\/p>\n<p><a href=\"https:\/\/pubmed.ncbi.nlm.nih.gov\/35926524\/\" target=\"_blank\" rel=\"noreferrer noopener nofollow\">\u00c0 l\u2019\u00e2ge adulte, ces blessures invisibles<\/a> peuvent donner lieu \u00e0 un cycle de stress relationnel, de ruptures affectives ou de conflits.<a href=\"https:\/\/pubmed.ncbi.nlm.nih.gov\/21142355\/\" target=\"_blank\" rel=\"noreferrer noopener nofollow\"> Les relations amoureuses<\/a>, notamment, sont souvent fragilis\u00e9es par une peur enracin\u00e9e du rejet ou de l\u2019abandon.<\/p>\n<p>Ces exp\u00e9riences pr\u00e9coces influencent durablement la perception de soi et des autres. Elles fa\u00e7onnent un prisme \u00e0 travers lequel le monde est interpr\u00e9t\u00e9, et il devient alors difficile de se sentir en paix avec soi-m\u00eame ou en s\u00e9curit\u00e9 dans la relation avec autrui.<\/p>\n<p>Le travail d\u2019Anna Freud<\/p>\n<p>En plus de ses recherches \u00e0 l\u2019University College London (UCL), elle dirige l\u2019organisation Anna Freud, une association caritative qui \u0153uvre \u00e0 transformer le soutien en sant\u00e9 mentale. L\u2019organisation s\u2019appuie sur des donn\u00e9es probantes, des recherches de pointe, des formations professionnelles et des ressources accessibles \u00e0 tous.<\/p>\n<p>Dans leur pratique clinique, ils rencontrent de nombreux jeunes et adultes qui luttent avec les messages n\u00e9gatifs qu\u2019ils ont int\u00e9gr\u00e9s pendant leur enfance. Les mots blessants persistent dans la m\u00e9moire, car notre cerveau donne naturellement plus de poids aux informations n\u00e9gatives dans un but de protection.<\/p>\n<p>L\u2019empreinte durable des paroles<\/p>\n<p><img loading=\"lazy\" decoding=\"async\" width=\"1200\" height=\"676\" src=\"data:image\/svg+xml,%3Csvg%20xmlns=\" http:=\"\" alt=\"\" class=\"wp-image-218968\" data-lazy- data-lazy- data-lazy-src=\"https:\/\/www.europesays.com\/fr\/wp-content\/uploads\/2025\/05\/garcon-enfant-frere.webp\"\/><\/p>\n<p>Les blessures verbales sont souvent \u00e0 l\u2019origine de nombreuses souffrances psychiques, m\u00eame des d\u00e9cennies apr\u00e8s les faits. Les adultes concern\u00e9s tentent parfois toute leur vie de se prouver \u00e0 eux-m\u00eames que ces paroles ne les d\u00e9finissent pas.<\/p>\n<p>C\u2019est pourquoi il faut sensibiliser tous ceux qui entourent les enfants \u2014 parents, enseignants, professionnels de l\u2019enfance \u2014 \u00e0 la puissance de leurs paroles. Il ne s\u2019agit pas d\u2019\u00e9viter toute correction ou toute limite, mais de poser un cadre clair dans le respect de l\u2019enfant, sans humiliation ni menace.<\/p>\n<p>Des environnements protecteurs pour tous les enfants<\/p>\n<p>Nous devons cr\u00e9er des environnements, \u00e0 la maison comme \u00e0 l\u2019\u00e9cole ou dans la communaut\u00e9, o\u00f9 les enfants sont \u00e9cout\u00e9s, encourag\u00e9s et respect\u00e9s. La violence verbale n\u2019est pas une fatalit\u00e9. Elle peut \u00eatre \u00e9vit\u00e9e.<\/p>\n<p>Et la science est sans \u00e9quivoque : la pr\u00e9venir est essentiel pour permettre un d\u00e9veloppement c\u00e9r\u00e9bral sain et favoriser une bonne sant\u00e9 mentale \u00e0 long terme. En prot\u00e9geant les enfants, c\u2019est toute la soci\u00e9t\u00e9 qui y gagne, en formant une g\u00e9n\u00e9ration plus \u00e9panouie, mieux pr\u00e9par\u00e9e \u00e0 r\u00e9ussir dans la vie personnelle, scolaire et professionnelle.<\/p>\n<p><strong>Chaque enfant m\u00e9rite de grandir dans un climat de s\u00e9curit\u00e9 et de respect. Il est temps de veiller \u00e0 ce que leurs esprits soient nourris par des mots qui les construisent, et non qui les d\u00e9truisent.<\/strong><\/p>\n<p>\u00c0 propos de cette actualit\u00e9 sur la recherche sur le d\u00e9veloppement neurologique et la violence verbale<\/p>\n<p><strong>Auteur :\u00a0<\/strong><a href=\"https:\/\/theconversation.com\/profiles\/eamon-mccrory-164142\" target=\"_blank\" rel=\"noreferrer noopener nofollow\">Eamon McCrory<\/a><br \/><strong>Source :\u00a0<\/strong><a href=\"https:\/\/theconversation.com\/\" target=\"_blank\" rel=\"noreferrer noopener nofollow\">The Conversation<\/a><br \/><strong>Contact :<\/strong>\u00a0Eamon McCrory \u2013 The Conversation<\/p>\n","protected":false},"excerpt":{"rendered":"La violence verbale dans l\u2019enfance laisse des traces durables sur le cerveau De nouvelles recherches en neurosciences montrent&hellip;\n","protected":false},"author":2,"featured_media":94194,"comment_status":"","ping_status":"","sticky":false,"template":"","format":"standard","meta":{"footnotes":""},"categories":[10],"tags":[1011,27,72,3306,71],"class_list":{"0":"post-94193","1":"post","2":"type-post","3":"status-publish","4":"format-standard","5":"has-post-thumbnail","7":"category-sante","8":"tag-fr","9":"tag-france","10":"tag-health","11":"tag-parents","12":"tag-sante"},"share_on_mastodon":{"url":"https:\/\/pubeurope.com\/@fr\/114494834341016039","error":""},"_links":{"self":[{"href":"https:\/\/www.europesays.com\/fr\/wp-json\/wp\/v2\/posts\/94193","targetHints":{"allow":["GET"]}}],"collection":[{"href":"https:\/\/www.europesays.com\/fr\/wp-json\/wp\/v2\/posts"}],"about":[{"href":"https:\/\/www.europesays.com\/fr\/wp-json\/wp\/v2\/types\/post"}],"author":[{"embeddable":true,"href":"https:\/\/www.europesays.com\/fr\/wp-json\/wp\/v2\/users\/2"}],"replies":[{"embeddable":true,"href":"https:\/\/www.europesays.com\/fr\/wp-json\/wp\/v2\/comments?post=94193"}],"version-history":[{"count":0,"href":"https:\/\/www.europesays.com\/fr\/wp-json\/wp\/v2\/posts\/94193\/revisions"}],"wp:featuredmedia":[{"embeddable":true,"href":"https:\/\/www.europesays.com\/fr\/wp-json\/wp\/v2\/media\/94194"}],"wp:attachment":[{"href":"https:\/\/www.europesays.com\/fr\/wp-json\/wp\/v2\/media?parent=94193"}],"wp:term":[{"taxonomy":"category","embeddable":true,"href":"https:\/\/www.europesays.com\/fr\/wp-json\/wp\/v2\/categories?post=94193"},{"taxonomy":"post_tag","embeddable":true,"href":"https:\/\/www.europesays.com\/fr\/wp-json\/wp\/v2\/tags?post=94193"}],"curies":[{"name":"wp","href":"https:\/\/api.w.org\/{rel}","templated":true}]}}