{"id":94206,"date":"2025-05-12T12:27:09","date_gmt":"2025-05-12T12:27:09","guid":{"rendered":"https:\/\/www.europesays.com\/fr\/94206\/"},"modified":"2025-05-12T12:27:09","modified_gmt":"2025-05-12T12:27:09","slug":"une-adolescente-de-17-ans-meurt-apres-avoir-saute-du-haut-du-pantheon","status":"publish","type":"post","link":"https:\/\/www.europesays.com\/fr\/94206\/","title":{"rendered":"une adolescente de 17 ans meurt apr\u00e8s avoir saut\u00e9 du haut du Panth\u00e9on"},"content":{"rendered":"<p>                             Par Le Figaro avec AFP<\/p>\n<p>                Il y a 1 heure<\/p>\n<p>\u00a0\u00bb<br \/>\n        data-script=\u00a0\u00bbhttps:\/\/static.lefigaro.fr\/widget-video\/short-ttl\/video\/index.js\u00a0\u00bb<br \/>\n    &gt;<\/p>\n<p>Selon les premiers \u00e9l\u00e9ments de l\u2019enqu\u00eate publi\u00e9s ce lundi, l\u2019adolescente \u00abaurait subi une pression familiale eu \u00e9gard \u00e0 son orientation sexuelle\u00bb.<\/p>\n<p class=\"fig-paragraph\">Les secours n\u2019ont pas r\u00e9ussi \u00e0 la r\u00e9animer. Une adolescente de 17 ans s&rsquo;est suicid\u00e9e en se jetant depuis le toit du<a href=\"http:\/\/www.lefigaro.fr\/politique\/emmanuel-macron-a-choisi-les-dates-des-pantheonisations-de-robert-badinter-et-marc-bloch-20250408\" target=\"_blank\" data-fig-type=\"NewsFlash\" rel=\"noopener\" data-gtm-custom-categorie=\"navigation\" data-gtm-custom-action=\"crossclick\" data-gtm-custom-label=\"Contextuel\" data-gtm-event=\"customEventSPE\" data-fig-domain=\"LEFIGARO\">\u00a0Panth\u00e9on<\/a>, situ\u00e9 dans le 5e arrondissement de Paris, dimanche 11 mai 2025 en fin de journ\u00e9e, a-t-on appris de source polici\u00e8re. Malgr\u00e9 les soins prodigu\u00e9s par les secours, la jeune fille est d\u00e9c\u00e9d\u00e9e un peu avant 19 heures.<\/p>\n<p class=\"fig-paragraph\">Plus t\u00f4t dans l&rsquo;apr\u00e8s-midi, sa m\u00e8re s&rsquo;\u00e9tait rendue au commissariat du 19e arrondissement pour signaler la disparition inqui\u00e9tante de sa fille apr\u00e8s avoir d\u00e9couvert \u00e0 son domicile une lettre comportant des<a href=\"http:\/\/www.lefigaro.fr\/conjoncture\/covid-augmentation-sensible-des-pensees-et-tentatives-de-suicides-chez-les-jeunes-travailleurs-selon-une-etude-20241210\" target=\"_blank\" data-fig-type=\"NewsFlash\" rel=\"noopener\" data-gtm-custom-categorie=\"navigation\" data-gtm-custom-action=\"crossclick\" data-gtm-custom-label=\"Contextuel\" data-gtm-event=\"customEventSPE\" data-fig-domain=\"LEFIGARO\">\u00a0propos suicidaires<\/a>.<\/p>\n<p class=\"fig-paragraph\">Selon les premiers \u00e9l\u00e9ments de l&rsquo;enqu\u00eate, l&rsquo;adolescente \u00abaurait subi une pression familiale eu \u00e9gard \u00e0 son orientation sexuelle\u00bb.<\/p>\n","protected":false},"excerpt":{"rendered":"Par Le Figaro avec AFP Il y a 1 heure \u00a0\u00bb data-script=\u00a0\u00bbhttps:\/\/static.lefigaro.fr\/widget-video\/short-ttl\/video\/index.js\u00a0\u00bb &gt; Selon les premiers \u00e9l\u00e9ments de&hellip;\n","protected":false},"author":2,"featured_media":94207,"comment_status":"","ping_status":"","sticky":false,"template":"","format":"standard","meta":{"footnotes":""},"categories":[2],"tags":[119,11,5215,3694,271,2951,3695,3696,118,1011,27,2825,1253,303,12,9711,1072,2694,5748,2949],"class_list":{"0":"post-94206","1":"post","2":"type-post","3":"status-publish","4":"format-standard","5":"has-post-thumbnail","7":"category-actualites","8":"tag-accident","9":"tag-actualites","10":"tag-adolescence","11":"tag-affaires","12":"tag-crime","13":"tag-criminalite","14":"tag-enquetes","15":"tag-evenements","16":"tag-faits-divers","17":"tag-fr","18":"tag-france","19":"tag-insecurite","20":"tag-islamisme","21":"tag-justice","22":"tag-news","23":"tag-pantheon","24":"tag-police","25":"tag-proces","26":"tag-suicide","27":"tag-violences"},"share_on_mastodon":{"url":"https:\/\/pubeurope.com\/@fr\/114494861720890901","error":""},"_links":{"self":[{"href":"https:\/\/www.europesays.com\/fr\/wp-json\/wp\/v2\/posts\/94206","targetHints":{"allow":["GET"]}}],"collection":[{"href":"https:\/\/www.europesays.com\/fr\/wp-json\/wp\/v2\/posts"}],"about":[{"href":"https:\/\/www.europesays.com\/fr\/wp-json\/wp\/v2\/types\/post"}],"author":[{"embeddable":true,"href":"https:\/\/www.europesays.com\/fr\/wp-json\/wp\/v2\/users\/2"}],"replies":[{"embeddable":true,"href":"https:\/\/www.europesays.com\/fr\/wp-json\/wp\/v2\/comments?post=94206"}],"version-history":[{"count":0,"href":"https:\/\/www.europesays.com\/fr\/wp-json\/wp\/v2\/posts\/94206\/revisions"}],"wp:featuredmedia":[{"embeddable":true,"href":"https:\/\/www.europesays.com\/fr\/wp-json\/wp\/v2\/media\/94207"}],"wp:attachment":[{"href":"https:\/\/www.europesays.com\/fr\/wp-json\/wp\/v2\/media?parent=94206"}],"wp:term":[{"taxonomy":"category","embeddable":true,"href":"https:\/\/www.europesays.com\/fr\/wp-json\/wp\/v2\/categories?post=94206"},{"taxonomy":"post_tag","embeddable":true,"href":"https:\/\/www.europesays.com\/fr\/wp-json\/wp\/v2\/tags?post=94206"}],"curies":[{"name":"wp","href":"https:\/\/api.w.org\/{rel}","templated":true}]}}