{"id":94208,"date":"2025-05-12T12:28:10","date_gmt":"2025-05-12T12:28:10","guid":{"rendered":"https:\/\/www.europesays.com\/fr\/94208\/"},"modified":"2025-05-12T12:28:10","modified_gmt":"2025-05-12T12:28:10","slug":"saint-chamond-axel-dugua-parmi-les-100-elus-locaux-a-suivre-en-2025-selon-un-palmares","status":"publish","type":"post","link":"https:\/\/www.europesays.com\/fr\/94208\/","title":{"rendered":"Saint-Chamond. Axel Dugua parmi les 100 \u00e9lus locaux \u00e0 suivre en 2025, selon un palmar\u00e8s"},"content":{"rendered":"<p>Le maire de Saint-Chamond figure parmi les 100 \u00e9lus locaux \u00e0 suivre en 2025 selon un palmar\u00e8s d\u00e9voil\u00e9 par l\u2019Institut Quorum et le Cercle des \u00c9lus Locaux. Cette distinction \u00ab\u00a0r\u00e9compense l\u2019engagement quotidien et la d\u00e9termination des \u00e9lus locaux dans la transformation de leur territoire\u00a0\u00bb.<\/p>\n<p>\u00ab\u00a0Cette reconnaissance me touche particuli\u00e8rement car elle refl\u00e8te non seulement un parcours personnel mais aussi le travail collectif d\u2019une \u00e9quipe municipale engag\u00e9e au service de Saint-Chamond\u00a0\u00bb, a indiqu\u00e9 le maire dans un communiqu\u00e9.<\/p>\n<p>  \u00ab\u00a0La r\u00e9ouverture de Notre-Dame en lieu culturel est une r\u00e9alisation particuli\u00e8rement importante\u00a0\u00bb<\/p>\n<p>Interrog\u00e9, comme tous les laur\u00e9ats, sur l\u2019action locale qui a le plus chang\u00e9 le quotidien des habitants, <a href=\"https:\/\/www.leprogres.fr\/p\/axel-dugua\" target=\"_blank\" rel=\"nofollow noopener\">Axel Dugua<\/a> a r\u00e9pondu que \u00ab <a href=\"https:\/\/www.leprogres.fr\/politique\/2024\/12\/18\/pourquoi-l-operation-horizon-2035-a-electrise-les-debats\" target=\"_blank\" rel=\"nofollow noopener\">l\u2019op\u00e9ration Saint-Chamond Horizon 2035<\/a> a v\u00e9ritablement engag\u00e9 un changement significatif dans la participation de nos administr\u00e9s \u00e0 la vie locale\u00a0\u00bb.<\/p>\n<p>Il estime aussi que \u00ab\u00a0la r\u00e9ouverture de Notre-Dame en lieu culturel est une r\u00e9alisation particuli\u00e8rement importante\u00a0\u00bb.<\/p>\n<p>L\u2019\u00e9tude montre aussi qu\u2019\u00e0 30 ans, Axel Dugua est aujourd\u2019hui le plus jeune maire de France d\u2019une ville de plus de 30\u00a0000 habitants.<\/p>\n","protected":false},"excerpt":{"rendered":"Le maire de Saint-Chamond figure parmi les 100 \u00e9lus locaux \u00e0 suivre en 2025 selon un palmar\u00e8s d\u00e9voil\u00e9&hellip;\n","protected":false},"author":2,"featured_media":94209,"comment_status":"","ping_status":"","sticky":false,"template":"","format":"standard","meta":{"footnotes":""},"categories":[9653],"tags":[1111,11,2430,7539,4188,1777,674,1011,27,6319,12,316,25,9669,9670,4001],"class_list":{"0":"post-94208","1":"post","2":"type-post","3":"status-publish","4":"format-standard","5":"has-post-thumbnail","7":"category-saint-etienne","8":"tag-actu","9":"tag-actualites","10":"tag-auvergne-rhone-alpes","11":"tag-edition-loire-sud","12":"tag-elections-municipales","13":"tag-eu","14":"tag-europe","15":"tag-fr","16":"tag-france","17":"tag-les-republicains","18":"tag-news","19":"tag-politique","20":"tag-republique-francaise","21":"tag-saint-chamond","22":"tag-saint-chamond-ville","23":"tag-saint-etienne"},"share_on_mastodon":{"url":"https:\/\/pubeurope.com\/@fr\/114494865754025602","error":""},"_links":{"self":[{"href":"https:\/\/www.europesays.com\/fr\/wp-json\/wp\/v2\/posts\/94208","targetHints":{"allow":["GET"]}}],"collection":[{"href":"https:\/\/www.europesays.com\/fr\/wp-json\/wp\/v2\/posts"}],"about":[{"href":"https:\/\/www.europesays.com\/fr\/wp-json\/wp\/v2\/types\/post"}],"author":[{"embeddable":true,"href":"https:\/\/www.europesays.com\/fr\/wp-json\/wp\/v2\/users\/2"}],"replies":[{"embeddable":true,"href":"https:\/\/www.europesays.com\/fr\/wp-json\/wp\/v2\/comments?post=94208"}],"version-history":[{"count":0,"href":"https:\/\/www.europesays.com\/fr\/wp-json\/wp\/v2\/posts\/94208\/revisions"}],"wp:featuredmedia":[{"embeddable":true,"href":"https:\/\/www.europesays.com\/fr\/wp-json\/wp\/v2\/media\/94209"}],"wp:attachment":[{"href":"https:\/\/www.europesays.com\/fr\/wp-json\/wp\/v2\/media?parent=94208"}],"wp:term":[{"taxonomy":"category","embeddable":true,"href":"https:\/\/www.europesays.com\/fr\/wp-json\/wp\/v2\/categories?post=94208"},{"taxonomy":"post_tag","embeddable":true,"href":"https:\/\/www.europesays.com\/fr\/wp-json\/wp\/v2\/tags?post=94208"}],"curies":[{"name":"wp","href":"https:\/\/api.w.org\/{rel}","templated":true}]}}