{"id":94211,"date":"2025-05-12T12:30:08","date_gmt":"2025-05-12T12:30:08","guid":{"rendered":"https:\/\/www.europesays.com\/fr\/94211\/"},"modified":"2025-05-12T12:30:08","modified_gmt":"2025-05-12T12:30:08","slug":"emmanuel-macron-a-t-il-vraiment-ete-hue-a-nancy-comme-laffirme-cette-video-virale-sur-facebook","status":"publish","type":"post","link":"https:\/\/www.europesays.com\/fr\/94211\/","title":{"rendered":"Emmanuel Macron a-t-il vraiment \u00e9t\u00e9 hu\u00e9 \u00e0 Nancy comme l&rsquo;affirme cette vid\u00e9o virale sur Facebook\u00a0?"},"content":{"rendered":"<p>            Par<br \/>\n        <strong><br \/>\n            <a href=\"https:\/\/actu.fr\/auteur\/amandine-mehl\" title=\"Consulter tous les articles de Amandine Mehl\" rel=\"nofollow noopener\" target=\"_blank\">Amandine Mehl<\/a><br \/>\n        <\/strong><\/p>\n<p>        Publi\u00e9 le<\/p>\n<p>            12 mai 2025 \u00e0 13h46        <\/p>\n<p>Vendredi 9\u00a0mai 2025, le pr\u00e9sident de la R\u00e9publique, <a href=\"https:\/\/actu.fr\/grand-est\/nancy_54395\/emmanuel-macron-a-nancy-on-vous-fait-vivre-cette-visite-presidentielle_62613233.html\" rel=\"nofollow noopener\" target=\"_blank\">Emmanuel Macron<\/a>, s\u2019est rendu \u00e0 <strong>Nancy<\/strong> avec le <strong>premier ministre polonais<\/strong> <a href=\"https:\/\/actu.fr\/grand-est\/nancy_54395\/pourquoi-donald-tusk-premier-ministre-de-la-pologne-est-il-attendu-a-nancy-vendredi_62608840.html\" rel=\"nofollow noopener\" target=\"_blank\">Donald Tusk<\/a>, \u00e0 l\u2019occasion de la signature d\u2019un <a href=\"https:\/\/actu.fr\/grand-est\/nancy_54395\/emmanuel-macron-a-signe-le-traite-de-nancy-ce-vendredi-voici-ce-qui-a-ete-dit_62616343.html\" rel=\"nofollow noopener\" target=\"_blank\">trait\u00e9<\/a> entre la France et la Pologne.<\/p>\n<p class=\" wall-content\">Deux jours plus tard, l\u2019homme qui d\u00e9tient la page <a href=\"https:\/\/actu.fr\/tag\/facebook\" rel=\"nofollow noopener\" target=\"_blank\">Facebook<\/a> <strong>Stephen Decode<\/strong> a publi\u00e9 une vid\u00e9o, visionn\u00e9e <strong>plus de 70\u2009000\u00a0fois<\/strong>, o\u00f9 il <strong>assure que le pr\u00e9sident a \u00e9t\u00e9 insult\u00e9 et hu\u00e9<\/strong> <a href=\"https:\/\/actu.fr\/tag\/place-stanislas\" rel=\"nofollow noopener\" target=\"_blank\">place Stanislas<\/a>. \u00ab\u2009Je t\u2019ai d\u00e9nich\u00e9 ce moment, regarde bien, \u00e9coute et surtout partage en masse, car <strong>\u00e9trangement BFMERDE TV et consorts ont oubli\u00e9 d\u2019en parler<\/strong>\u2009\u00bb, a-t-il lanc\u00e9 \u00e0 ses 88\u2009000 abonn\u00e9s. Mais qu\u2019en est-il r\u00e9ellement\u2009?<\/p>\n<p>Emmanuel Macron a re\u00e7u des cadeaux place Stanislas<\/p>\n<p class=\" wall-content\">Premi\u00e8rement, comme en t\u00e9moignent diff\u00e9rentes vid\u00e9os prises par Lorraine Actu, le pr\u00e9sident <strong>n\u2019a pas \u00e9t\u00e9 hu\u00e9 ni insult\u00e9<\/strong>. Il a<strong> salu\u00e9 la foule<\/strong>, <strong>\u00e9chang\u00e9 quelques mots<\/strong> avec des habitants et <strong>a m\u00eame re\u00e7u des cadeaux<\/strong>.<\/p>\n<blockquote class=\"tiktok-embed\" cite=\"https:\/\/www.tiktok.com\/@lorraine.actu\/video\/7502482807806102806\" data-video-id=\"7502482807806102806\" data-embed-from=\"oembed\" style=\"max-width:605px; min-width:325px;\"><p>\n<a target=\"_blank\" title=\"@lorraine.actu\" href=\"https:\/\/www.tiktok.com\/@lorraine.actu?refer=embed\" rel=\"nofollow noopener\">@lorraine.actu<\/a> <\/p>\n<p>Le pr\u00e9sident de la R\u00e9publique, Emmanuel Macron, \u00e9tait \u00e0 Nancy ce vendredi avec Donald Tusk, premier ministre polonais, pour la signature du trait\u00e9 de Nancy. <a title=\"pourtoi\" target=\"_blank\" href=\"https:\/\/www.tiktok.com\/tag\/pourtoi?refer=embed\" rel=\"nofollow noopener\">#pourtoi<\/a> <a title=\"fyp\" target=\"_blank\" href=\"https:\/\/www.tiktok.com\/tag\/fyp?refer=embed\" rel=\"nofollow noopener\">#fyp<\/a> <a title=\"emmanuelmacron\" target=\"_blank\" href=\"https:\/\/www.tiktok.com\/tag\/emmanuelmacron?refer=embed\" rel=\"nofollow noopener\">#emmanuelmacron<\/a> <\/p>\n<p> <a target=\"_blank\" title=\"\u266c son original - Lorraine Actu\" href=\"https:\/\/www.tiktok.com\/music\/son-original-7502482829454576406?refer=embed\" rel=\"nofollow noopener\">\u266c son original \u2013 Lorraine Actu<\/a> <\/p>\n<\/blockquote>\n<p class=\" wall-content\">Concernant les personnes interrog\u00e9es et que l\u2019on peut entendre, ce passage est <strong>un extrait d\u2019une vid\u00e9o publi\u00e9e sur TikTok<\/strong> par un homme qui s\u2019est pr\u00e9sent\u00e9 \u00e0 des policiers \u00e0 l\u2019entr\u00e9e de la place Stanislas en expliquant qu\u2019il \u00e9tait <strong>envoy\u00e9 ici par ses abonn\u00e9s afin de poser des questions au pr\u00e9sident<\/strong> et lui \u00ab\u2009faire passer des messages\u2009\u00bb. N\u2019ayant pas d\u2019accr\u00e9ditation pour entrer dans l\u2019espace r\u00e9serv\u00e9 \u00e0 la presse, l\u2019acc\u00e8s lui a \u00e9t\u00e9 refus\u00e9.<\/p>\n<p>Vid\u00e9os : en ce moment sur ActuLa vid\u00e9o d\u2019Emmanuel Macron se faisant huer \u00e0 Nancy est truqu\u00e9e<\/p>\n<p class=\" wall-content\">S\u2019agissant maintenant du passage o\u00f9 Emmanuel Macron s\u2019exprime et se fait copieusement huer\u2026 <strong>il s\u2019agit en r\u00e9alit\u00e9 d\u2019un truquage<\/strong>. Pour le constater, il suffit de visionner les vid\u00e9os publi\u00e9es par diff\u00e9rents m\u00e9dias.<\/p>\n<p>    <a href=\"https:\/\/www.facebook.com\/plugins\/video.php?height=476&amp;href=https%3A%2F%2Fwww.facebook.com%2Flivemotard06%2Fvideos%2F704184558964795%2F&amp;show_text=false&amp;width=350&amp;t=0\" title=\"Ouvrie le lien\" rel=\"nofollow noopener\" target=\"_blank\">Cliquez ici pour visualiser le contenu<\/a><\/p>\n<p class=\" wall-content\">Les propos tenus par le pr\u00e9sident sont les m\u00eames, mais des <strong>sifflets ont \u00e9t\u00e9 rajout\u00e9s<\/strong>.<\/p>\n<p class=\" wall-content\">Suivez toute l\u2019actualit\u00e9 de vos villes et m\u00e9dias favoris en vous inscrivant \u00e0 <a href=\"https:\/\/moncompte.actu.fr\" title=\"D\u00e9couvez Mon Actu\" rel=\"nofollow noopener\" data-trk=\"{&quot;cta&quot;:{&quot;action&quot;:&quot;https:\\\/\\\/moncompte.actu.fr&quot;,&quot;category&quot;:&quot;mon compte&quot;,&quot;from&quot;:&quot;article footer&quot;,&quot;name&quot;:&quot;Mon actu&quot;,&quot;type&quot;:&quot;cta&quot;}}\" target=\"_blank\">Mon Actu<\/a>.<\/p>\n<p>                    <script async src=\"\/\/www.tiktok.com\/embed.js\"><\/script><\/p>\n","protected":false},"excerpt":{"rendered":"Par Amandine Mehl Publi\u00e9 le 12 mai 2025 \u00e0 13h46 Vendredi 9\u00a0mai 2025, le pr\u00e9sident de la R\u00e9publique,&hellip;\n","protected":false},"author":2,"featured_media":94212,"comment_status":"","ping_status":"","sticky":false,"template":"","format":"standard","meta":{"footnotes":""},"categories":[9635],"tags":[1111,11,1073,1777,674,4688,1011,27,775,1702,12,9647,25,104],"class_list":{"0":"post-94211","1":"post","2":"type-post","3":"status-publish","4":"format-standard","5":"has-post-thumbnail","7":"category-nancy","8":"tag-actu","9":"tag-actualites","10":"tag-emmanuel-macron","11":"tag-eu","12":"tag-europe","13":"tag-facebook","14":"tag-fr","15":"tag-france","16":"tag-grand-est","17":"tag-nancy","18":"tag-news","19":"tag-place-stanislas","20":"tag-republique-francaise","21":"tag-societe"},"share_on_mastodon":{"url":"https:\/\/pubeurope.com\/@fr\/114494873751074811","error":""},"_links":{"self":[{"href":"https:\/\/www.europesays.com\/fr\/wp-json\/wp\/v2\/posts\/94211","targetHints":{"allow":["GET"]}}],"collection":[{"href":"https:\/\/www.europesays.com\/fr\/wp-json\/wp\/v2\/posts"}],"about":[{"href":"https:\/\/www.europesays.com\/fr\/wp-json\/wp\/v2\/types\/post"}],"author":[{"embeddable":true,"href":"https:\/\/www.europesays.com\/fr\/wp-json\/wp\/v2\/users\/2"}],"replies":[{"embeddable":true,"href":"https:\/\/www.europesays.com\/fr\/wp-json\/wp\/v2\/comments?post=94211"}],"version-history":[{"count":0,"href":"https:\/\/www.europesays.com\/fr\/wp-json\/wp\/v2\/posts\/94211\/revisions"}],"wp:featuredmedia":[{"embeddable":true,"href":"https:\/\/www.europesays.com\/fr\/wp-json\/wp\/v2\/media\/94212"}],"wp:attachment":[{"href":"https:\/\/www.europesays.com\/fr\/wp-json\/wp\/v2\/media?parent=94211"}],"wp:term":[{"taxonomy":"category","embeddable":true,"href":"https:\/\/www.europesays.com\/fr\/wp-json\/wp\/v2\/categories?post=94211"},{"taxonomy":"post_tag","embeddable":true,"href":"https:\/\/www.europesays.com\/fr\/wp-json\/wp\/v2\/tags?post=94211"}],"curies":[{"name":"wp","href":"https:\/\/api.w.org\/{rel}","templated":true}]}}