{"id":942180,"date":"2026-05-19T02:12:15","date_gmt":"2026-05-19T02:12:15","guid":{"rendered":"https:\/\/www.europesays.com\/fr\/942180\/"},"modified":"2026-05-19T02:12:15","modified_gmt":"2026-05-19T02:12:15","slug":"alexandre-et-perrine-maries-au-premier-regard-se-sont-ils-separes-au-bilan-on-a-la-reponse-dans-le-prochain-episode-deja-visible","status":"publish","type":"post","link":"https:\/\/www.europesays.com\/fr\/942180\/","title":{"rendered":"Alexandre et Perrine (Mari\u00e9s au premier regard) se sont-ils s\u00e9par\u00e9s au bilan ? On a la r\u00e9ponse dans le prochain \u00e9pisode d\u00e9j\u00e0 visible !"},"content":{"rendered":"<p>L&rsquo;heure du bilan a sonn\u00e9 pour Alexandre et Perrine. Dans le prochain \u00e9pisode de <a href=\"https:\/\/www.programme-tv.net\/news\/tele-realite\/397528-maries-au-premier-regard-2026-date-de-diffusion-candidats-nouveautes-les-premieres-infos-sur-la-saison-10\/\" data-api-deeplink=\"teleloisirs:\/\/news\/397528\" rel=\"nofollow noopener\" target=\"_blank\">la saison 10 de Mari\u00e9s au premier regard<\/a> qui sera diffus\u00e9 le lundi 25 mai et qui est disponible en avant-premi\u00e8re sur M6+, le couple a retrouv\u00e9 les expertes <a href=\"https:\/\/www.programme-tv.net\/biographie\/2380791-dossin-estelle\/\" data-link-people=\"5cf96b53-d73e-418a-ae47-458165086dd3\" rel=\"nofollow noopener\" target=\"_blank\">Estelle Dossin<\/a> et Marie Tapernoux un mois et demi apr\u00e8s son mariage afin de rendre son verdict. <b>Attention, la suite de cet article contient des spoilers\u00a0!<\/b><\/p>\n<p>Apr\u00e8s <a href=\"https:\/\/www.programme-tv.net\/news\/tele-realite\/401802-il-est-urgent-que-jintervienne-marie-tapernoux-vient-en-aide-a-perrine-et-alexandre-maries-au-premier-regard-dans-le-prochain-episode-deja-visible\/\" data-api-deeplink=\"teleloisirs:\/\/news\/401802\" rel=\"nofollow noopener\" target=\"_blank\">des hauts et des bas<\/a>, Alexandre et Perrine ont-ils d\u00e9cid\u00e9 de rester mari\u00e9s ou de divorcer ? La coiffeuse de 43 ans est arriv\u00e9e \u00ab\u00a0anxieuse\u00a0\u00bb \u00e0 ce rendez-vous apr\u00e8s une semaine sans voir son mari. Celui-ci a fait une belle d\u00e9claration \u00e0 sa femme avant d&rsquo;annoncer son souhait de garder sa bague. \u00ab\u00a0J&rsquo;ai de tr\u00e8s forts sentiments pour toi. Je suis amoureux de toi\u00a0\u00bb, a-t-il d\u00e9clar\u00e9.<\/p>\n<p>\u00ab\u00a0C&rsquo;est une d\u00e9cision tr\u00e8s importante \u00e0 prendre\u00a0\u00bb, a h\u00e9sit\u00e9 Perrine de son c\u00f4t\u00e9. Mais finalement, elle a accept\u00e9 de donner une chance \u00e0 son mariage avec Alexandre avec qui elle est compatible \u00e0 79 % selon les expertes. \u00ab\u00a0J&rsquo;ai envie d&rsquo;y croire, de lui faire confiance\u00a0\u00bb, a-t-elle confi\u00e9.<\/p>\n<p>Perrine (Mari\u00e9s au premier regard) fait une grande proposition \u00e0 Alexandre pendant leur bilan<\/p>\n<p>Apr\u00e8s avoir annonc\u00e9 sa d\u00e9cision, Perrine a fait une proposition symbolique \u00e0 Alexandre. Elle lui a demand\u00e9 de l&rsquo;accompagner dans quelques semaines \u00e0 Saint-Martin, son \u00ab\u00a0\u00eele de c\u0153ur\u00a0\u00bb. Ce qu&rsquo;il a accept\u00e9. \u00ab\u00a0C&rsquo;est la fin de notre exp\u00e9rience, mais le d\u00e9but de notre histoire\u00a0\u00bb, s&rsquo;est r\u00e9jouie la maman de deux adolescentes.<\/p>\n<p>Malheureusement, la r\u00e9alit\u00e9 a \u00e9t\u00e9 bien diff\u00e9rente. Une nouvelle crise a \u00e9clat\u00e9 au sein du couple quelques jours apr\u00e8s le bilan. Alexandre a eu \u00ab\u00a0des comportements\u00a0\u00bb et \u00ab\u00a0des r\u00e9actions\u00a0\u00bb qui ont d\u00e9rang\u00e9 Perrine et elle a pr\u00e9f\u00e9r\u00e9 \u00ab\u00a0prendre du recul\u00a0\u00bb. \u00ab\u00a0Je lui ai demand\u00e9 de me laisser du temps\u00a0\u00bb, a-t-elle expliqu\u00e9.<\/p>\n<p>Si la candidate de Mari\u00e9s au premier regard avait toujours envie de partir \u00e0 Saint-Martin avec son mari, il lui a partag\u00e9 ses doutes \u00e0 propos de ce s\u00e9jour. \u00ab\u00a0Il m&rsquo;a dit qu&rsquo;il n&rsquo;\u00e9tait plus du tout s\u00fbr\u00a0\u00bb, s&rsquo;est-elle inqui\u00e9t\u00e9e. On apprend dans le teaser du prochain \u00e9pisode qu&rsquo;Alexandre a fini par renoncer \u00e0 ce voyage et que Perrine va faire appel \u00e0 Estelle Dossin pour sauver son couple. Affaire \u00e0 suivre&#8230;<\/p>\n<p>Mari\u00e9s au premier regard : quels couples ont d\u00e9cid\u00e9 de rester mari\u00e9s \u00e0 l&rsquo;issue de la saison 10 ?<\/p>\n<p>Pour Laury et Antonin, l&rsquo;exp\u00e9rience Mari\u00e9s au premier regard s&rsquo;est transform\u00e9e en v\u00e9ritable conte de f\u00e9es. Les candidats avec le taux record de 90 % de compatibilit\u00e9 ont d\u00e9cid\u00e9 de rester mari\u00e9s. Ils ont m\u00eame annonc\u00e9 une grande nouvelle aux expertes : <a href=\"https:\/\/www.programme-tv.net\/news\/tele-realite\/402174-laury-et-antonin-maries-au-premier-regard-font-une-grande-annonce-au-bilan-dans-le-prochain-episode-a-voir-des-maintenant-il-faut-quon-vous-dise-un-truc\/\" data-api-deeplink=\"teleloisirs:\/\/news\/402174\" rel=\"nofollow noopener\" target=\"_blank\">ils emm\u00e9nagent ensemble dans le sud de la France<\/a>.<\/p>\n<p><a href=\"https:\/\/www.programme-tv.net\/news\/tele-realite\/401775-divorce-ou-derniere-chance-le-vrai-bilan-du-mariage-entre-julie-et-mathieu-maries-au-premier-regard-a-voir-dans-le-prochain-episode-des-maintenant\/\" data-api-deeplink=\"teleloisirs:\/\/news\/401775\" rel=\"nofollow noopener\" target=\"_blank\">L&rsquo;histoire d&rsquo;amour de Julie et Mathieu s&rsquo;est sold\u00e9e par un divorce<\/a>. \u00ab\u00a0Je sais que je ne vais pas pouvoir faire ma vie avec elle\u00a0\u00bb, a expliqu\u00e9 Mathieu avant de poser son alliance dans la coupelle. Une rupture qui a \u00e9t\u00e9 particuli\u00e8rement douloureuse pour Julie. \u00ab\u00a0Pourquoi encore une fois on ne se bat pas pour moi\u00a0?\u00a0\u00bb, a-t-elle pleur\u00e9 avant d&rsquo;avouer qu&rsquo;elle aurait aim\u00e9 donner une ultime chance \u00e0 son mariage.<\/p>\n","protected":false},"excerpt":{"rendered":"L&rsquo;heure du bilan a sonn\u00e9 pour Alexandre et Perrine. Dans le prochain \u00e9pisode de la saison 10 de&hellip;\n","protected":false},"author":2,"featured_media":942181,"comment_status":"","ping_status":"","sticky":false,"template":"","format":"standard","meta":{"footnotes":"","_share_on_mastodon":"0"},"categories":[1356],"tags":[5635,88162,244,58,59,1011,27,494,5214,88163,252,1364],"class_list":["post-942180","post","type-post","status-publish","format-standard","has-post-thumbnail","category-television","tag-6play","tag-alexandre-mariu00e9s-au-premier-regard-10","tag-commentaire","tag-divertissement","tag-entertainment","tag-fr","tag-france","tag-m6","tag-mariu00e9s-au-premier-regard","tag-perrine-mariu00e9s-au-premier-regard-10","tag-television","tag-tv"],"share_on_mastodon":{"url":"https:\/\/pubeurope.com\/@fr\/116598823193781967","error":""},"_links":{"self":[{"href":"https:\/\/www.europesays.com\/fr\/wp-json\/wp\/v2\/posts\/942180","targetHints":{"allow":["GET"]}}],"collection":[{"href":"https:\/\/www.europesays.com\/fr\/wp-json\/wp\/v2\/posts"}],"about":[{"href":"https:\/\/www.europesays.com\/fr\/wp-json\/wp\/v2\/types\/post"}],"author":[{"embeddable":true,"href":"https:\/\/www.europesays.com\/fr\/wp-json\/wp\/v2\/users\/2"}],"replies":[{"embeddable":true,"href":"https:\/\/www.europesays.com\/fr\/wp-json\/wp\/v2\/comments?post=942180"}],"version-history":[{"count":0,"href":"https:\/\/www.europesays.com\/fr\/wp-json\/wp\/v2\/posts\/942180\/revisions"}],"wp:featuredmedia":[{"embeddable":true,"href":"https:\/\/www.europesays.com\/fr\/wp-json\/wp\/v2\/media\/942181"}],"wp:attachment":[{"href":"https:\/\/www.europesays.com\/fr\/wp-json\/wp\/v2\/media?parent=942180"}],"wp:term":[{"taxonomy":"category","embeddable":true,"href":"https:\/\/www.europesays.com\/fr\/wp-json\/wp\/v2\/categories?post=942180"},{"taxonomy":"post_tag","embeddable":true,"href":"https:\/\/www.europesays.com\/fr\/wp-json\/wp\/v2\/tags?post=942180"}],"curies":[{"name":"wp","href":"https:\/\/api.w.org\/{rel}","templated":true}]}}