{"id":942190,"date":"2026-05-19T02:17:13","date_gmt":"2026-05-19T02:17:13","guid":{"rendered":"https:\/\/www.europesays.com\/fr\/942190\/"},"modified":"2026-05-19T02:17:13","modified_gmt":"2026-05-19T02:17:13","slug":"gilles-william-goldnadel-a-gauche-le-nouvel-abandon-de-samuel-paty","status":"publish","type":"post","link":"https:\/\/www.europesays.com\/fr\/942190\/","title":{"rendered":"Gilles-William Goldnadel : \u00ab\u00c0 gauche, le nouvel abandon de Samuel Paty\u00bb"},"content":{"rendered":"<p>\n    <strong>FIGAROVOX\/CHRONIQUE &#8211; <\/strong>Pour l\u2019avocat et essayiste, les critiques virulentes \u00e0 l\u2019encontre du film l\u2019Abandon, qui raconte les derniers jours de Samuel Paty, prouvent qu\u2019une certaine partie de la gauche refuse toujours de combattre l\u2019islamisme.<\/p>\n<p class=\"fig-paragraph\">Gilles-William Goldnadel est avocat et essayiste. Chaque semaine, il d\u00e9crypte l\u2019actualit\u00e9 pour FigaroVox. Il a publi\u00e9 r\u00e9cemment Vol au-dessus d\u2019un nid de cocus (Fayard, 2025). Il est \u00e9galement pr\u00e9sident d\u2019Avocats sans fronti\u00e8res.\u00a0<\/p>\n<p class=\"fig-paragraph\">L\u2019islamo-gauchisme ne d\u00e9\u00e7oit jamais. Le voil\u00e0 qui s\u2019en prend \u00e0\u00a0<a href=\"http:\/\/www.lefigaro.fr\/culture\/film-pour-l-extreme-droite-les-musulmans-se-font-taper-dessus-a-cannes-plusieurs-streamers-fustigent-l-abandon-sur-samuel-paty-20260517\" data-fig-type=\"NewsFlash\" data-gtm-custom-categorie=\"navigation\" data-gtm-custom-action=\"crossclick\" data-gtm-custom-label=\"Contextuel\" data-gtm-event=\"customEventSPE\" data-fig-domain=\"LEFIGARO\" rel=\"nofollow noopener\" target=\"_blank\">L\u2019Abandon<\/a>, film consacr\u00e9 \u00e0 Samuel Paty et coupable d\u2019exister. \u00c9gorg\u00e9 au cri d\u2019Allah Akbar, le 16 octobre 2020 \u00e0 Conflans-Sainte-Honorine pour avoir montr\u00e9 des caricatures de Mahomet dans un cours sur la libert\u00e9 d\u2019expression, le professeur d\u2019histoire-g\u00e9ographie aurait d\u00fb incarner le martyr national. Il est devenu, six ans plus tard, l\u2019objet d\u2019un second abandon.<\/p>\n<p>                                            <a class=\"fig-a11y-skip\" href=\"#fig-a11y-skip-main-inarticle\" is=\"fig-a11y-skip\" data-trigger-mode=\"visible-once\"><br \/>\n    Passer la publicit\u00e9<br \/>\n<\/a>            <\/p>\n<p class=\"fig-paragraph\">Le premier abandon, on s\u2019en souvient\u00a0: avant m\u00eame sa mort,\u00a0<a href=\"https:\/\/video.lefigaro.fr\/figaro\/culture\/l-assassinat-de-samuel-paty-s-inscrit-dans-un-contexte-de-tension-marques-par-les-attentats-de-2015-explique-emilie-freche-20260513\" data-fig-type=\"Video\" data-gtm-custom-categorie=\"navigation\" data-gtm-custom-action=\"crossclick\" data-gtm-custom-label=\"Contextuel\" data-gtm-event=\"customEventSPE\" data-fig-domain=\"LEFIGARO\" rel=\"nofollow noopener\" target=\"_blank\">Samuel Paty<\/a>\u00a0avait \u00e9t\u00e9 livr\u00e9 \u00e0 l\u2019ennemi. Livr\u00e9 par l\u2019abaissement de sa hi\u00e9rarchie, par le silence voire l\u2019hostilit\u00e9 de certains coll\u00e8gues, par la campagne men\u00e9e contre lui sur les r\u00e9seaux sociaux apr\u00e8s la plainte mensong\u00e8re d\u2019un parent d\u2019\u00e9l\u00e8ve relay\u00e9 par un militant islamiste. Le 16 octobre 2020, l\u2019islamisme a tu\u00e9. Mais il n\u2019a pas agi seul\u00a0: il a profit\u00e9 d\u2019un climat complice o\u00f9 dire la v\u00e9rit\u00e9 sur l\u2019islamisme devenait plus critiquable que l\u2019islamisme lui-m\u00eame.<\/p>\n<p class=\"fig-paragraph\">Le second abandon vient de se d\u00e9rouler sous nos yeux. D\u00e8s l\u2019annonce du film, le HuffPost France a choisi son angle obtus pour ne pas dire mort\u00a0:\u00a0<a href=\"https:\/\/video.lefigaro.fr\/figaro\/culture\/un-streamer-suscite-la-polemique-en-critiquant-vertement-le-film-l-abandon-retracant-la-mort-de-samuel-paty-20260517\" data-fig-type=\"Video\" data-gtm-custom-categorie=\"navigation\" data-gtm-custom-action=\"crossclick\" data-gtm-custom-label=\"Contextuel\" data-gtm-event=\"customEventSPE\" data-fig-domain=\"LEFIGARO\" rel=\"nofollow noopener\" target=\"_blank\">le film, quoique exclusif de toute critique, est pr\u00e9sent\u00e9 comme un objet politique<\/a>, une r\u00e9cup\u00e9ration, un pr\u00e9texte. L\u2019assassinat passe au second plan, la pol\u00e9mique au premier. M\u00eame logique infernale \u00e0 Lib\u00e9ration. Les tribunes et \u00e9ditoriaux ne parlent pas de Samuel Paty, mais de ceux qui parlent de lui. On y lit entre les lignes l\u2019id\u00e9e qu\u2019un film sur un professeur assassin\u00e9 par un islamiste serait en soi une stigmatisation des musulmans. La grille de lecture islamo-gauchiste est pos\u00e9e\u00a0: d\u00e8s qu\u2019il s\u2019agit d\u2019<a href=\"http:\/\/www.lefigaro.fr\/vox\/societe\/thibault-de-montbrial-de-sefrioui-a-tariq-ramadan-un-meme-systeme-de-defense-fonde-sur-la-victimisation-de-l-islamisme-20260313\" data-fig-type=\"Article\" data-gtm-custom-categorie=\"navigation\" data-gtm-custom-action=\"crossclick\" data-gtm-custom-label=\"Contextuel\" data-gtm-event=\"customEventSPE\" data-fig-domain=\"LEFIGARO\" rel=\"nofollow noopener\" target=\"_blank\">islamisme<\/a>, il faut parler d\u2019islamophobie. Le mort assassin\u00e9 doit avoir cette utilit\u00e9.<\/p>\n<blockquote class=\"fig-quote&#10;    \">\n<p class=\"fig-quote__text\">Le premier abandon, il est l\u2019\u0153uvre de l\u2019\u00c9tat qui n\u2019a pas prot\u00e9g\u00e9 un professeur. Le second c\u2019est aujourd\u2019hui cette gauche radicale politique et m\u00e9diatique qui refuse de prot\u00e9ger la m\u00e9moire du professeur.<\/p>\n<p>            Gilles-William Goldnadel\n    <\/p><\/blockquote>\n<p class=\"fig-paragraph\">Le clou du spectacle \u00e9c\u0153urant a \u00e9t\u00e9 plant\u00e9 \u00e0 Cannes\u00a0: un influenceur clownesque interroge des invit\u00e9s en smoking noir sur tapis rouge\u00a0: le film est \u00abinf\u00e2me\u00bb, \u00abdangereux\u00bb, \u00abantimusulman\u00bb \u00abune instrumentalisation par le RN\u00bb. Ce qui \u00e9c\u0153ure, c\u2019est la violence du m\u00e9pris. Insulter un film sur un professeur d\u00e9capit\u00e9, c\u2019est insulter la m\u00e9moire du professeur. C\u2019est dire \u00e0 ses \u00e9l\u00e8ves, \u00e0 sa famille, \u00e0 ses coll\u00e8gues\u00a0:\u00a0<a href=\"https:\/\/tvmag.lefigaro.fr\/programme-tv\/actu-tele\/samuel-paty-au-coeur-d-un-proces-bouleversant-20260310\" data-fig-type=\"Article\" data-gtm-custom-categorie=\"navigation\" data-gtm-custom-action=\"crossclick\" data-gtm-custom-label=\"Contextuel\" data-gtm-event=\"customEventSPE\" data-fig-domain=\"TVMAG\" rel=\"nofollow noopener\" target=\"_blank\">Son histoire ne m\u00e9rite pas d\u2019\u00eatre racont\u00e9e<\/a>, sauf si elle sert notre r\u00e9cit. Cette gauche tr\u00e8s rouge en smoking noir r\u00e9sume \u00e0 elle seule le divorce entre une pr\u00e9tendue \u00e9lite culturelle et le pays r\u00e9el.<\/p>\n<p class=\"fig-paragraph\">Dans ce cadre, \u00e9videmment la France Insoumise a tenu la ligne rouge et verte. M\u00eame \u00e9l\u00e9ment de langage\u00a0: le film serait une \u00abinstrumentalisation\u00bb, une \u00abstigmatisation\u00bb, une man\u0153uvre de l\u2019extr\u00eame droite. Pas un mot sur l\u2019islamisme. Jamais une phrase pour dire que l\u2019assassinat d\u2019un enseignant pour un cours est inacceptable. \u00c0 la place, on inverse la charge.\u00a0<a href=\"http:\/\/www.lefigaro.fr\/vox\/societe\/alexandre-devecchio-partialite-irresponsabilite-laxisme-la-triple-faillite-de-la-justice-francaise-20260304\" data-fig-type=\"Article\" data-gtm-custom-categorie=\"navigation\" data-gtm-custom-action=\"crossclick\" data-gtm-custom-label=\"Contextuel\" data-gtm-event=\"customEventSPE\" data-fig-domain=\"LEFIGARO\" rel=\"nofollow noopener\" target=\"_blank\">La victime devient l\u2019accus\u00e9<\/a>, l\u2019assassin dispara\u00eet derri\u00e8re le contexte, le contexte dispara\u00eet derri\u00e8re l\u2019obsession de l\u2019islamophobie.<\/p>\n<p class=\"fig-paragraph\">Cela est parfaitement coh\u00e9rent, depuis 2020,\u00a0<a href=\"http:\/\/www.lefigaro.fr\/politique\/des-paroles-indignes-l-avocate-de-la-soeur-de-samuel-paty-interpelle-la-deputee-nathalie-oziol-apres-ses-propos-polemiques-20251107\" data-fig-type=\"NewsFlash\" data-gtm-custom-categorie=\"navigation\" data-gtm-custom-action=\"crossclick\" data-gtm-custom-label=\"Contextuel\" data-gtm-event=\"customEventSPE\" data-fig-domain=\"LEFIGARO\" rel=\"nofollow noopener\" target=\"_blank\">LFI refuse de nommer l\u2019ennemi<\/a>. Cela tombe bien ce n\u2019est pas le sien. Combattre l\u2019islamisme, ce serait rompre avec une partie de son \u00e9lectorat, ses alliances associatives et son id\u00e9ologie. Alors, on sacrifie Paty.<\/p>\n<p>                                            <a class=\"fig-a11y-skip\" href=\"#fig-a11y-skip-main-inarticle_mtf\" is=\"fig-a11y-skip\" data-trigger-mode=\"visible-once\"><br \/>\n    Passer la publicit\u00e9<br \/>\n<\/a>            <\/p>\n<p class=\"fig-paragraph\">Autour du parti gentil avec l\u2019islamisme, les compagnons de route. Un \u00e9cosyst\u00e8me m\u00e9diatique et associatif qui prend le relais. C\u2019est ainsi que\u00a0<a href=\"http:\/\/www.lefigaro.fr\/actualite-france\/assassinat-de-samuel-paty-gerald-darmanin-depose-plainte-en-diffamation-contre-le-blog-de-mediapart-20201021\" data-fig-type=\"NewsFlash\" data-gtm-custom-categorie=\"navigation\" data-gtm-custom-action=\"crossclick\" data-gtm-custom-label=\"Contextuel\" data-gtm-event=\"customEventSPE\" data-fig-domain=\"LEFIGARO\" rel=\"nofollow noopener\" target=\"_blank\">Mediapart<\/a> \u00a0et Politis ont publi\u00e9 des tribunes d\u00e9non\u00e7ant une \u00abpol\u00e9mique\u00bb fabriqu\u00e9e. Des collectifs issus de l\u2019islam politique ont relay\u00e9 la charge. Sur X, des militants ont transform\u00e9 la sortie du film en preuve d\u2019un \u00abclimat raciste\u00bb.<\/p>\n<p class=\"fig-body-link\">\n            \u00c0 lire aussi<br \/>\n        <a class=\"fig-body-link__link fig-premium-mark\" href=\"http:\/\/www.lefigaro.fr\/vox\/culture\/david-lisnard-pourquoi-il-etait-important-que-le-film-l-abandon-sur-samuel-paty-soit-projete-a-cannes-20260513\" data-fig-type=\"Article\" data-gtm-custom-categorie=\"navigation\" data-gtm-custom-action=\"crossclick\" data-gtm-custom-label=\"Contextuel\" data-gtm-event=\"customEventSPE\" data-fig-domain=\"LEFIGARO\" rel=\"nofollow noopener\" target=\"_blank\"><br \/>\n                David Lisnard\u00a0: \u00abPourquoi il \u00e9tait important que le film L\u2019Abandon, sur Samuel Paty, soit projet\u00e9 \u00e0 Cannes\u00bb<br \/>\n    <\/a>\n<\/p>\n<p class=\"fig-paragraph\">Le premier abandon, il est l\u2019\u0153uvre de l\u2019\u00c9tat qui n\u2019a pas prot\u00e9g\u00e9 un professeur. Le second c\u2019est aujourd\u2019hui cette gauche radicale politique et m\u00e9diatique qui refuse de\u00a0<a href=\"http:\/\/www.lefigaro.fr\/vox\/societe\/joachim-le-floch-imad-pour-la-pantheonisation-de-samuel-paty-20260513\" data-fig-type=\"Article\" data-gtm-custom-categorie=\"navigation\" data-gtm-custom-action=\"crossclick\" data-gtm-custom-label=\"Contextuel\" data-gtm-event=\"customEventSPE\" data-fig-domain=\"LEFIGARO\" rel=\"nofollow noopener\" target=\"_blank\">prot\u00e9ger la m\u00e9moire du professeur<\/a>. Pourquoi\u00a0? Parce que d\u00e9fendre Samuel Paty jusqu\u2019au bout et sans condition c\u2019est reconna\u00eetre trois choses\u00a0: Que l\u2019islamisme existe , qu\u2019il tue, et qu\u2019il ne se combat pas en parlant de \u00abracisme syst\u00e9mique\u00bb.<\/p>\n<p class=\"fig-paragraph\">Pire, il est aliment\u00e9 par l\u2019immigration invasive et irr\u00e9sistible. Et reconna\u00eetre cela, c\u2019est faire exploser l\u2019alliance politique construite depuis 10 ans entre une partie de l\u2019extr\u00eame gauche et les mouvances de l\u2019islam politique. Alors on pr\u00e9f\u00e8re attaquer le film. On pr\u00e9f\u00e8re insulter le RN et la droite. Un pays qui ne peut plus faire\u00a0<a href=\"https:\/\/tvmag.lefigaro.fr\/programme-tv\/actu-tele\/samuel-paty-au-coeur-d-un-proces-bouleversant-20260310\" data-fig-type=\"Article\" data-gtm-custom-categorie=\"navigation\" data-gtm-custom-action=\"crossclick\" data-gtm-custom-label=\"Contextuel\" data-gtm-event=\"customEventSPE\" data-fig-domain=\"TVMAG\" rel=\"nofollow noopener\" target=\"_blank\">un film sur un professeur assassin\u00e9<\/a>\u00a0pour avoir enseign\u00e9 la libert\u00e9 d\u2019expression sans d\u00e9clencher une temp\u00eate de haine et de m\u00e9pris est un pays en p\u00e9ril de mort c\u00e9r\u00e9brale puis physique.<\/p>\n<p class=\"fig-paragraph\">Samuel Paty n\u2019appartenait \u00e0 aucun parti. Il appartenait \u00e0 l\u2019\u00e9cole de la r\u00e9publique. Ou de ce qu\u2019il en restait. En refusant de le d\u00e9fendre, l\u2019islamo-gauchisme ne d\u00e9fend pas les musulmans. Il d\u00e9fend l\u2019impunit\u00e9 de ceux qui veulent achever l\u2019\u00e9cole r\u00e9publicaine et fran\u00e7aise.<\/p>\n","protected":false},"excerpt":{"rendered":"FIGAROVOX\/CHRONIQUE &#8211; Pour l\u2019avocat et essayiste, les critiques virulentes \u00e0 l\u2019encontre du film l\u2019Abandon, qui raconte les derniers&hellip;\n","protected":false},"author":2,"featured_media":942191,"comment_status":"","ping_status":"","sticky":false,"template":"","format":"standard","meta":{"footnotes":"","_share_on_mastodon":"0"},"categories":[8],"tags":[5581,58,59,1011,27,35490],"class_list":["post-942190","post","type-post","status-publish","format-standard","has-post-thumbnail","category-divertissement","tag-attentat","tag-divertissement","tag-entertainment","tag-fr","tag-france","tag-samuel-paty"],"share_on_mastodon":{"url":"https:\/\/pubeurope.com\/@fr\/116598842645409026","error":""},"_links":{"self":[{"href":"https:\/\/www.europesays.com\/fr\/wp-json\/wp\/v2\/posts\/942190","targetHints":{"allow":["GET"]}}],"collection":[{"href":"https:\/\/www.europesays.com\/fr\/wp-json\/wp\/v2\/posts"}],"about":[{"href":"https:\/\/www.europesays.com\/fr\/wp-json\/wp\/v2\/types\/post"}],"author":[{"embeddable":true,"href":"https:\/\/www.europesays.com\/fr\/wp-json\/wp\/v2\/users\/2"}],"replies":[{"embeddable":true,"href":"https:\/\/www.europesays.com\/fr\/wp-json\/wp\/v2\/comments?post=942190"}],"version-history":[{"count":0,"href":"https:\/\/www.europesays.com\/fr\/wp-json\/wp\/v2\/posts\/942190\/revisions"}],"wp:featuredmedia":[{"embeddable":true,"href":"https:\/\/www.europesays.com\/fr\/wp-json\/wp\/v2\/media\/942191"}],"wp:attachment":[{"href":"https:\/\/www.europesays.com\/fr\/wp-json\/wp\/v2\/media?parent=942190"}],"wp:term":[{"taxonomy":"category","embeddable":true,"href":"https:\/\/www.europesays.com\/fr\/wp-json\/wp\/v2\/categories?post=942190"},{"taxonomy":"post_tag","embeddable":true,"href":"https:\/\/www.europesays.com\/fr\/wp-json\/wp\/v2\/tags?post=942190"}],"curies":[{"name":"wp","href":"https:\/\/api.w.org\/{rel}","templated":true}]}}