{"id":94226,"date":"2025-05-12T12:38:09","date_gmt":"2025-05-12T12:38:09","guid":{"rendered":"https:\/\/www.europesays.com\/fr\/94226\/"},"modified":"2025-05-12T12:38:09","modified_gmt":"2025-05-12T12:38:09","slug":"la-2e-phase-de-raccordement-au-reseau-de-chaleur-urbain-a-debute","status":"publish","type":"post","link":"https:\/\/www.europesays.com\/fr\/94226\/","title":{"rendered":"la 2e\u00a0phase de raccordement au r\u00e9seau de chaleur urbain a d\u00e9but\u00e9"},"content":{"rendered":"<p>La deuxi\u00e8me phase de raccordement au futur r\u00e9seau de chaleur urbain m\u00e9tropolitain a d\u00e9but\u00e9 dans le secteur des Aiguinards. Apr\u00e8s les grands axes men\u00e9s au printemps dernier, les travaux de raccordement au r\u00e9seau de chaleur urbain m\u00e9tropolitain reviennent \u00e0 Meylan pour une seconde phase qui commencera par l\u2019avenue des Aiguinards.<\/p>\n<p>Le sens de circulation actuellement en place \u00e0 la suite des travaux de renouvellement de canalisation du r\u00e9seau d\u2019eau potable est maintenu\u00a0: sens unique de la rue des Aiguinards dans le sens montant, en direction de Corenc. La ligne 18 reste d\u00e9vi\u00e9e entre les arr\u00eats \u201cLyc\u00e9e du Gr\u00e9sivaudan &#8211; Bachais\u201d et \u201cGr\u00e9sivaudan\u201d. Les arr\u00eats \u201cLa Revir\u00e9e\u201d, \u201cPlace de la Louisiane\u201d, \u201cAiguinards-Hexagone\u201d, \u201cFacult\u00e9 de pharmacie\u201d ne sont pas desservis. Les usagers sont invit\u00e9s \u00e0 se reporter sur les arr\u00eats de la ligne 42, avenue du Gr\u00e9sivaudan.<\/p>\n<p>\u00c0 noter\u00a0: les commerces restent accessibles et ouverts pendant toute la dur\u00e9e des travaux.<\/p>\n","protected":false},"excerpt":{"rendered":"La deuxi\u00e8me phase de raccordement au futur r\u00e9seau de chaleur urbain m\u00e9tropolitain a d\u00e9but\u00e9 dans le secteur des&hellip;\n","protected":false},"author":2,"featured_media":94227,"comment_status":"","ping_status":"","sticky":false,"template":"","format":"standard","meta":{"footnotes":""},"categories":[9566],"tags":[1111,11,2430,4749,3542,33,112,893,1777,674,1011,27,2731,9597,9598,12,25],"class_list":{"0":"post-94226","1":"post","2":"type-post","3":"status-publish","4":"format-standard","5":"has-post-thumbnail","7":"category-grenoble","8":"tag-actu","9":"tag-actualites","10":"tag-auvergne-rhone-alpes","11":"tag-btp-et-chantiers","12":"tag-circulation","13":"tag-economie","14":"tag-edition-grenoble-agglomeration","15":"tag-energie","16":"tag-eu","17":"tag-europe","18":"tag-fr","19":"tag-france","20":"tag-grenoble","21":"tag-meylan","22":"tag-meylan-et-autour","23":"tag-news","24":"tag-republique-francaise"},"share_on_mastodon":{"url":"https:\/\/pubeurope.com\/@fr\/114494904999977064","error":""},"_links":{"self":[{"href":"https:\/\/www.europesays.com\/fr\/wp-json\/wp\/v2\/posts\/94226","targetHints":{"allow":["GET"]}}],"collection":[{"href":"https:\/\/www.europesays.com\/fr\/wp-json\/wp\/v2\/posts"}],"about":[{"href":"https:\/\/www.europesays.com\/fr\/wp-json\/wp\/v2\/types\/post"}],"author":[{"embeddable":true,"href":"https:\/\/www.europesays.com\/fr\/wp-json\/wp\/v2\/users\/2"}],"replies":[{"embeddable":true,"href":"https:\/\/www.europesays.com\/fr\/wp-json\/wp\/v2\/comments?post=94226"}],"version-history":[{"count":0,"href":"https:\/\/www.europesays.com\/fr\/wp-json\/wp\/v2\/posts\/94226\/revisions"}],"wp:featuredmedia":[{"embeddable":true,"href":"https:\/\/www.europesays.com\/fr\/wp-json\/wp\/v2\/media\/94227"}],"wp:attachment":[{"href":"https:\/\/www.europesays.com\/fr\/wp-json\/wp\/v2\/media?parent=94226"}],"wp:term":[{"taxonomy":"category","embeddable":true,"href":"https:\/\/www.europesays.com\/fr\/wp-json\/wp\/v2\/categories?post=94226"},{"taxonomy":"post_tag","embeddable":true,"href":"https:\/\/www.europesays.com\/fr\/wp-json\/wp\/v2\/tags?post=94226"}],"curies":[{"name":"wp","href":"https:\/\/api.w.org\/{rel}","templated":true}]}}