{"id":94228,"date":"2025-05-12T12:39:08","date_gmt":"2025-05-12T12:39:08","guid":{"rendered":"https:\/\/www.europesays.com\/fr\/94228\/"},"modified":"2025-05-12T12:39:08","modified_gmt":"2025-05-12T12:39:08","slug":"grenoble-des-adolescents-victimes-de-vols-violents-pres-des-arrets-mtag","status":"publish","type":"post","link":"https:\/\/www.europesays.com\/fr\/94228\/","title":{"rendered":"Grenoble. Des adolescents victimes de vols violents pr\u00e8s des arr\u00eats M&rsquo;Tag"},"content":{"rendered":"<p>            Par<br \/>\n        <strong><br \/>\n            <a href=\"https:\/\/actu.fr\/auteur\/lisa-rodrigues\" title=\"Consulter tous les articles de Lisa Rodrigues\" rel=\"nofollow noopener\" target=\"_blank\">Lisa Rodrigues<\/a><br \/>\n        <\/strong><\/p>\n<p>        Publi\u00e9 le<\/p>\n<p>            12 mai 2025 \u00e0 14h00        <\/p>\n<p>Depuis quelques semaines, des vols avec violences auraient lieu \u00e0 proximit\u00e9 des arr\u00eats de transport M\u2019R\u00e9so \u00e0 <a href=\"https:\/\/actu.fr\/auvergne-rhone-alpes\/grenoble_38185\" rel=\"nofollow noopener\" target=\"_blank\">Grenoble<\/a>, et plus pr\u00e9cis\u00e9ment sur le secteur de Grand\u2019Place. \u00ab\u00a0Un ou plusieurs individus\u00a0\u00bb qui voleraient \u00e0 des cibles bien pr\u00e9cises leur portefeuille ou leur smartphone, <strong>sous la menace d\u2019une arme blanche<\/strong>.<br \/>C\u2019est du moins ce qu\u2019affirme le syndicat CGT M\u2019Tag dans un communiqu\u00e9 sur ces r\u00e9seaux sociaux dimanche 10 mai.<\/p>\n<p class=\" wall-content\">\u00ab\u00a0Le fils d\u2019un agent a r\u00e9cemment \u00e9t\u00e9 victime d\u2019un vol sous la menace, alors qu\u2019il descendait du bus C3 \u00e0 l\u2019arr\u00eat Grand\u2019Place\u00a0\u00bb, assurent des repr\u00e9sentants syndicaux, contact\u00e9s par la r\u00e9daction. Il aurait \u00e9t\u00e9 suivi \u00e0 la descente de son bus par \u00ab\u00a0une petite bande\u00a0\u00bb qui s\u2019en est pris \u00e0 lui, en le mena\u00e7ant avec un couteau pour lui d\u00e9rober son smartphone.\u00a0<\/p>\n<p>\u00ab\u00a0Des faits similaires\u00a0\u00bb recens\u00e9s<\/p>\n<p class=\" wall-content\">Et la CGT l\u2019affirme, \u00ab\u00a0ce type d\u2019agression n\u2019est malheureusement <a href=\"https:\/\/actu.fr\/auvergne-rhone-alpes\/grenoble_38185\/grenoble-un-homme-de-18-ans-roue-de-coups-avec-une-barre-de-fer-a-grand-place_60871423.html\" rel=\"nofollow noopener\" target=\"_blank\">pas isol\u00e9<\/a> dans le secteur. Il y a quelques semaines, des faits similaires \u00e9taient <strong>signal\u00e9s quotidiennement<\/strong> entre les arr\u00eats Malherbe et Grand\u2019Place.\u00a0\u00bb<\/p>\n<p>    <a href=\"https:\/\/www.google.com\/maps\/embed?pb=!1m18!1m12!1m3!1d6690.83590685472!2d5.731185965766017!3d45.16381301961772!2m3!1f0!2f0!3f0!3m2!1i1024!2i768!4f13.1!3m3!1m2!1s0x478af4cb89c9faa3%3A0xf15ff16b93723118!2sGrand%27place!5e0!3m2!1sfr!2sfr!4v1747050569122!5m2!1sfr!2sfr\" title=\"Ouvrie le lien\" rel=\"nofollow noopener\" target=\"_blank\">Cliquez ici pour visualiser le contenu<\/a><\/p>\n<p class=\" wall-content\">En effet, une enqu\u00eate a \u00e9t\u00e9 lanc\u00e9e par les forces de l\u2019ordre en d\u00e9but d\u2019ann\u00e9e et a men\u00e9 \u00e0 l\u2019interpellation de plusieurs auteurs, comme le rapporte <a href=\"https:\/\/c.ledauphine.com\/faits-divers-justice\/2025\/01\/24\/isere-grenoble-une-bande-d-adolescents-suspectes-d-une-serie-de-vols-avec-violences-a-grand-place\" rel=\"nofollow noopener\" target=\"_blank\">Le Dauphin\u00e9 Lib\u00e9r\u00e9<\/a>. \u00ab\u00a0Toutefois, il semble que tous n\u2019aient pas \u00e9t\u00e9 identifi\u00e9s\u00a0\u00bb, se d\u00e9solent les repr\u00e9sentants syndicaux.<\/p>\n<p class=\" wall-content\">\u00ab\u00a0Face \u00e0 cette recrudescence, notre syndicat a une nouvelle fois alert\u00e9 les autorit\u00e9s [et la direction], notamment via des messages publi\u00e9s sur les r\u00e9seaux.\u00a0\u00bb<\/p>\n<p class=\" wall-content\">\n<p class=\" wall-content\">Selon la CGT M\u2019Tag, \u00ab\u00a0la priorit\u00e9 semble donn\u00e9e aux op\u00e9rations de contr\u00f4le renforc\u00e9 (OCR), visant essentiellement \u00e0 <a href=\"https:\/\/actu.fr\/auvergne-rhone-alpes\/grenoble_38185\/grenoble-comme-a-paris-une-methode-polemique-de-controle-testee-dans-les-bus-et-trams_60932067.html\" rel=\"nofollow noopener\" target=\"_blank\">sanctionner les infractions<\/a>, \u00e0 faire de la course aux PV, au d\u00e9triment de la s\u00e9curit\u00e9 des agents comme des usagers.\u00a0\u00bb<\/p>\n<p>\u00ab\u00a0Les vols n\u2019ont pas lieu \u00e0 l\u2019int\u00e9rieur des bus\u00a0\u00bb<\/p>\n<p class=\" wall-content\">Le syndicat FO M\u2019Tag ne nie pas l\u2019existence d\u2019agressions de ce type, mais souligne qu\u2019elles \u00ab\u00a0ne sont <strong>pas sp\u00e9cifiques au transport urbain<\/strong> ou \u00e0 une ligne en particulier\u00a0\u00bb.\u00a0<\/p>\n<blockquote class=\"ac-article-quote wall-content\">\n<p>Cela se passe essentiellement \u00e0 l&rsquo;ext\u00e9rieur, sur l&rsquo;espace public urbain. Les vols et agressions n&rsquo;ont pas lieu \u00e0 l&rsquo;int\u00e9rieur des bus ou des trams, car les individus savent qu&rsquo;il y a les cam\u00e9ras et qu&rsquo;ils peuvent \u00eatre suivis. Sur les six derniers mois, il n&rsquo;y a eu aucune alerte.<\/p>\n<p>    <strong>Syndicat FO M&rsquo;Tag<\/strong>\n            <\/p><\/blockquote>\n<p class=\" wall-content\">Selon les cas port\u00e9s \u00e0 la connaissance des syndicats, les voleurs ciblent <strong>en priorit\u00e9 des jeunes<\/strong>, \u00ab\u00a0des coll\u00e9giens et des lyc\u00e9ens\u00a0\u00bb, ayant tendance \u00e0 utiliser sans surveillance leurs t\u00e9l\u00e9phones.<\/p>\n<p class=\" wall-content\">De son c\u00f4t\u00e9, M\u2019R\u00e9so indique \u00e0 <a href=\"https:\/\/actu.fr\/grenoble\/\" rel=\"nofollow noopener\" target=\"_blank\">actu Grenoble<\/a> signaler syst\u00e9matiquement \u00ab\u00a0ce type d\u2019agissement\u00a0\u00bb \u00e0 la police. \u00ab\u00a0Cette derni\u00e8re [a] fait une op\u00e9ration dans le quartier il y a quelques semaines. N\u00e9anmoins, malgr\u00e9 ce que peut laisser penser le tract, les voyageurs ne nous informent pas syst\u00e9matiquement [de ces faits], s\u2019orientant plut\u00f4t vers la police.\u00a0\u00bb\u00a0<\/p>\n<p class=\" wall-content\">Suivez toute l\u2019actualit\u00e9 de vos villes et m\u00e9dias favoris en vous inscrivant \u00e0 <a href=\"https:\/\/moncompte.actu.fr\" title=\"D\u00e9couvez Mon Actu\" rel=\"nofollow noopener\" data-trk=\"{&quot;cta&quot;:{&quot;action&quot;:&quot;https:\\\/\\\/moncompte.actu.fr&quot;,&quot;category&quot;:&quot;mon compte&quot;,&quot;from&quot;:&quot;article footer&quot;,&quot;name&quot;:&quot;Mon actu&quot;,&quot;type&quot;:&quot;cta&quot;}}\" target=\"_blank\">Mon Actu<\/a>.<\/p>\n","protected":false},"excerpt":{"rendered":"Par Lisa Rodrigues Publi\u00e9 le 12 mai 2025 \u00e0 14h00 Depuis quelques semaines, des vols avec violences auraient&hellip;\n","protected":false},"author":2,"featured_media":94229,"comment_status":"","ping_status":"","sticky":false,"template":"","format":"standard","meta":{"footnotes":""},"categories":[9566],"tags":[1111,11,2430,1777,674,118,1011,27,2731,12,1072,25,2803,8194],"class_list":{"0":"post-94228","1":"post","2":"type-post","3":"status-publish","4":"format-standard","5":"has-post-thumbnail","7":"category-grenoble","8":"tag-actu","9":"tag-actualites","10":"tag-auvergne-rhone-alpes","11":"tag-eu","12":"tag-europe","13":"tag-faits-divers","14":"tag-fr","15":"tag-france","16":"tag-grenoble","17":"tag-news","18":"tag-police","19":"tag-republique-francaise","20":"tag-transport","21":"tag-transport-de-lagglomeration-grenobloise-tag"},"share_on_mastodon":{"url":"https:\/\/pubeurope.com\/@fr\/114494908930658832","error":""},"_links":{"self":[{"href":"https:\/\/www.europesays.com\/fr\/wp-json\/wp\/v2\/posts\/94228","targetHints":{"allow":["GET"]}}],"collection":[{"href":"https:\/\/www.europesays.com\/fr\/wp-json\/wp\/v2\/posts"}],"about":[{"href":"https:\/\/www.europesays.com\/fr\/wp-json\/wp\/v2\/types\/post"}],"author":[{"embeddable":true,"href":"https:\/\/www.europesays.com\/fr\/wp-json\/wp\/v2\/users\/2"}],"replies":[{"embeddable":true,"href":"https:\/\/www.europesays.com\/fr\/wp-json\/wp\/v2\/comments?post=94228"}],"version-history":[{"count":0,"href":"https:\/\/www.europesays.com\/fr\/wp-json\/wp\/v2\/posts\/94228\/revisions"}],"wp:featuredmedia":[{"embeddable":true,"href":"https:\/\/www.europesays.com\/fr\/wp-json\/wp\/v2\/media\/94229"}],"wp:attachment":[{"href":"https:\/\/www.europesays.com\/fr\/wp-json\/wp\/v2\/media?parent=94228"}],"wp:term":[{"taxonomy":"category","embeddable":true,"href":"https:\/\/www.europesays.com\/fr\/wp-json\/wp\/v2\/categories?post=94228"},{"taxonomy":"post_tag","embeddable":true,"href":"https:\/\/www.europesays.com\/fr\/wp-json\/wp\/v2\/tags?post=94228"}],"curies":[{"name":"wp","href":"https:\/\/api.w.org\/{rel}","templated":true}]}}