{"id":942348,"date":"2026-05-19T04:01:19","date_gmt":"2026-05-19T04:01:19","guid":{"rendered":"https:\/\/www.europesays.com\/fr\/942348\/"},"modified":"2026-05-19T04:01:19","modified_gmt":"2026-05-19T04:01:19","slug":"a-marseille-le-theatre-du-gymnase-en-pleine-rehabilitation-poursuit-sa-programmation-hors-les-murs-en-2026-2027","status":"publish","type":"post","link":"https:\/\/www.europesays.com\/fr\/942348\/","title":{"rendered":"\u00c0 Marseille, le th\u00e9\u00e2tre du Gymnase en pleine r\u00e9habilitation poursuit sa programmation hors les murs en 2026-2027"},"content":{"rendered":"<p>Les amateurs de th\u00e9\u00e2tre classique d\u00e9couvriront Marie\u00a0Stuart de Friedrich\u00a0Schiller, une pi\u00e8ce \u00ab\u00a0entre la grande trag\u00e9die historique et le thriller\u00a0\u00bb mise en sc\u00e8ne par Chlo\u00e9\u00a0Dabert, nouvellement nomm\u00e9e \u00e0 la t\u00eate du th\u00e9\u00e2tre national de Rennes. Elle est accueillie \u00e0 Marseille du 18 au 20\u00a0f\u00e9vrier\u00a02027, en coprogrammation avec La\u00a0Cri\u00e9e. Le grand <a href=\"https:\/\/www.laprovence.com\/article\/culture-loisirs\/1119692021490816\/marseille-pippo-delbono-presente-amore-une-oeuvre-crepusculaire-a-voir-au-theatre-la-criee\" target=\"_blank\" rel=\"nofollow noopener\">Pippo\u00a0Delbono<\/a> pr\u00e9sentera L\u2019\u00c9veil du 16 au 18\u00a0mars\u00a02027 \u00e0 La Friche, une pi\u00e8ce \u00e9crite suite \u00e0 la mort de son compagnon.<\/p>\n<p>La com\u00e9dienne Rachida\u00a0Brakni et la metteuse en sc\u00e8ne Louise\u00a0Vignaud s\u2019empareront du mythe de M\u00e9d\u00e9e du 3 au 14\u00a0novembre\u00a02026 au th\u00e9\u00e2tre des Bernardines. \u00ab\u00a0M\u00e9d\u00e9e est une femme au bord du gouffre&#8230;<\/p>\n","protected":false},"excerpt":{"rendered":"Les amateurs de th\u00e9\u00e2tre classique d\u00e9couvriront Marie\u00a0Stuart de Friedrich\u00a0Schiller, une pi\u00e8ce \u00ab\u00a0entre la grande trag\u00e9die historique et le&hellip;\n","protected":false},"author":2,"featured_media":942349,"comment_status":"","ping_status":"","sticky":false,"template":"","format":"standard","meta":{"footnotes":"","_share_on_mastodon":"0"},"categories":[2814],"tags":[5734,1111,11,251,1777,674,1011,27,5138,884,12,19940,2406,3551,882,5781,25,1347],"class_list":["post-942348","post","type-post","status-publish","format-standard","has-post-thumbnail","category-marseille","tag-5734","tag-actu","tag-actualites","tag-culture","tag-eu","tag-europe","tag-fr","tag-france","tag-gymnase","tag-marseille","tag-news","tag-pleine","tag-poursuit","tag-programmation","tag-provence-alpes-cote-dazur","tag-rehabilitation","tag-republique-francaise","tag-theatre"],"share_on_mastodon":{"url":"https:\/\/pubeurope.com\/@fr\/116599251733107229","error":""},"_links":{"self":[{"href":"https:\/\/www.europesays.com\/fr\/wp-json\/wp\/v2\/posts\/942348","targetHints":{"allow":["GET"]}}],"collection":[{"href":"https:\/\/www.europesays.com\/fr\/wp-json\/wp\/v2\/posts"}],"about":[{"href":"https:\/\/www.europesays.com\/fr\/wp-json\/wp\/v2\/types\/post"}],"author":[{"embeddable":true,"href":"https:\/\/www.europesays.com\/fr\/wp-json\/wp\/v2\/users\/2"}],"replies":[{"embeddable":true,"href":"https:\/\/www.europesays.com\/fr\/wp-json\/wp\/v2\/comments?post=942348"}],"version-history":[{"count":0,"href":"https:\/\/www.europesays.com\/fr\/wp-json\/wp\/v2\/posts\/942348\/revisions"}],"wp:featuredmedia":[{"embeddable":true,"href":"https:\/\/www.europesays.com\/fr\/wp-json\/wp\/v2\/media\/942349"}],"wp:attachment":[{"href":"https:\/\/www.europesays.com\/fr\/wp-json\/wp\/v2\/media?parent=942348"}],"wp:term":[{"taxonomy":"category","embeddable":true,"href":"https:\/\/www.europesays.com\/fr\/wp-json\/wp\/v2\/categories?post=942348"},{"taxonomy":"post_tag","embeddable":true,"href":"https:\/\/www.europesays.com\/fr\/wp-json\/wp\/v2\/tags?post=942348"}],"curies":[{"name":"wp","href":"https:\/\/api.w.org\/{rel}","templated":true}]}}