{"id":942501,"date":"2026-05-19T05:35:13","date_gmt":"2026-05-19T05:35:13","guid":{"rendered":"https:\/\/www.europesays.com\/fr\/942501\/"},"modified":"2026-05-19T05:35:13","modified_gmt":"2026-05-19T05:35:13","slug":"top-14-le-stade-toulousain-ne-rassure-toujours-pas","status":"publish","type":"post","link":"https:\/\/www.europesays.com\/fr\/942501\/","title":{"rendered":"Top 14 : le Stade Toulousain ne rassure (toujours) pas"},"content":{"rendered":"<p>\n    Les champions de France, en manque d\u2019envie et d\u2019agressivit\u00e9, ont rechut\u00e9 contre les Rochelais. Alors que la phase finale approche \u00e0 grands pas, ces prestations en dents de scie nourrissent l\u2019inqui\u00e9tude.<\/p>\n<p class=\"fig-paragraph\"><a href=\"http:\/\/www.lefigaro.fr\/sports\/rugby\/top-14\/top-14-victorieuse-du-leader-toulousain-la-rochelle-poursuit-sa-folle-remontee-20260517\" data-fig-type=\"NewsFlash\" data-gtm-custom-categorie=\"navigation\" data-gtm-custom-action=\"crossclick\" data-gtm-custom-label=\"Contextuel\" data-gtm-event=\"customEventSPE\" data-fig-domain=\"LEFIGARO\" rel=\"nofollow noopener\" target=\"_blank\">Deux d\u00e9faites en trois journ\u00e9es de Top 14<\/a>, le Stade Toulousain est sur un train de s\u00e9nateur ces derni\u00e8res semaines.\u00a0<a href=\"http:\/\/www.lefigaro.fr\/sports\/rugby\/coupe-d-europe\/champions-cup-si-on-ne-change-pas-certaines-choses-on-n-y-arrivera-pas-le-stade-toulousain-dans-l-obligation-de-rebondir-20260413\" data-fig-type=\"NewsFlash\" data-gtm-custom-categorie=\"navigation\" data-gtm-custom-action=\"crossclick\" data-gtm-custom-label=\"Contextuel\" data-gtm-event=\"customEventSPE\" data-fig-domain=\"LEFIGARO\" rel=\"nofollow noopener\" target=\"_blank\">Depuis leur \u00e9limination en quart de finale de la Champions Cup<\/a>\u00a0mi-avril (d\u00e9faite 30-15 face \u00e0 l\u2019UBB), les triples champions de France en titre peinent \u00e0 se remobiliser. La faute, certainement, \u00e0 une avance confortable en championnat pour une qualification directe pour les demi-finales qui leur tend les bras.<\/p>\n<p class=\"fig-paragraph\">Sur courant alternatif, les hommes d\u2019Ugo Mola alternent r\u00e9action et rechute. Un succ\u00e8s \u00e0 Castres pour dig\u00e9rer la d\u00e9ception europ\u00e9enne. Une d\u00e9faite \u00e0 domicile face \u00e0 Clermont. Un succ\u00e8s probant (27-51) au Stade V\u00e9lodrome face \u00e0 Toulon pour se faire pardonner. Une le\u00e7on d\u2019agressivit\u00e9 et d\u2019envie inflig\u00e9e par le Stade Rochelais dimanche (38-10).<\/p>\n<p>                                            <a class=\"fig-a11y-skip\" href=\"#fig-a11y-skip-main-inarticle\" is=\"fig-a11y-skip\" data-trigger-mode=\"visible-once\"><br \/>\n    Passer la publicit\u00e9<br \/>\n<\/a>            <\/p>\n<p>                                            La qualification directe n\u2019est toujours pas valid\u00e9e<\/p>\n<p class=\"fig-paragraph\">Premi\u00e8re cons\u00e9quence, cette fameuse qualification directe n\u2019est toujours pas valid\u00e9e. Avec 9 points d\u2019avance sur le 3e, Pau, \u00e0 deux journ\u00e9es du terme de la saison r\u00e9guli\u00e8re, il manque encore un petit point pour \u00eatre certain de ne pas passer par la case barrages. Avec, au programme, la r\u00e9ception du LOU dans deux semaines, puis un ultime d\u00e9placement \u00e0 Nanterre face au Racing 92, les Toulousains seraient bien inspir\u00e9s de faire le n\u00e9cessaire sans tarder face \u00e0 des Lyonnais qui n\u2019ont plus rien \u00e0 jouer dans ce Top 14\u2026<\/p>\n<p class=\"fig-paragraph\">Mais, au-del\u00e0 de cette notion comptable, c\u2019est dans la perspective des phases finales que Dupont et ses partenaires feraient bien de se ressaisir. \u00c0 force de se reposer sur leurs lauriers, de ne pas se mettre au niveau d\u2019exigence en termes d\u2019agressivit\u00e9, d\u2019intensit\u00e9 et de pr\u00e9cision, ils vont finir par perdre leurs rep\u00e8res et \u00e9gratigner leur confiance. Apr\u00e8s la d\u00e9faite sans r\u00e9volte face aux Rochelais, Ugo Mola validait le constat. \u00abC\u2019est un peu dommage de voir ce niveau d\u2019engagement. Montrer ce visage me contrarie\u2026\u00bb<\/p>\n<blockquote class=\"fig-quote&#10;    \">\n<p class=\"fig-quote__text\">Le probl\u00e8me, c\u2019est de faire un ou deux pas en avant, d\u2019\u00eatre contents, puis, le week-end d\u2019apr\u00e8s, de retomber dans nos travers.<\/p>\n<p>            Matthis Lebel\n    <\/p><\/blockquote>\n<p class=\"fig-paragraph\">Et le manager du Stade Toulousain de se faire plus grin\u00e7ant. \u00abSi, en conf\u00e9rence de presse (d\u2019avant-match, NDLR),\u00a0<a href=\"http:\/\/www.lefigaro.fr\/sports\/rugby\/top-14\/top-14-notre-etat-d-esprit-a-ete-defaillant-a-certains-moments-met-en-garde-le-toulousain-matthis-lebel-20260515\" data-fig-type=\"NewsFlash\" data-gtm-custom-categorie=\"navigation\" data-gtm-custom-action=\"crossclick\" data-gtm-custom-label=\"Contextuel\" data-gtm-event=\"customEventSPE\" data-fig-domain=\"LEFIGARO\" rel=\"nofollow noopener\" target=\"_blank\">certains ont \u00e9voqu\u00e9 le caract\u00e8re et l\u2019\u00e9tat d\u2019esprit, ils \u00e9taient malheureusement absents<\/a> , ou, au moins, pas \u00e0 la hauteur pour rivaliser avec une \u00e9quipe qui jouait un match \u00e9liminatoire. Force est de reconna\u00eetre qu\u2019il nous en manque\u2026\u00bb Pris dans l\u2019engagement (6 rucks perdus) et approximatifs dans le jeu (16 ballons \u00e9gar\u00e9s en attaque), ses joueurs n\u2019ont jamais \u00e9t\u00e9 en mesure d\u2019enrayer la hargne rochelaise.<\/p>\n<p class=\"fig-paragraph\">\u00abCe qui est plus d\u00e9rangeant, c\u2019est qu\u2019on s\u2019est fait secouer fort et qu\u2019il manque un peu d\u2019\u00e9nergie, de r\u00e9volte\u00bb, r\u00e9sumait Matthis Lebel apr\u00e8s la rencontre. L\u2019ailier est celui qui, avant ce rendez-vous, avait \u00e9voqu\u00e9 un \u00e9tat d\u2019esprit parfois d\u00e9faillant et promis que la le\u00e7on avait \u00e9t\u00e9 retenue, les manques en passe d\u2019\u00eatre r\u00e9gl\u00e9s. \u00abOn en avait parl\u00e9 mais on ne l\u2019a pas r\u00e9alis\u00e9e, d\u00e9plore le Toulousain. Le probl\u00e8me, c\u2019est de faire un ou deux pas en avant, d\u2019\u00eatre contents, puis, le week-end d\u2019apr\u00e8s, de retomber dans nos travers.\u00bb<\/p>\n<p>                                            \u00abOn ne va pas se mettre la rate au court-bouillon\u00bb<\/p>\n<p class=\"fig-paragraph\">Faut-il, d\u00e8s lors, s\u2019inqui\u00e9ter pour la suite de la saison\u00a0? Craindre que les champions de France ne parviennent pas \u00e0 resserrer \u00e0 temps les boulons, \u00e0 retrouver toute leur f\u00e9rocit\u00e9\u00a0? \u00abJe n\u2019ai pas envie de dire qu\u2019on s\u2019inqui\u00e8te parce que j\u2019ai une confiance absolue en tous les mecs de l\u2019\u00e9quipe. Il faut qu\u2019on ait confiance en nous et confiance les uns envers les autres. On sait qu\u2019on est des joueurs de caract\u00e8re. Les contre-performances comme celle-ci ne nous font pas plaisir, donc j\u2019esp\u00e8re qu\u2019on va r\u00e9ussir \u00e0 se resserrer autour de \u00e7a pour la fin de la saison. Tout n\u2019a pas \u00e9t\u00e9 parfait, mais notre rugby n\u2019est pas \u00e0 remettre en question. On ne va pas se mettre la rate au court-bouillon, assure Matthis Lebel. La semaine de vacances va nous faire du bien \u00e0 tous et il faudra revenir avec d\u2019autres ambitions pour la fin de la saison.\u00bb<\/p>\n<p>                                            <a class=\"fig-a11y-skip\" href=\"#fig-a11y-skip-main-inarticle_mtf\" is=\"fig-a11y-skip\" data-trigger-mode=\"visible-once\"><br \/>\n    Passer la publicit\u00e9<br \/>\n<\/a>            <\/p>\n<p class=\"fig-paragraph\">Un r\u00e9veil attendu, exig\u00e9, d\u00e8s la prochaine journ\u00e9e. \u00abOn s\u2019est mis une petite balle dans le pied avec notre d\u00e9faite contre Clermont. On savait que les points que l\u2019on prendrait avant nous donneraient du confort au cas o\u00f9&#8230; Le probl\u00e8me, c\u2019est qu\u2019aujourd\u2019hui, on n\u2019a plus de confort. Il faut qu\u2019on gagne contre Lyon pour \u00eatre s\u00fbr dans les deux premiers\u00bb, a pr\u00e9venu Ugo Mola. Une nouvelle d\u00e9faite, \u00e0 l\u2019inverse, confirmerait que la cote d\u2019alerte est atteinte.<\/p>\n","protected":false},"excerpt":{"rendered":"Les champions de France, en manque d\u2019envie et d\u2019agressivit\u00e9, ont rechut\u00e9 contre les Rochelais. Alors que la phase&hellip;\n","protected":false},"author":2,"featured_media":942502,"comment_status":"","ping_status":"","sticky":false,"template":"","format":"standard","meta":{"footnotes":"","_share_on_mastodon":"0"},"categories":[1416],"tags":[525,4590,1981,2313,814,1011,27,955,4589,2311,1980,479,1468,2259,60,478,2310,2312],"class_list":["post-942501","post","type-post","status-publish","format-standard","has-post-thumbnail","category-rugby","tag-calendrier","tag-championnat-france","tag-classement","tag-clermont","tag-direct","tag-fr","tag-france","tag-match","tag-phase-finale","tag-racing","tag-resultats","tag-rugby","tag-rugby-football","tag-score","tag-sports","tag-top-14","tag-toulon","tag-toulouse"],"share_on_mastodon":{"url":"https:\/\/pubeurope.com\/@fr\/116599621154005068","error":""},"_links":{"self":[{"href":"https:\/\/www.europesays.com\/fr\/wp-json\/wp\/v2\/posts\/942501","targetHints":{"allow":["GET"]}}],"collection":[{"href":"https:\/\/www.europesays.com\/fr\/wp-json\/wp\/v2\/posts"}],"about":[{"href":"https:\/\/www.europesays.com\/fr\/wp-json\/wp\/v2\/types\/post"}],"author":[{"embeddable":true,"href":"https:\/\/www.europesays.com\/fr\/wp-json\/wp\/v2\/users\/2"}],"replies":[{"embeddable":true,"href":"https:\/\/www.europesays.com\/fr\/wp-json\/wp\/v2\/comments?post=942501"}],"version-history":[{"count":0,"href":"https:\/\/www.europesays.com\/fr\/wp-json\/wp\/v2\/posts\/942501\/revisions"}],"wp:featuredmedia":[{"embeddable":true,"href":"https:\/\/www.europesays.com\/fr\/wp-json\/wp\/v2\/media\/942502"}],"wp:attachment":[{"href":"https:\/\/www.europesays.com\/fr\/wp-json\/wp\/v2\/media?parent=942501"}],"wp:term":[{"taxonomy":"category","embeddable":true,"href":"https:\/\/www.europesays.com\/fr\/wp-json\/wp\/v2\/categories?post=942501"},{"taxonomy":"post_tag","embeddable":true,"href":"https:\/\/www.europesays.com\/fr\/wp-json\/wp\/v2\/tags?post=942501"}],"curies":[{"name":"wp","href":"https:\/\/api.w.org\/{rel}","templated":true}]}}