{"id":94257,"date":"2025-05-12T12:54:10","date_gmt":"2025-05-12T12:54:10","guid":{"rendered":"https:\/\/www.europesays.com\/fr\/94257\/"},"modified":"2025-05-12T12:54:10","modified_gmt":"2025-05-12T12:54:10","slug":"a7-a50-a55-des-fermetures-dautoroutes-du-12-au-16-mai-les-tunnels-concernes-a-marseille","status":"publish","type":"post","link":"https:\/\/www.europesays.com\/fr\/94257\/","title":{"rendered":"A7, A50, A55&#8230; des fermetures d&rsquo;autoroutes du 12 au 16 mai, les tunnels concern\u00e9s \u00e0 Marseille"},"content":{"rendered":"<p class=\"rev-margin-0 rev-text-xs-normal\">Des portions de l&rsquo;autoroute A7 vont notamment \u00eatre ferm\u00e9es \u00e0 la circulation, de 21 h \u00e0 5 h, tous les soirs de la semaine.<\/p>\n<p class=\"rev-margin-0 rev-text-xs-bold\">La Provence \/ Val\u00e9rie Vrel (illustration)<\/p>\n<p>Les fermetures d&rsquo;autoroutes reprennent de plus belle, dans les Bouches-du-Rh\u00f4ne. Du lundi 12 au vendredi 16 mai, plusieurs restrictions de circulation nocturnes vont \u00eatre mises en place par la Direction interd\u00e9partementale des routes M\u00e9diterran\u00e9e (<a href=\"https:\/\/www.laprovence.com\/article\/region\/6143225450234615\/marseille-pourquoi-ces-deux-portions-dautoroute-concentrent-les-bouchons-en-heure-de-pointe\" target=\"_blank\" rel=\"noopener\">Dirmed<\/a>), ainsi que par <a href=\"https:\/\/www.laprovence.com\/article\/region\/2859011866207414\/somnolence-au-volant-il-faut-prendre-le-temps-de-se-reposer-insiste-la-dg-de-la-fondation-vinci-autoroutes\" target=\"_blank\" rel=\"noopener\">Vinci Autoroutes<\/a>, afin de proc\u00e9der \u00e0 des travaux de maintenance, ou de r\u00e9novation.<\/p>\n<p>Pour une fois, la rocade L2 ne sera pas concern\u00e9e \u00e0 Marseille. Mais ces fermetures de portions d&rsquo;autoroutes vont \u00eatre accompagn\u00e9es de coupures de la circulation dans <a href=\"https:\/\/www.laprovence.com\/article\/societe\/7691268866318714\/video-immersion-dans-les-travaux-des-tunnels-a-marseille-on-ferme-la-nuit-pour-eviter-de-fermer-le-jour\" target=\"_blank\" rel=\"noopener\">certains tunnels<\/a> marseillais, annonce la <a href=\"https:\/\/www.laprovence.com\/article\/region\/2036325502738215\/plan-de-mobilite-de-la-metropole-aix-marseille-provence-et-si-on-avancait-enfin-en-pays-daix\" target=\"_blank\" rel=\"noopener\">M\u00e9tropole Aix-Marseille-Provence<\/a>.<\/p>\n<p>Voici le d\u00e9tail des fermetures d&rsquo;autoroutes dans les Bouches-du-Rh\u00f4ne, pour la semaine du 12 au 16 mai.<\/p>\n<p>Autoroutes<\/p>\n<p><strong>Nuit du lundi 12 au mardi 13 mai<\/strong><\/p>\n<ul>&#13;<\/p>\n<li><strong>A7 : <\/strong>coupure totale de la circulation depuis l&rsquo;\u00e9changeur avec l&rsquo;A51 jusqu&rsquo;\u00e0 Marseille, dans le sens Lyon-Marseille, de 21 h \u00e0 5 h<\/li>\n<p>&#13;<\/p>\n<li><strong>A50 : <\/strong>coupure totale de la circulation de la bretelle de sortie n\u00b0 5 (La-Penne-sur-Huveaune) \u00e0 la bretelle d&rsquo;entr\u00e9e n\u00b0 3 (Florian), dans le sens Aubagne-Marseille, de 21 h \u00e0 5 h<\/li>\n<p>&#13;<\/p>\n<li><strong>A50 : <\/strong>coupure totale de la circulation de la bretelle d&rsquo;entr\u00e9e n\u00b0 3 (Florian) \u00e0 Marseille, dans le sens Aubagne-Marseille, de 21 h \u00e0 5 h<\/li>\n<p>&#13;<\/p>\n<li><strong>A51 : <\/strong>fermeture de l&rsquo;\u00e9changeur n\u00b0 17 (Cadarache) dans les deux sens de circulation, de 21 h \u00e0 6 h<\/li>\n<p>&#13;<\/p>\n<li><strong>A515 : <\/strong>coupure totale de la circulation de la bretelle de sortie n\u00b0 2 (Les Chabauds) \u00e0 Gardanne, dans le sens Marseille-Gardanne, de 21 h \u00e0 5 h<\/li>\n<p>&#13;<\/p>\n<li><strong>A55 :<\/strong> coupure totale de la circulation de Marseille \u00e0 la bretelle de sortie n\u00b0 7 (Les Pi\u00e9lettes), dans le sens Marseille-Fos-sur-Mer, de 21 h \u00e0 5 h<\/li>\n<p>&#13;<\/p>\n<li><strong>A552 :<\/strong> fermeture de la bretelle d&rsquo;acc\u00e8s permettant de rallier l&rsquo;A7, dans le sens Fos-sur-Mer-Marseille, de 21 h \u00e0 5 h<\/li>\n<p>&#13;<\/p>\n<li><strong>A557 :<\/strong> coupure totale de la circulation, de 21 h \u00e0 5 h<\/li>\n<p>&#13;\n<\/ul>\n<p><strong>Nuit du mardi 13 au mercredi 14 mai<\/strong><\/p>\n<ul>&#13;<\/p>\n<li><strong>A7 : <\/strong>coupure totale de la circulation depuis l&rsquo;\u00e9changeur avec l&rsquo;A51 jusqu&rsquo;\u00e0 Marseille, dans le sens Lyon-Marseille, de 21 h \u00e0 5 h<\/li>\n<p>&#13;<\/p>\n<li><strong>A50 : <\/strong>coupure totale de la circulation de la bretelle de sortie n\u00b0 5 (La-Penne-sur-Huveaune) \u00e0 la bretelle d&rsquo;entr\u00e9e n\u00b0 3 (Florian), dans le sens Aubagne-Marseille, de 21 h \u00e0 5 h<\/li>\n<p>&#13;<\/p>\n<li><strong>A51 :<\/strong> fermeture de l&rsquo;\u00e9changeur n\u00b0 17 (Cadarache) dans les deux sens de circulation, de 21 h \u00e0 6 h<\/li>\n<p>&#13;<\/p>\n<li><strong>A515 : <\/strong>coupure totale de la circulation de la bretelle de sortie n\u00b0 2 (Les Chabauds) \u00e0 Gardanne, dans le sens Marseille-Gardanne, de 21 h \u00e0 5 h<\/li>\n<p>&#13;<\/p>\n<li><strong>A55 : <\/strong>coupure totale de la circulation de Marseille \u00e0 la bretelle de sortie n\u00b0 7 (Les Pi\u00e9lettes), dans le sens Marseille-Fos-sur-Mer, de 21 h \u00e0 5 h<\/li>\n<p>&#13;<\/p>\n<li><strong>A55 :<\/strong> fermeture de la bretelle de sortie n\u00b0 7 (Les Pi\u00e9lettes), dans les deux sens de circulation, de 21 h \u00e0 6 h<\/li>\n<p>&#13;<\/p>\n<li><strong>A557 : <\/strong>coupure totale de la circulation, de 21 h \u00e0 5 h<\/li>\n<p>&#13;\n<\/ul>\n<p><strong>Nuit du mercredi 14 au jeudi 15 mai<\/strong><\/p>\n<ul>&#13;<\/p>\n<li><strong>A7 :<\/strong> coupure totale de la circulation depuis l&rsquo;\u00e9changeur avec l&rsquo;A51 jusqu&rsquo;\u00e0 Marseille, dans le sens Lyon-Marseille, de 21 h \u00e0 5 h<\/li>\n<p>&#13;<\/p>\n<li><strong>A50 :<\/strong> coupure totale de la circulation de la bretelle de sortie n\u00b0 5 (La Penne-sur-Huveaune) \u00e0 la bretelle d&rsquo;entr\u00e9e n\u00b0 3 (Florian), dans le sens Aubagne-Marseille, de 21 h \u00e0 5 h<\/li>\n<p>&#13;<\/p>\n<li><strong>A501 : <\/strong>coupure totale de la circulation dans le sens Marseille-Aubagne, de 21 h \u00e0 5 h<\/li>\n<p>&#13;<\/p>\n<li><strong>A51 :<\/strong> fermeture de l&rsquo;\u00e9changeur n\u00b0 17 (Cadarache) dans les deux sens de circulation, de 21 h \u00e0 6 h<\/li>\n<p>&#13;<\/p>\n<li><strong>A515 :<\/strong> coupure totale de la circulation de la bretelle de sortie n\u00b0 2 (Les Chabauds) \u00e0 Gardanne, dans le sens Marseille-Gardanne, de 21 h \u00e0 5 h<\/li>\n<p>&#13;<\/p>\n<li><strong>A55 : <\/strong>coupure totale de la circulation de Marseille \u00e0 la bretelle de sortie n\u00b0 7 (Les Pi\u00e9lettes), dans le sens Marseille-Fos-sur-Mer, de 21 h \u00e0 5 h<\/li>\n<p>&#13;<\/p>\n<li><strong>A55 :<\/strong> fermeture de la bretelle de sortie n\u00b0 7 (Les Pi\u00e9lettes), dans les deux sens de circulation, de 21 h \u00e0 6 h<\/li>\n<p>&#13;<\/p>\n<li><strong>A557 :<\/strong> coupure totale de la circulation, de 21 h \u00e0 5 h<\/li>\n<p>&#13;\n<\/ul>\n<p><strong>Nuit du jeudi 15 au vendredi 16 mai<\/strong><\/p>\n<ul>&#13;<\/p>\n<li><strong>A7 : <\/strong>coupure totale de la circulation depuis l&rsquo;\u00e9changeur avec l&rsquo;A51 jusqu&rsquo;\u00e0 Marseille, dans le sens Lyon-Marseille, de 21 h \u00e0 5 h<\/li>\n<p>&#13;<\/p>\n<li><strong>A7 : <\/strong>coupure totale de la circulation de Marseille \u00e0 la bretelle d&rsquo;entr\u00e9e n\u00b0 35 (Le Canet), dans le sens Marseille-Lyon, de 21 h \u00e0 5 h<\/li>\n<p>&#13;<\/p>\n<li><strong>A50 :<\/strong> coupure totale de la circulation de la bretelle de sortie n\u00b0 5 (La-Penne-sur-Huveaune) \u00e0 la bretelle d&rsquo;entr\u00e9e n\u00b0 3 (Florian), dans le sens Aubagne-Marseille, de 21 h \u00e0 5 h<\/li>\n<p>&#13;<\/p>\n<li><strong>A501 : <\/strong>coupure totale de la circulation dans le sens Marseille-Aubagne, de 21 h \u00e0 5 h<\/li>\n<p>&#13;<\/p>\n<li><strong>A51 :<\/strong> fermeture de l&rsquo;\u00e9changeur n\u00b0 17 (Cadarache) dans les deux sens de circulation, de 21 h \u00e0 6 h<\/li>\n<p>&#13;<\/p>\n<li><strong>A515 : <\/strong>coupure totale de la circulation de la bretelle de sortie n\u00b0 2 (Les Chabauds) \u00e0 <strong>Gardanne,<\/strong> dans le sens Marseille-Gardanne, de 21 h \u00e0 5 h<\/li>\n<p>&#13;<\/p>\n<li><strong>A55 : <\/strong>coupure totale de la circulation de Marseille \u00e0 la bretelle de sortie n\u00b0 7 (Les Pi\u00e9lettes), dans le sens Marseille-Fos-sur-Mer, de 21 h \u00e0 5 h<\/li>\n<p>&#13;<\/p>\n<li><strong>A552 :<\/strong> coupure totale de la circulation dans le sens Fos-sur-Mer-Marseille, de 21 h \u00e0 5 h<\/li>\n<p>&#13;<\/p>\n<li><strong>A557 :<\/strong> coupure totale de la circulation, de 21 h \u00e0 5 h<\/li>\n<p>&#13;\n<\/ul>\n<p>Tunnels<\/p>\n<p><strong>Nuit du lundi 12 au mardi 13 mai<\/strong><\/p>\n<ul>&#13;<\/p>\n<li><strong>Tunnel du Vieux-Port : <\/strong>coupure totale de la circulation, de 22 h \u00e0 5 h 30<\/li>\n<p>&#13;<\/p>\n<li><strong>Tunnel de la Major :<\/strong> coupure totale de la circulation, de 22 h \u00e0 5 h 30<\/li>\n<p>&#13;<\/p>\n<li><strong>Tunnel de la Joliette : <\/strong>coupure totale de la circulation, de 22 h \u00e0 5 h 30<\/li>\n<p>&#13;\n<\/ul>\n<p><strong>Nuit du mardi 13 au mercredi 14 mai<\/strong><\/p>\n<ul>&#13;<\/p>\n<li><strong>Tunnel du Vieux-Port :<\/strong> coupure totale de la circulation, de 22 h \u00e0 5 h 30<\/li>\n<p>&#13;<\/p>\n<li><strong>Tunnel de la Major : <\/strong>coupure totale de la circulation, de 22 h \u00e0 5 h 30<\/li>\n<p>&#13;<\/p>\n<li><strong>Tunnel de la Joliette :<\/strong> coupure totale de la circulation, de 22 h \u00e0 5 h 30<\/li>\n<p>&#13;<\/p>\n<li><strong>Tunnel Saint-Charles :<\/strong> coupure totale de la circulation, de 21 h \u00e0 5 h 30<\/li>\n<p>&#13;\n<\/ul>\n<p><strong>Nuit du mercredi 14 au jeudi 15 mai<\/strong><\/p>\n<ul>&#13;<\/p>\n<li><strong>Tunnel du Vieux-Port :<\/strong> coupure totale de la circulation, de 22 h \u00e0 5 h 30<\/li>\n<p>&#13;<\/p>\n<li><strong>Tunnel de la Major : <\/strong>coupure totale de la circulation, de 22 h \u00e0 5 h 30<\/li>\n<p>&#13;<\/p>\n<li><strong>Tunnel de la Joliette :<\/strong> coupure totale de la circulation, de 22 h \u00e0 5 h 30<\/li>\n<p>&#13;<\/p>\n<li><strong>Tunnel Saint-Loup : <\/strong>coupure totale de la circulation, de 21 h \u00e0 5 h 30<\/li>\n<p>&#13;\n<\/ul>\n<p><strong>Nuit du jeudi 15 au vendredi 16 mai<\/strong><\/p>\n<ul>&#13;<\/p>\n<li><strong>Tunnel du Vieux-Port : <\/strong>coupure totale de la circulation, de 22 h \u00e0 5 h 30<\/li>\n<p>&#13;<\/p>\n<li><strong>Tunnel de la Major : <\/strong>coupure totale de la circulation, de 22 h \u00e0 5 h 30<\/li>\n<p>&#13;<\/p>\n<li><strong>Tunnel de la Joliette :<\/strong> coupure totale de la circulation, de 22 h \u00e0 5 h 30<\/li>\n<p>&#13;<\/p>\n<li><strong>Tunnel Saint-Loup :<\/strong> coupure totale de la circulation, de 21 h \u00e0 5 h 30<\/li>\n<p>&#13;\n<\/ul>\n<p><img alt=\"\" loading=\"lazy\" width=\"18\" height=\"18\" decoding=\"async\" data-nimg=\"1\" class=\"mx-[8px]\" style=\"color:transparent\" src=\"https:\/\/www.europesays.com\/fr\/wp-content\/uploads\/2025\/04\/comment.b95dda91.svg.svg+xml\"\/>D\u00e9marrez la conversation<\/p>\n<p class=\"text-[1.8rem] mt-[32px]\">Votre opinion compte pour nous. Rejoignez la communaut\u00e9 laprovence.com en r\u00e9agissant sur l&rsquo;article Bouches-du-Rh\u00f4ne : A7, A50, A55&#8230; des fermetures d&rsquo;autoroutes du 12 au 16 mai, les tunnels concern\u00e9s \u00e0 Marseille.<\/p>\n","protected":false},"excerpt":{"rendered":"Des portions de l&rsquo;autoroute A7 vont notamment \u00eatre ferm\u00e9es \u00e0 la circulation, de 21 h \u00e0 5 h,&hellip;\n","protected":false},"author":2,"featured_media":94258,"comment_status":"","ping_status":"","sticky":false,"template":"","format":"standard","meta":{"footnotes":""},"categories":[2814],"tags":[17,13344,13345,13343,1111,11,885,20686,154,1777,674,20685,1011,27,884,12,882,16,25],"class_list":{"0":"post-94257","1":"post","2":"type-post","3":"status-publish","4":"format-standard","5":"has-post-thumbnail","7":"category-marseille","8":"tag-17","9":"tag-a50","10":"tag-a55","11":"tag-a7","12":"tag-actu","13":"tag-actualites","14":"tag-bouches-du-rhone","15":"tag-dautoroutes","16":"tag-des","17":"tag-eu","18":"tag-europe","19":"tag-fermetures","20":"tag-fr","21":"tag-france","22":"tag-marseille","23":"tag-news","24":"tag-provence-alpes-cote-dazur","25":"tag-region","26":"tag-republique-francaise"},"share_on_mastodon":{"url":"https:\/\/pubeurope.com\/@fr\/114494967965755184","error":""},"_links":{"self":[{"href":"https:\/\/www.europesays.com\/fr\/wp-json\/wp\/v2\/posts\/94257","targetHints":{"allow":["GET"]}}],"collection":[{"href":"https:\/\/www.europesays.com\/fr\/wp-json\/wp\/v2\/posts"}],"about":[{"href":"https:\/\/www.europesays.com\/fr\/wp-json\/wp\/v2\/types\/post"}],"author":[{"embeddable":true,"href":"https:\/\/www.europesays.com\/fr\/wp-json\/wp\/v2\/users\/2"}],"replies":[{"embeddable":true,"href":"https:\/\/www.europesays.com\/fr\/wp-json\/wp\/v2\/comments?post=94257"}],"version-history":[{"count":0,"href":"https:\/\/www.europesays.com\/fr\/wp-json\/wp\/v2\/posts\/94257\/revisions"}],"wp:featuredmedia":[{"embeddable":true,"href":"https:\/\/www.europesays.com\/fr\/wp-json\/wp\/v2\/media\/94258"}],"wp:attachment":[{"href":"https:\/\/www.europesays.com\/fr\/wp-json\/wp\/v2\/media?parent=94257"}],"wp:term":[{"taxonomy":"category","embeddable":true,"href":"https:\/\/www.europesays.com\/fr\/wp-json\/wp\/v2\/categories?post=94257"},{"taxonomy":"post_tag","embeddable":true,"href":"https:\/\/www.europesays.com\/fr\/wp-json\/wp\/v2\/tags?post=94257"}],"curies":[{"name":"wp","href":"https:\/\/api.w.org\/{rel}","templated":true}]}}