{"id":94269,"date":"2025-05-12T13:02:10","date_gmt":"2025-05-12T13:02:10","guid":{"rendered":"https:\/\/www.europesays.com\/fr\/94269\/"},"modified":"2025-05-12T13:02:10","modified_gmt":"2025-05-12T13:02:10","slug":"incendie-en-cours-dans-un-stade-dimpressionnantes-fumees-visibles-a-des-kilometres","status":"publish","type":"post","link":"https:\/\/www.europesays.com\/fr\/94269\/","title":{"rendered":"incendie en cours dans un stade, d&rsquo;impressionnantes fum\u00e9es visibles \u00e0 des kilom\u00e8tres"},"content":{"rendered":"<p>            Par<br \/>\n        <strong><br \/>\n            <a href=\"https:\/\/actu.fr\/auteur\/sarah-coulet\" title=\"Consulter tous les articles de Sarah Coulet\" rel=\"nofollow noopener\" target=\"_blank\">Sarah Coulet<\/a><br \/>\n        <\/strong><\/p>\n<p>        Publi\u00e9 le<\/p>\n<p>            12 mai 2025 \u00e0 13h46        <\/p>\n<p>La fum\u00e9e est visible depuis le sud de Paris. Ce lundi 12\u00a0mai 2025, un <a href=\"https:\/\/actu.fr\/tag\/incendie\" rel=\"nofollow noopener\" target=\"_blank\">incendie<\/a> est en cours dans le <a href=\"https:\/\/actu.fr\/ile-de-france\/clamart_92023\/municipales-a-clamart-la-renovation-d-hunebelle-terrain-de-divergences-entre-les-candidats_34491027.html\" rel=\"nofollow noopener\" target=\"_blank\">stade Hunebelle<\/a> \u00e0 <a href=\"https:\/\/actu.fr\/ile-de-france\/clamart_92023\" rel=\"nofollow noopener\" target=\"_blank\">Clamart<\/a> dans les Hauts-de-Seine, a appris actu Paris aupr\u00e8s de la <a href=\"https:\/\/actu.fr\/tag\/brigade-de-sapeurs-pompiers-de-paris\" rel=\"nofollow noopener\" target=\"_blank\">BSPP<\/a>.<\/p>\n<p>Panache de fum\u00e9e noire<\/p>\n<p class=\" wall-content\">D\u2019apr\u00e8s les informations recueillies aupr\u00e8s des sapeurs-pompiers, c\u2019est le toit d\u2019un b\u00e2timent en travaux qui s\u2019est embras\u00e9 ce qui a caus\u00e9 des fum\u00e9es impressionnantes mais l\u2019incendie a \u00e9t\u00e9 rapidement ma\u00eetris\u00e9. Une quarantaine de militaires a \u00e9t\u00e9 d\u00e9ploy\u00e9e. Selon une source polici\u00e8re, la cause serait accidentelle, potentiellement li\u00e9e \u00e0 l\u2019utilisation d\u2019un <strong>chalumeau<\/strong>. Aucun bless\u00e9 n\u2019est \u00e0 d\u00e9plorer.<\/p>\n<p class=\" wall-content\">Sur X, <strong>Jean-Didier Berger<\/strong>, pr\u00e9sident de la majorit\u00e9 municipale de Clamart a donn\u00e9 quelques nouvelles\u2009: \u00ab\u2009Un des toits a \u00e9t\u00e9 touch\u00e9 alors que son \u00e9tanch\u00e9it\u00e9 se terminait. Il n\u2019y a aucun bless\u00e9 et des d\u00e9g\u00e2ts circonscrits dont la nature sera \u00e9valu\u00e9e.\u2009\u00bb<\/p>\n<p class=\" wall-content\">\n<p class=\" wall-content\">Le <strong>panache de fum\u00e9e noire<\/strong> qui s\u2019en d\u00e9gage est impressionnant et a \u00e9t\u00e9 relay\u00e9 sur X par plusieurs personnes. Certains disent avoir entendu plusieurs explosions.<\/p>\n<p class=\" wall-content\">\n<p class=\" wall-content\">\n<p class=\" wall-content\">\n<p class=\" wall-content\">\n<p class=\" wall-content\">\n<p class=\" wall-content\">Les <a href=\"https:\/\/actu.fr\/tag\/pompiers\" rel=\"nofollow noopener\" target=\"_blank\">sapeurs-pompiers<\/a> sont sur place. Plus d\u2019informations \u00e0 venir\u2026<\/p>\n<p>Vid\u00e9os : en ce moment sur Actu<\/p>\n<p class=\" wall-content\">Suivez toute l\u2019actualit\u00e9 de vos villes et m\u00e9dias favoris en vous inscrivant \u00e0 <a href=\"https:\/\/moncompte.actu.fr\" title=\"D\u00e9couvez Mon Actu\" rel=\"nofollow noopener\" data-trk=\"{&quot;cta&quot;:{&quot;action&quot;:&quot;https:\\\/\\\/moncompte.actu.fr&quot;,&quot;category&quot;:&quot;mon compte&quot;,&quot;from&quot;:&quot;article footer&quot;,&quot;name&quot;:&quot;Mon actu&quot;,&quot;type&quot;:&quot;cta&quot;}}\" target=\"_blank\">Mon Actu<\/a>.<\/p>\n","protected":false},"excerpt":{"rendered":"Par Sarah Coulet Publi\u00e9 le 12 mai 2025 \u00e0 13h46 La fum\u00e9e est visible depuis le sud de&hellip;\n","protected":false},"author":2,"featured_media":94270,"comment_status":"","ping_status":"","sticky":false,"template":"","format":"standard","meta":{"footnotes":""},"categories":[1888],"tags":[1111,1928,11,1927,3056,1777,674,118,1011,27,1310,12,1926,626,1925,1311,25],"class_list":{"0":"post-94269","1":"post","2":"type-post","3":"status-publish","4":"format-standard","5":"has-post-thumbnail","7":"category-paris","8":"tag-actu","9":"tag-actu-paris","10":"tag-actualites","11":"tag-actualites-paris","12":"tag-brigade-de-sapeurs-pompiers-de-paris","13":"tag-eu","14":"tag-europe","15":"tag-faits-divers","16":"tag-fr","17":"tag-france","18":"tag-incendie","19":"tag-news","20":"tag-news-paris","21":"tag-paris","22":"tag-paris-news","23":"tag-pompiers","24":"tag-republique-francaise"},"share_on_mastodon":{"url":"https:\/\/pubeurope.com\/@fr\/114494999363586258","error":""},"_links":{"self":[{"href":"https:\/\/www.europesays.com\/fr\/wp-json\/wp\/v2\/posts\/94269","targetHints":{"allow":["GET"]}}],"collection":[{"href":"https:\/\/www.europesays.com\/fr\/wp-json\/wp\/v2\/posts"}],"about":[{"href":"https:\/\/www.europesays.com\/fr\/wp-json\/wp\/v2\/types\/post"}],"author":[{"embeddable":true,"href":"https:\/\/www.europesays.com\/fr\/wp-json\/wp\/v2\/users\/2"}],"replies":[{"embeddable":true,"href":"https:\/\/www.europesays.com\/fr\/wp-json\/wp\/v2\/comments?post=94269"}],"version-history":[{"count":0,"href":"https:\/\/www.europesays.com\/fr\/wp-json\/wp\/v2\/posts\/94269\/revisions"}],"wp:featuredmedia":[{"embeddable":true,"href":"https:\/\/www.europesays.com\/fr\/wp-json\/wp\/v2\/media\/94270"}],"wp:attachment":[{"href":"https:\/\/www.europesays.com\/fr\/wp-json\/wp\/v2\/media?parent=94269"}],"wp:term":[{"taxonomy":"category","embeddable":true,"href":"https:\/\/www.europesays.com\/fr\/wp-json\/wp\/v2\/categories?post=94269"},{"taxonomy":"post_tag","embeddable":true,"href":"https:\/\/www.europesays.com\/fr\/wp-json\/wp\/v2\/tags?post=94269"}],"curies":[{"name":"wp","href":"https:\/\/api.w.org\/{rel}","templated":true}]}}